{"id":1206,"date":"2018-01-17T20:33:53","date_gmt":"2018-01-17T19:33:53","guid":{"rendered":"http:\/\/agatakus.pl\/?p=1206"},"modified":"2018-10-30T14:07:04","modified_gmt":"2018-10-30T13:07:04","slug":"peleas-i-melizanda-wystawa-obrazow-agaty-kus-w-tetrze-wielkim-operze-narodowej-w-warszawie","status":"publish","type":"post","link":"https:\/\/agatakus.pl\/?p=1206","title":{"rendered":"&#8222;Peleas i Melizanda&#8221;- Wystawa obraz\u00f3w Agaty Kus w Tetrze Wielkim &#8211; Operze Narodowej w Warszawie &#8211; do 22 kwietnia."},"content":{"rendered":"<p>Malarka Agata Kus zainspirowana tekstem Maurice&#8217;a Maeterlincka, muzyk\u0105 Claude&#8217;a Debussy&#8217;ego i przedstawieniem Katie Mitchell, na zam\u00f3wienie Teatru Wielkiego &#8211; Opery Narodowej stworzy\u0142a autorsk\u0105, malarsk\u0105 wersj\u0119 \u201ePeleasa i Melizandy&#8221;. Obrazy b\u0119dzie mo\u017cna ogl\u0105da\u0107 w holu kasowym do 22 kwietnia! Wst\u0119p wolny!<\/p>\n<p>poniedzia\u0142ek-pi\u0105tek w godz. 9:00-19:00<br \/>\nsobota i niedziela w godz. 11:00-19:00<\/p>\n<div class=\"text \">\n<p>Peleas I Melizanda w Operze Narodowej<\/p>\n<div id=\"attachment_1208\" style=\"width: 1034px\" class=\"wp-caption aligncenter\"><img loading=\"lazy\" decoding=\"async\" aria-describedby=\"caption-attachment-1208\" class=\"size-large wp-image-1208\" src=\"https:\/\/agatakus.pl\/wp-content\/uploads\/2018\/01\/03-1024x722.jpg\" alt=\"\" width=\"1024\" height=\"722\" srcset=\"https:\/\/agatakus.pl\/wp-content\/uploads\/2018\/01\/03-1024x722.jpg 1024w, https:\/\/agatakus.pl\/wp-content\/uploads\/2018\/01\/03-300x211.jpg 300w\" sizes=\"auto, (max-width: 1024px) 100vw, 1024px\" \/><p id=\"caption-attachment-1208\" class=\"wp-caption-text\">Agata Kus, \u201eI Didn\u2019t Mean To&#8221;, 2017, olej na p\u0142\u00f3tnie, 100 x 140 cm<\/p><\/div>\n<p>&nbsp;<\/p>\n<p>&nbsp;<\/p>\n<p><iframe loading=\"lazy\" src=\"https:\/\/www.youtube.com\/embed\/N2YucuY8r7g\" width=\"560\" height=\"315\" frameborder=\"0\" allowfullscreen=\"allowfullscreen\"><\/iframe><br \/>\nDramat muzyczny w\u00a0pi\u0119ciu aktach (dwunastu obrazach)<br \/>\nLibretto: Maurice Maeterlinck<br \/>\nPrapremiera: 30.04.1902, Pary\u017c<br \/>\nKoprodukcja: Festival d\u2019Aix-en-Provence<br \/>\nOryginalna francuska wersja j\u0119zykowa z\u00a0polskimi napisami<\/p>\n<p>Spektakl przeznaczony dla widz\u00f3w doros\u0142ych<\/p>\n<\/div>\n<div class=\"text \">\n<p>\u201eA czer\u0144, E\u00a0biel, I\u00a0czerwie\u0144, U\u00a0ziele\u0144, O\u00a0b\u0142\u0119kity, \/ Tajony wasz rodow\u00f3d kt\u00f3rego\u015b dnia ustal\u0119\u201d \u2013 pisa\u0142 Artur Rimbaud w\u00a0sonecie\u00a0<em>Samog\u0142oski<\/em>. Poezja symbolist\u00f3w i\u00a0malarstwo impresjonistyczne wp\u0142yn\u0119\u0142y silnie na\u00a0tw\u00f3rczo\u015b\u0107 Claude\u2019a Debussy\u2019ego. \u201eO przeniesieniu na\u00a0muzyk\u0119 Debussy\u2019ego poj\u0119cia z\u00a0malarstwa \u2013 jak pisze muzykolog Danuta Gwizdalanka \u2013 zadecydowa\u0142o jej oryginalne, nieznane wcze\u015bniej brzmienie, chcia\u0142oby si\u0119 rzec \u2013 pastelowe i\u00a0czyste jak kolory na\u00a0obrazach impresjonist\u00f3w\u201d. Opera\u00a0<em>Peleas i\u00a0Melizanda<\/em>\u00a0\u0142\u0105czy subtelno\u015b\u0107 d\u017awi\u0119k\u00f3w i\u00a0symbolistyczn\u0105, oniryczn\u0105 opowie\u015b\u0107 pi\u00f3ra noblisty Maeterlincka. Na\u00a0tym, \u017ceby zachowa\u0107 atmosfer\u0119 tej opowie\u015bci, \u017ceby odda\u0107 jako\u015b\u0107 d\u017awi\u0119ku zale\u017ca\u0142o re\u017cyserce tej realizacji \u2013 Katie Mitchell. Jest ona artystk\u0105 wszechstronn\u0105, tylko w\u00a0przeci\u0105gu ostatnich lat wyre\u017cyserowa\u0142a\u00a0<em>Written on\u00a0Skin<\/em>\u00a0George\u2019a Benjamina,\u00a0<em>Le vin herb\u00e9<\/em>\u00a0Franka Martina,\u00a0<em>Alcin\u0119<\/em>\u00a0H\u00e4ndla,\u00a0<em>Oczyszczonych\u00a0<\/em>Sary Kane i<em>\u0141ucj\u0119 z\u00a0Lammermooru<\/em>\u00a0Donizettiego. Jej inscenizacja to\u00a0przede wszystkim opowie\u015b\u0107 o\u00a0kim\u015b \u201eobcym\u201d. Tak wyobcowana jest g\u0142\u00f3wna bohaterka \u2013 Melizanda, kobieta z\u00a0tajemnic\u0105 niemo\u017cliw\u0105 do\u00a0odkrycia, kt\u00f3ra zmienia \u017cycie tych, kt\u00f3rych spotyka na\u00a0swej drodze. Mitchell maluje na\u00a0scenie \u2013 d\u017awi\u0119kiem, ruchem, obrazem, gestem, milczeniem \u2013 hiperrealistyczny sen: wszystko, co\u00a0dzieje na\u00a0scenie \u2013 dzieje si\u0119 w\u00a0g\u0142owie \u015bni\u0105cej Melizandy. A\u00a0pi\u0119kno tych obraz\u00f3w i\u00a0d\u017awi\u0119k\u00f3w jest tak wielkie, \u017ce nie chcemy si\u0119 budzi\u0107.<\/p>\n<div id='gallery-1' class='gallery galleryid-1206 gallery-columns-3 gallery-size-thumbnail'><dl class='gallery-item'>\n\t\t\t<dt class='gallery-icon landscape'>\n\t\t\t\t<a href='https:\/\/agatakus.pl\/?attachment_id=1219'><img loading=\"lazy\" decoding=\"async\" width=\"400\" height=\"400\" src=\"https:\/\/agatakus.pl\/wp-content\/uploads\/2018\/01\/07-400x400.jpg\" class=\"attachment-thumbnail size-thumbnail\" alt=\"\" aria-describedby=\"gallery-1-1219\" \/><\/a>\n\t\t\t<\/dt>\n\t\t\t\t<dd class='wp-caption-text gallery-caption' id='gallery-1-1219'>\n\t\t\t\tSplendor, olej na p\u0142\u00f3tnie, 20 x 25 cm, 2017\n\t\t\t\t<\/dd><\/dl><dl class='gallery-item'>\n\t\t\t<dt class='gallery-icon landscape'>\n\t\t\t\t<a href='https:\/\/agatakus.pl\/?attachment_id=1218'><img loading=\"lazy\" decoding=\"async\" width=\"400\" height=\"400\" src=\"https:\/\/agatakus.pl\/wp-content\/uploads\/2018\/01\/06-400x400.jpg\" class=\"attachment-thumbnail size-thumbnail\" alt=\"\" aria-describedby=\"gallery-1-1218\" srcset=\"https:\/\/agatakus.pl\/wp-content\/uploads\/2018\/01\/06-400x400.jpg 400w, https:\/\/agatakus.pl\/wp-content\/uploads\/2018\/01\/06-300x300.jpg 300w, https:\/\/agatakus.pl\/wp-content\/uploads\/2018\/01\/06-1024x1021.jpg 1024w\" sizes=\"auto, (max-width: 400px) 100vw, 400px\" \/><\/a>\n\t\t\t<\/dt>\n\t\t\t\t<dd class='wp-caption-text gallery-caption' id='gallery-1-1218'>\n\t\t\t\tWe So Much Need Beauty When We Are Close To Death z cyklu Peleas i Melizandra, olej na p\u0142\u00f3tnie, 90 x 90 cm, 2017\n\t\t\t\t<\/dd><\/dl><dl class='gallery-item'>\n\t\t\t<dt class='gallery-icon landscape'>\n\t\t\t\t<a href='https:\/\/agatakus.pl\/?attachment_id=1217'><img loading=\"lazy\" decoding=\"async\" width=\"400\" height=\"400\" src=\"https:\/\/agatakus.pl\/wp-content\/uploads\/2018\/01\/05-400x400.jpg\" class=\"attachment-thumbnail size-thumbnail\" alt=\"\" aria-describedby=\"gallery-1-1217\" \/><\/a>\n\t\t\t<\/dt>\n\t\t\t\t<dd class='wp-caption-text gallery-caption' id='gallery-1-1217'>\n\t\t\t\tLost z cyklu Peleas i Melizanda, olej na p\u0142\u00f3tnie, 160 x 180 cm, 2017\n\t\t\t\t<\/dd><\/dl><br style=\"clear: both\" \/><dl class='gallery-item'>\n\t\t\t<dt class='gallery-icon landscape'>\n\t\t\t\t<a href='https:\/\/agatakus.pl\/?attachment_id=1216'><img loading=\"lazy\" decoding=\"async\" width=\"400\" height=\"400\" src=\"https:\/\/agatakus.pl\/wp-content\/uploads\/2018\/01\/04-400x400.jpg\" class=\"attachment-thumbnail size-thumbnail\" alt=\"\" aria-describedby=\"gallery-1-1216\" \/><\/a>\n\t\t\t<\/dt>\n\t\t\t\t<dd class='wp-caption-text gallery-caption' id='gallery-1-1216'>\n\t\t\t\tI\u2019m Saing Something Very Simple I\u2019m Saing Something Very Simple, olej na p\u0142\u00f3tnie, 140 x 180 cm, 2017, olej na p\u0142\u00f3tnie, 140 x 180 cm, 2017\n\t\t\t\t<\/dd><\/dl><dl class='gallery-item'>\n\t\t\t<dt class='gallery-icon landscape'>\n\t\t\t\t<a href='https:\/\/agatakus.pl\/?attachment_id=1215'><img loading=\"lazy\" decoding=\"async\" width=\"400\" height=\"400\" src=\"https:\/\/agatakus.pl\/wp-content\/uploads\/2018\/01\/03-1-400x400.jpg\" class=\"attachment-thumbnail size-thumbnail\" alt=\"\" aria-describedby=\"gallery-1-1215\" \/><\/a>\n\t\t\t<\/dt>\n\t\t\t\t<dd class='wp-caption-text gallery-caption' id='gallery-1-1215'>\n\t\t\t\tI Didn\u2019t Mean To, olej na p\u0142\u00f3tnie, 140 x 180 cm, 2017, olej na p\u0142\u00f3tnie, 100 x 140 cm, 2017\n\t\t\t\t<\/dd><\/dl><dl class='gallery-item'>\n\t\t\t<dt class='gallery-icon portrait'>\n\t\t\t\t<a href='https:\/\/agatakus.pl\/?attachment_id=1214'><img loading=\"lazy\" decoding=\"async\" width=\"400\" height=\"400\" src=\"https:\/\/agatakus.pl\/wp-content\/uploads\/2018\/01\/01-400x400.jpg\" class=\"attachment-thumbnail size-thumbnail\" alt=\"\" aria-describedby=\"gallery-1-1214\" \/><\/a>\n\t\t\t<\/dt>\n\t\t\t\t<dd class='wp-caption-text gallery-caption' id='gallery-1-1214'>\n\t\t\t\tGrupa Peleasa z cyklu Peleas i Melizandra, olej na p\u0142\u00f3tnie, 200 x 140 cm, 2018 \n\t\t\t\t<\/dd><\/dl><br style=\"clear: both\" \/>\n\t\t<\/div>\n\n<\/div>\n","protected":false},"excerpt":{"rendered":"<p>Malarka Agata Kus zainspirowana tekstem Maurice&#8217;a Maeterlincka, muzyk\u0105 Claude&#8217;a Debussy&#8217;ego i przedstawieniem Katie Mitchell, na zam\u00f3wienie&hellip;<\/p>\n","protected":false},"author":1,"featured_media":1213,"comment_status":"closed","ping_status":"open","sticky":false,"template":"","format":"standard","meta":{"footnotes":""},"categories":[1,6,8,14],"tags":[],"class_list":["post-1206","post","type-post","status-publish","format-standard","has-post-thumbnail","hentry","category-bez-kategorii","category-events","category-news","category-publications"],"_links":{"self":[{"href":"https:\/\/agatakus.pl\/index.php?rest_route=\/wp\/v2\/posts\/1206","targetHints":{"allow":["GET"]}}],"collection":[{"href":"https:\/\/agatakus.pl\/index.php?rest_route=\/wp\/v2\/posts"}],"about":[{"href":"https:\/\/agatakus.pl\/index.php?rest_route=\/wp\/v2\/types\/post"}],"author":[{"embeddable":true,"href":"https:\/\/agatakus.pl\/index.php?rest_route=\/wp\/v2\/users\/1"}],"replies":[{"embeddable":true,"href":"https:\/\/agatakus.pl\/index.php?rest_route=%2Fwp%2Fv2%2Fcomments&post=1206"}],"version-history":[{"count":6,"href":"https:\/\/agatakus.pl\/index.php?rest_route=\/wp\/v2\/posts\/1206\/revisions"}],"predecessor-version":[{"id":1416,"href":"https:\/\/agatakus.pl\/index.php?rest_route=\/wp\/v2\/posts\/1206\/revisions\/1416"}],"wp:featuredmedia":[{"embeddable":true,"href":"https:\/\/agatakus.pl\/index.php?rest_route=\/wp\/v2\/media\/1213"}],"wp:attachment":[{"href":"https:\/\/agatakus.pl\/index.php?rest_route=%2Fwp%2Fv2%2Fmedia&parent=1206"}],"wp:term":[{"taxonomy":"category","embeddable":true,"href":"https:\/\/agatakus.pl\/index.php?rest_route=%2Fwp%2Fv2%2Fcategories&post=1206"},{"taxonomy":"post_tag","embeddable":true,"href":"https:\/\/agatakus.pl\/index.php?rest_route=%2Fwp%2Fv2%2Ftags&post=1206"}],"curies":[{"name":"wp","href":"https:\/\/api.w.org\/{rel}","templated":true}]}}