{"id":127,"date":"2015-05-01T01:45:49","date_gmt":"2015-04-30T23:45:49","guid":{"rendered":"http:\/\/agatakus.pl\/?p=127"},"modified":"2015-11-20T01:57:03","modified_gmt":"2015-11-20T00:57:03","slug":"obrazy-w-kolekcji-mocaku","status":"publish","type":"post","link":"https:\/\/agatakus.pl\/?p=127","title":{"rendered":"Obrazy w kolekcji MOCAKu."},"content":{"rendered":"<p>Obrazy Agaty Kus <em>Cultura<\/em> oraz Children <em>Of The Revolution<\/em> trafi\u0142y do kolekcji Muzeum Sztuki Wsp\u00f3\u0142czesnej w Krakowie.<\/p>\n<p>HTTPS:\/\/MOCAK.PL\/AGATA-KUS<\/p>\n<p><a href=\"http:\/\/agatakus.pl\/wp-content\/uploads\/2015\/11\/cae8f45f64_large.jpg\"><img loading=\"lazy\" decoding=\"async\" class=\"alignnone wp-image-128 size-full\" src=\"https:\/\/agatakus.pl\/wp-content\/uploads\/2015\/11\/cae8f45f64_large.jpg\" alt=\"cae8f45f64_large\" width=\"900\" height=\"901\" srcset=\"https:\/\/agatakus.pl\/wp-content\/uploads\/2015\/11\/cae8f45f64_large.jpg 900w, https:\/\/agatakus.pl\/wp-content\/uploads\/2015\/11\/cae8f45f64_large-150x150.jpg 150w, https:\/\/agatakus.pl\/wp-content\/uploads\/2015\/11\/cae8f45f64_large-300x300.jpg 300w\" sizes=\"auto, (max-width: 900px) 100vw, 900px\" \/><\/a><\/p>\n<h1>Cultura<\/h1>\n<div class=\"artist\">Artysta: <a href=\"https:\/\/mocak.pl\/agata-kus\">Agata Kus<\/a><\/div>\n<div class=\"technique\">Technika: olej, p\u0142\u00f3tno<\/div>\n<div class=\"measurement\">Wymiary: 150 x 150 cm<\/div>\n<div class=\"year\">Rok powstania: 2013<\/div>\n<div class=\"year\"><\/div>\n<div class=\"year\"><a href=\"http:\/\/agatakus.pl\/wp-content\/uploads\/2015\/11\/7745619cf2_large.jpg\"><img loading=\"lazy\" decoding=\"async\" class=\"alignnone wp-image-129 size-full\" src=\"https:\/\/agatakus.pl\/wp-content\/uploads\/2015\/11\/7745619cf2_large.jpg\" alt=\"7745619cf2_large\" width=\"900\" height=\"623\" srcset=\"https:\/\/agatakus.pl\/wp-content\/uploads\/2015\/11\/7745619cf2_large.jpg 900w, https:\/\/agatakus.pl\/wp-content\/uploads\/2015\/11\/7745619cf2_large-300x208.jpg 300w\" sizes=\"auto, (max-width: 900px) 100vw, 900px\" \/><\/a><\/div>\n<h1>Children of the Revolution<\/h1>\n<div class=\"artist\">Artysta: <a href=\"https:\/\/mocak.pl\/agata-kus\">Agata Kus<\/a><\/div>\n<div class=\"technique\">Technika: olej, p\u0142\u00f3tno<\/div>\n<div class=\"measurement\">Wymiary: 140 x 200 cm<\/div>\n<div class=\"year\">Rok powstania: 2013<\/div>\n","protected":false},"excerpt":{"rendered":"<p>Obrazy Agaty Kus Cultura oraz Children Of The Revolution trafi\u0142y do kolekcji Muzeum Sztuki Wsp\u00f3\u0142czesnej w&hellip;<\/p>\n","protected":false},"author":1,"featured_media":132,"comment_status":"closed","ping_status":"open","sticky":false,"template":"","format":"standard","meta":{"footnotes":""},"categories":[6,8],"tags":[],"class_list":["post-127","post","type-post","status-publish","format-standard","has-post-thumbnail","hentry","category-events","category-news"],"_links":{"self":[{"href":"https:\/\/agatakus.pl\/index.php?rest_route=\/wp\/v2\/posts\/127","targetHints":{"allow":["GET"]}}],"collection":[{"href":"https:\/\/agatakus.pl\/index.php?rest_route=\/wp\/v2\/posts"}],"about":[{"href":"https:\/\/agatakus.pl\/index.php?rest_route=\/wp\/v2\/types\/post"}],"author":[{"embeddable":true,"href":"https:\/\/agatakus.pl\/index.php?rest_route=\/wp\/v2\/users\/1"}],"replies":[{"embeddable":true,"href":"https:\/\/agatakus.pl\/index.php?rest_route=%2Fwp%2Fv2%2Fcomments&post=127"}],"version-history":[{"count":4,"href":"https:\/\/agatakus.pl\/index.php?rest_route=\/wp\/v2\/posts\/127\/revisions"}],"predecessor-version":[{"id":135,"href":"https:\/\/agatakus.pl\/index.php?rest_route=\/wp\/v2\/posts\/127\/revisions\/135"}],"wp:featuredmedia":[{"embeddable":true,"href":"https:\/\/agatakus.pl\/index.php?rest_route=\/wp\/v2\/media\/132"}],"wp:attachment":[{"href":"https:\/\/agatakus.pl\/index.php?rest_route=%2Fwp%2Fv2%2Fmedia&parent=127"}],"wp:term":[{"taxonomy":"category","embeddable":true,"href":"https:\/\/agatakus.pl\/index.php?rest_route=%2Fwp%2Fv2%2Fcategories&post=127"},{"taxonomy":"post_tag","embeddable":true,"href":"https:\/\/agatakus.pl\/index.php?rest_route=%2Fwp%2Fv2%2Ftags&post=127"}],"curies":[{"name":"wp","href":"https:\/\/api.w.org\/{rel}","templated":true}]}}