{"id":1297,"date":"2018-04-15T15:51:21","date_gmt":"2018-04-15T13:51:21","guid":{"rendered":"http:\/\/agatakus.pl\/?p=1297"},"modified":"2018-04-15T15:51:29","modified_gmt":"2018-04-15T13:51:29","slug":"przemiany-marta-deskur-agata-kus-malgorzata-markiewicz-aldona-mickiewicz-alicja-zebrowska","status":"publish","type":"post","link":"https:\/\/agatakus.pl\/?p=1297","title":{"rendered":"PRZEMIANY Marta Deskur, Agata Kus, Ma\u0142gorzata Markiewicz, Aldona Mickiewicz, Alicja \u017bebrowska"},"content":{"rendered":"<p>\u201eTwarz pozosta\u0142a, jak dowodz\u0105 portrety, niemal taka sama. Jego pami\u0119\u0107 cofa\u0142a si\u0119 przez wszystkie okoliczno\u015bci z dawnego \u017cycia, nie napotykaj\u0105c \u017cadnej przeszkody. Dostrzega\u0142 pewn\u0105 mglisto\u015b\u0107, jakby do przejrzystej sadzawki pami\u0119ci wpad\u0142o kilka ciemnych kropel; pewne wydarzenia nieco si\u0119 przy\u0107mi\u0142y, ale to wszystko. Przemiana odby\u0142a si\u0119 bezbole\u015bnie, ca\u0142kowicie i nie wzbudzi\u0142a w Orlandzie \u017cadnego zadziwienia.\u201d<\/p>\n<p>\/Virginia Woolf, &#8222;Orlando&#8221;, 1928\/<\/p>\n<p>Artystki: Marta Deskur, Agata Kus, Ma\u0142gorzata Markiewicz, Aldona Mickiewicz, Alicja \u017bebrowska<br \/>\nKuratorka: Katarzyna Mierzwi\u0144ska<\/p>\n<p>Tegoroczna wystawa prezentowana w ramach Cracow Gallery Weekend KRAKERS po\u015bwi\u0119cona b\u0119dzie relacjom pomi\u0119dzy zjawiskami przemian. Wzajemne zale\u017cno\u015b<span class=\"text_exposed_show\">ci ukazane b\u0119d\u0105 przez pryzmat tw\u00f3rczo\u015bci polskich artystek wsp\u00f3\u0142czesnych. G\u0142\u00f3wn\u0105 o\u015b narracyjn\u0105 wystawy stanowi pokazanie grupy zjawisk silnie na siebie oddzia\u0142uj\u0105cych, umocowanych w licznych kontekstach \u2013 od intymnego i spo\u0142ecznego, poprzez literacki i historyczny. Celem wystawy, kt\u00f3ra odb\u0119dzie si\u0119 w Art Agenda Nova, jest zobrazowanie mnogo\u015bci mo\u017cliwych znacze\u0144 i interpretacji oraz ich wzajemnych powi\u0105za\u0144.<\/span><\/p>\n<p>Wernisa\u017c wystawy: 22.04.2018, g. 20:00<br \/>\nGodziny otwarcia: po 22.04 wystawa czynna od poniedzia\u0142ku do pi\u0105tku w godzinach 9-17<\/p>\n<p>***<br \/>\n\u201eTheir faces remained, as their portraits prove, practically the same. His memory &#8211; her memory then, went back through all the events of her past life without encountering any obstacle. Some slight haziness there may have been, as if a few dark drops had fallen into the clear pool of memory; certain things had become a little dimmed; but that was all. The change seemed to have been accomplished painlessly and completely and in such a way that Orlando herself showed no surprise at it.\u201d<\/p>\n<p>\/Virginia Woolf &#8222;Orlando&#8221;, 1928\/<\/p>\n<p>Artists: Marta Deskur, Agata Kus, Ma\u0142gorzata Markiewicz, Aldona Mickiewicz, Alicja \u017bebrowska<br \/>\nCurator: Katarzyna Mierzwi\u0144ska<\/p>\n<p>This year\u2019s exhibition presented during Cracow Gallery Weekend Krakers will be devoted to the relations between the phenomena of transformation. The interdependencies will be shown through the works of Polish contemporary artists. The main narrative of the exhibition will revolve around a group of strongly interacting phenomena, anchored in a number of contexts \u2013 from intimate and social to literary and historical. The aim of the exhibition which will take place in Art Agenda Nova is to illustrate the multiplicity of possible meanings and interpretations as well as the mutual connections between them.<\/p>\n<p>Opening: 22.04.2018, 8.00 p.m<br \/>\nOpening hours: after 22.04 the exhibition is opened from Monday to Friday, from 9 a.m to 5 p.m<\/p>\n<p><img loading=\"lazy\" decoding=\"async\" class=\"aligncenter size-full wp-image-1298\" src=\"https:\/\/agatakus.pl\/wp-content\/uploads\/2018\/04\/23519378_1344852175625526_146007041616130143_n.png\" alt=\"\" width=\"960\" height=\"960\" srcset=\"https:\/\/agatakus.pl\/wp-content\/uploads\/2018\/04\/23519378_1344852175625526_146007041616130143_n.png 960w, https:\/\/agatakus.pl\/wp-content\/uploads\/2018\/04\/23519378_1344852175625526_146007041616130143_n-400x400.png 400w, https:\/\/agatakus.pl\/wp-content\/uploads\/2018\/04\/23519378_1344852175625526_146007041616130143_n-300x300.png 300w\" sizes=\"auto, (max-width: 960px) 100vw, 960px\" \/><\/p>\n","protected":false},"excerpt":{"rendered":"<p>\u201eTwarz pozosta\u0142a, jak dowodz\u0105 portrety, niemal taka sama. Jego pami\u0119\u0107 cofa\u0142a si\u0119 przez wszystkie okoliczno\u015bci z&hellip;<\/p>\n","protected":false},"author":1,"featured_media":1299,"comment_status":"closed","ping_status":"open","sticky":false,"template":"","format":"standard","meta":{"footnotes":""},"categories":[1,6,8],"tags":[],"class_list":["post-1297","post","type-post","status-publish","format-standard","has-post-thumbnail","hentry","category-bez-kategorii","category-events","category-news"],"_links":{"self":[{"href":"https:\/\/agatakus.pl\/index.php?rest_route=\/wp\/v2\/posts\/1297","targetHints":{"allow":["GET"]}}],"collection":[{"href":"https:\/\/agatakus.pl\/index.php?rest_route=\/wp\/v2\/posts"}],"about":[{"href":"https:\/\/agatakus.pl\/index.php?rest_route=\/wp\/v2\/types\/post"}],"author":[{"embeddable":true,"href":"https:\/\/agatakus.pl\/index.php?rest_route=\/wp\/v2\/users\/1"}],"replies":[{"embeddable":true,"href":"https:\/\/agatakus.pl\/index.php?rest_route=%2Fwp%2Fv2%2Fcomments&post=1297"}],"version-history":[{"count":2,"href":"https:\/\/agatakus.pl\/index.php?rest_route=\/wp\/v2\/posts\/1297\/revisions"}],"predecessor-version":[{"id":1301,"href":"https:\/\/agatakus.pl\/index.php?rest_route=\/wp\/v2\/posts\/1297\/revisions\/1301"}],"wp:featuredmedia":[{"embeddable":true,"href":"https:\/\/agatakus.pl\/index.php?rest_route=\/wp\/v2\/media\/1299"}],"wp:attachment":[{"href":"https:\/\/agatakus.pl\/index.php?rest_route=%2Fwp%2Fv2%2Fmedia&parent=1297"}],"wp:term":[{"taxonomy":"category","embeddable":true,"href":"https:\/\/agatakus.pl\/index.php?rest_route=%2Fwp%2Fv2%2Fcategories&post=1297"},{"taxonomy":"post_tag","embeddable":true,"href":"https:\/\/agatakus.pl\/index.php?rest_route=%2Fwp%2Fv2%2Ftags&post=1297"}],"curies":[{"name":"wp","href":"https:\/\/api.w.org\/{rel}","templated":true}]}}