{"id":1342,"date":"2018-09-13T13:20:41","date_gmt":"2018-09-13T11:20:41","guid":{"rendered":"http:\/\/agatakus.pl\/?p=1342"},"modified":"2018-09-13T13:58:51","modified_gmt":"2018-09-13T11:58:51","slug":"1342","status":"publish","type":"post","link":"https:\/\/agatakus.pl\/?p=1342","title":{"rendered":"WGW 2018 &#8211; PALNY WOD\u00d3R"},"content":{"rendered":"<div><\/div>\n<div>WARSAW GALLERY WEEKEND 2018<\/div>\n<div>PALNY WOD\u00d3R- Agata Kus<\/div>\n<div>Malarstwo, ceramika.<\/div>\n<div>Galeria Wizytuj\u0105ca<\/div>\n<div>ul. Grzybowska 88, 00-840 Warszawa<\/div>\n<div><\/div>\n<div><\/div>\n<div><\/div>\n<div>Wystawa odb\u0119dzie si\u0119 w ramach Warsaw Gallery Weekend 2018<\/div>\n<div>\n<p>wernisa\u017c : pi\u0105tek 21.09.2018 od godz. 17.00 do 21.00<br \/>\npodczas WGW 2018 : sobota, 22-23 .09.2018-od 12.00 do 19.00<br \/>\nwystawa potrwa do 30 pa\u017adziernika 2018<\/p>\n<p>&nbsp;<\/p>\n<p>Palny Wod\u00f3r.<\/p>\n<p>Metoda \u0142\u0105czenia ze sob\u0105 intuicyjnie dobieranych rozmaitych element\u00f3w dzie\u0142a w ten spos\u00f3b, by stworzy\u0142y sp\u00f3jn\u0105 ca\u0142o\u015b\u0107, poprzez swe dzia\u0142anie estetyczne zwraca nasz\u0105 uwag\u0119 na kilka interesuj\u0105cych cech rzeczywisto\u015bci \u2013 r\u00f3wnie\u017c rzeczywisto\u015bci spo\u0142ecznej.\u2028 Po pierwsze zdaje spraw\u0119 z emergentnego charakteru system\u00f3w, zgodnie z kt\u00f3rym dodanie do siebie poszczeg\u00f3lnych sk\u0142adnik\u00f3w niekoniecznie tworzy ich sum\u0119, ale mo\u017ce wy\u0142oni\u0107 formy nowe jako\u015bciowo. \u0141atwo to zjawisko zrozumie\u0107 na przyk\u0142adzie zwi\u0105zk\u00f3w chemicznych, maj\u0105cych zupe\u0142nie inne w\u0142a\u015bciwo\u015bci ni\u017c pierwiastki, z kt\u00f3rych s\u0105 zbudowane.\u2028 Obraz z\u0142o\u017cony z cytat\u00f3w z wielu r\u00f3\u017cnych fragment\u00f3w rzeczywisto\u015bci, kreuje natomiast unikatowy kola\u017c znaczeniowy i estetyczny, nieredukowalny jako ca\u0142o\u015b\u0107 do cech swoich cz\u0119\u015bci sk\u0142adowych. \u2028Po drugie, intuicyjno\u015b\u0107 doboru tre\u015bci, poprzez dopuszczenie do sfery kompozycji aspektu nieintencjonalno\u015bci, w wyniku bazowania na materiale znalezionym, k\u0142adzie nacisk na ide\u0119 \u0142adu samorzutnego albo inaczej spontanicznego. Zwraca bowiem uwag\u0119 na specyficzny porz\u0105dek oparty na katalaksji, a wi\u0119c swobodnej wymianie \u2013 w tym przypadku kontekstualno-semantycznej \u2013 pomi\u0119dzy uczestnikami danego systemu. Mo\u017cna powiedzie\u0107, \u017ce ka\u017cdy z element\u00f3w uk\u0142adanki niesie ze sob\u0105 pewien baga\u017c znaczeniowy, zwi\u0105zany ze szczeg\u00f3lnymi okoliczno\u015bciami miejsca i czasu, tak jak ka\u017cdy uczestnik spo\u0142ecze\u0144stwa posiada specyficzn\u0105 dla siebie cz\u0105stkow\u0105 wiedz\u0119. Je\u015bli zatem porzucamy odg\u00f3rn\u0105 i despotyczn\u0105 precyzj\u0119 aran\u017cacyjn\u0105 i dopuszczamy, by poszczeg\u00f3lne komponenty pozostawa\u0142y ze sob\u0105 w pozornie lu\u017anym zwi\u0105zku, tworz\u0105c jednak przy tym struktury ekologicznie racjonalne, to tym samym k\u0142adziemy nacisk na efektywno\u015b\u0107 swobodnego dzia\u0142ania i umacniamy status element\u00f3w tej struktury, kt\u00f3rej jedynym koniecznym do spe\u0142nienia re\u017cimem jest rama obrazu.<\/p>\n<p>Micha\u0142 Dymny<\/p>\n<p>&nbsp;<\/p>\n<p>&nbsp;<\/p>\n<p><a href=\"https:\/\/www.facebook.com\/events\/318092685630426\/\" target=\"_blank\" rel=\"noopener\">https:\/\/www.facebook.com\/events\/318092685630426\/<\/a><\/p>\n<p>&nbsp;<\/p>\n<div id=\"attachment_1305\" style=\"width: 1034px\" class=\"wp-caption aligncenter\"><img loading=\"lazy\" decoding=\"async\" aria-describedby=\"caption-attachment-1305\" class=\"size-large wp-image-1305\" src=\"https:\/\/agatakus.pl\/wp-content\/uploads\/2018\/06\/First_cold_jpg-1024x910.jpg\" alt=\"\" width=\"1024\" height=\"910\" srcset=\"https:\/\/agatakus.pl\/wp-content\/uploads\/2018\/06\/First_cold_jpg-1024x910.jpg 1024w, https:\/\/agatakus.pl\/wp-content\/uploads\/2018\/06\/First_cold_jpg-300x267.jpg 300w\" sizes=\"auto, (max-width: 1024px) 100vw, 1024px\" \/><p id=\"caption-attachment-1305\" class=\"wp-caption-text\">FIRST COLD \/ oil on canvas\/ 160 x 180 cm \/2018<\/p><\/div>\n<p>&nbsp;<\/p>\n<\/div>\n","protected":false},"excerpt":{"rendered":"<p>WARSAW GALLERY WEEKEND 2018 PALNY WOD\u00d3R- Agata Kus Malarstwo, ceramika. Galeria Wizytuj\u0105ca ul. Grzybowska 88, 00-840&hellip;<\/p>\n","protected":false},"author":1,"featured_media":1349,"comment_status":"closed","ping_status":"open","sticky":false,"template":"","format":"standard","meta":{"footnotes":""},"categories":[1,6,8],"tags":[],"class_list":["post-1342","post","type-post","status-publish","format-standard","has-post-thumbnail","hentry","category-bez-kategorii","category-events","category-news"],"_links":{"self":[{"href":"https:\/\/agatakus.pl\/index.php?rest_route=\/wp\/v2\/posts\/1342","targetHints":{"allow":["GET"]}}],"collection":[{"href":"https:\/\/agatakus.pl\/index.php?rest_route=\/wp\/v2\/posts"}],"about":[{"href":"https:\/\/agatakus.pl\/index.php?rest_route=\/wp\/v2\/types\/post"}],"author":[{"embeddable":true,"href":"https:\/\/agatakus.pl\/index.php?rest_route=\/wp\/v2\/users\/1"}],"replies":[{"embeddable":true,"href":"https:\/\/agatakus.pl\/index.php?rest_route=%2Fwp%2Fv2%2Fcomments&post=1342"}],"version-history":[{"count":4,"href":"https:\/\/agatakus.pl\/index.php?rest_route=\/wp\/v2\/posts\/1342\/revisions"}],"predecessor-version":[{"id":1346,"href":"https:\/\/agatakus.pl\/index.php?rest_route=\/wp\/v2\/posts\/1342\/revisions\/1346"}],"wp:featuredmedia":[{"embeddable":true,"href":"https:\/\/agatakus.pl\/index.php?rest_route=\/wp\/v2\/media\/1349"}],"wp:attachment":[{"href":"https:\/\/agatakus.pl\/index.php?rest_route=%2Fwp%2Fv2%2Fmedia&parent=1342"}],"wp:term":[{"taxonomy":"category","embeddable":true,"href":"https:\/\/agatakus.pl\/index.php?rest_route=%2Fwp%2Fv2%2Fcategories&post=1342"},{"taxonomy":"post_tag","embeddable":true,"href":"https:\/\/agatakus.pl\/index.php?rest_route=%2Fwp%2Fv2%2Ftags&post=1342"}],"curies":[{"name":"wp","href":"https:\/\/api.w.org\/{rel}","templated":true}]}}