{"id":1424,"date":"2018-12-19T17:11:06","date_gmt":"2018-12-19T16:11:06","guid":{"rendered":"http:\/\/agatakus.pl\/?p=1424"},"modified":"2018-12-19T17:46:40","modified_gmt":"2018-12-19T16:46:40","slug":"z-kolan-polska-to-marzenie","status":"publish","type":"post","link":"https:\/\/agatakus.pl\/?p=1424","title":{"rendered":"Z KOLAN. POLSKA TO MARZENIE."},"content":{"rendered":"<p>Artystki i arty\u015bci:<br \/>\nAlicja Bia\u0142a<br \/>\nKarolina Jab\u0142o\u0144ska<br \/>\nBogumi\u0142 Ksi\u0105\u017cek<br \/>\nAgata Kus<br \/>\nCecylia Malik<br \/>\nKarol Palczak<br \/>\n\u0141ukasz Patelczyk<br \/>\nAdam Rzepecki<br \/>\nTomasz Vetulani<\/p>\n<p>Kuratorka:<br \/>\nAgnieszka Go\u0142\u0119biewska<\/p>\n<p>Plakat:<\/p>\n<p>Agata Kus<\/p>\n<p class=\"entry-title\">POLSKA, projekt glazury \u0142azienkowej, ceramika, 2018<\/p>\n<div id='gallery-1' class='gallery galleryid-1424 gallery-columns-5 gallery-size-thumbnail'><dl class='gallery-item'>\n\t\t\t<dt class='gallery-icon portrait'>\n\t\t\t\t<a href='https:\/\/agatakus.pl\/?attachment_id=1441'><img loading=\"lazy\" decoding=\"async\" width=\"400\" height=\"400\" src=\"https:\/\/agatakus.pl\/wp-content\/uploads\/2018\/12\/IMG_2059-400x400.jpg\" class=\"attachment-thumbnail size-thumbnail\" alt=\"\" \/><\/a>\n\t\t\t<\/dt><\/dl><dl class='gallery-item'>\n\t\t\t<dt class='gallery-icon portrait'>\n\t\t\t\t<a href='https:\/\/agatakus.pl\/?attachment_id=1440'><img loading=\"lazy\" decoding=\"async\" width=\"400\" height=\"400\" src=\"https:\/\/agatakus.pl\/wp-content\/uploads\/2018\/12\/IMG_2055-400x400.jpeg\" class=\"attachment-thumbnail size-thumbnail\" alt=\"\" \/><\/a>\n\t\t\t<\/dt><\/dl><dl class='gallery-item'>\n\t\t\t<dt class='gallery-icon portrait'>\n\t\t\t\t<a href='https:\/\/agatakus.pl\/?attachment_id=1439'><img loading=\"lazy\" decoding=\"async\" width=\"400\" height=\"400\" src=\"https:\/\/agatakus.pl\/wp-content\/uploads\/2018\/12\/IMG_2054-400x400.jpeg\" class=\"attachment-thumbnail size-thumbnail\" alt=\"\" \/><\/a>\n\t\t\t<\/dt><\/dl><dl class='gallery-item'>\n\t\t\t<dt class='gallery-icon portrait'>\n\t\t\t\t<a href='https:\/\/agatakus.pl\/?attachment_id=1438'><img loading=\"lazy\" decoding=\"async\" width=\"400\" height=\"400\" src=\"https:\/\/agatakus.pl\/wp-content\/uploads\/2018\/12\/IMG_2053-400x400.jpeg\" class=\"attachment-thumbnail size-thumbnail\" alt=\"\" \/><\/a>\n\t\t\t<\/dt><\/dl><dl class='gallery-item'>\n\t\t\t<dt class='gallery-icon portrait'>\n\t\t\t\t<a href='https:\/\/agatakus.pl\/?attachment_id=1437'><img loading=\"lazy\" decoding=\"async\" width=\"400\" height=\"400\" src=\"https:\/\/agatakus.pl\/wp-content\/uploads\/2018\/12\/IMG_2051-400x400.jpeg\" class=\"attachment-thumbnail size-thumbnail\" alt=\"\" \/><\/a>\n\t\t\t<\/dt><\/dl><br style=\"clear: both\" \/>\n\t\t<\/div>\n\n<p>Wernisa\u017c: 10 listopada 2018, godz. 19:00<br \/>\nWystawa: 10 listopada 2018 \u2013 16 grudnia 2018<br \/>\nGaleria Olympia, Limanowskiego 24\/4b, Krak\u00f3w<\/p>\n<p>Wystawa Z kolan. Polska to marzenie w Galerii Olympia chce stworzy\u0107 na stulecie odzyskania niepodleg\u0142o\u015bci przestrze\u0144 do artystycznej wsp\u00f3\u0142pracy w pozytywnej atmosferze tw\u00f3rczej wolno\u015bci. Po stu latach, niczym na egzaminie maturalnym, zadajemy pytania o dojrza\u0142o\u015b\u0107 wolno\u015bci w Polsce. Chcemy j\u0105 poczu\u0107 w ka\u017cdym jej wymiarze: \u017cycia osobistego, obywatelskiego, artystycznego. Polska jest miejscem dla ka\u017cdego. Czy to tylko marzenie? Proponujemy \u015bwi\u0119towanie obywatelskie i aktywizacj\u0119 artystyczn\u0105, dzia\u0142anie i interakcj\u0119, jak tak\u017ce akcje w duchu dada. Arty\u015bci i artystki poka\u017c\u0105 prace w r\u00f3\u017cnych mediach w wi\u0119kszo\u015bci tworzone specjalnie na nasz\u0105 wystaw\u0119.<\/p>\n<p>Programowo tworzymy szerokie pasmo transmisyjne rozpi\u0119te mi\u0119dzy tymi dwoma has\u0142ami.<\/p>\n<p>Wstawanie z kolan to r\u00f3\u017cnorako pojmowany proces emancypowania si\u0119 ku wolno\u015bci: osobistej, obywatelskiej, tw\u00f3rczej, a\u017c po \u2013 w uj\u0119ciu idealnym \u2013 wolny umys\u0142 ze \u015bwiadomo\u015bci\u0105 i empati\u0105, tolerancj\u0105 dla odmienno\u015bci i ciekawo\u015bci\u0105 dla \u015bwiata i ludzi. Wstawanie z kolan to zjawisko bardzo ludzkie. To proces, kt\u00f3ry dotyka ka\u017cdego z nas: w momencie przebudzenia i u\u015bwiadomienia sobie potrzeby zmian, w chwili buntu, czy niezgody, gdy oczekujemy uznania i szacunku \u2013 w wymiarze zar\u00f3wno osobistym, jak i w uj\u0119ciu og\u00f3lnym.<\/p>\n<p>W stulecie niepodleg\u0142ej Polski czas pomy\u015ble\u0107 o niepodleg\u0142o\u015bci jej obywatelek i obywateli.<\/p>\n<p>Czy Polska to (tylko) marzenie? Polska pojmowana jako idea, tw\u00f3r wr\u0119cz idealny i niemo\u017cliwy? Wyra\u017cenie to (Polska jest marzeniem) zaczerpni\u0119te jest ze s\u0142\u00f3w Michela Houellebecqa wypowiedzianych przez niego w \u015bmieszno-gorzkim paradokumentalnym filmie o jego rzekomym porwaniu. Odnosz\u0105c si\u0119 do skomplikowanej polskiej historii pisarz stwierdzi\u0142, \u017ce Polska znikaj\u0105c na ponad wiek z mapy politycznej Europy, przetrwa\u0142a jako pewna idea, projekt, w\u0142a\u015bnie owo marzenie i tym nadal pozostaje. Chcemy Was o to zapyta\u0107: czy to tylko marzenie? Uspokajamy: Polska istnieje, niech nikt si\u0119 nie obra\u017ca, my pytamy po prostu, jaka jest. Odpowiedz\u0105 nam na to zaproszeni do projektu arty\u015bci i artystki.<\/p>\n<p>Podkre\u015blamy tak\u017ce oczyszczaj\u0105c\u0105 i o\u017cywcz\u0105 funkcj\u0119 autoironii i \u015bmiechu. Dystans do siebie i \u015bwiata, a nie bufonada i wieczna powaga.<\/p>\n<p>Projekt realizowany przy wsparciu finansowym Gminy Miasta Krakowa.<br \/>\n<a href=\"http:\/\/www.krakow.pl\/?fbclid=IwAR3ZfTzAq3DPJyLj5gOmQlWM4vL30JFdCLDRNM8-_j8w8mNL2saoz2QahLw\" target=\"_blank\" rel=\"nofollow noopener\" data-lynx-mode=\"hover\" data-lynx-uri=\"https:\/\/l.facebook.com\/l.php?u=http%3A%2F%2Fwww.krakow.pl%2F%3Ffbclid%3DIwAR3ZfTzAq3DPJyLj5gOmQlWM4vL30JFdCLDRNM8-_j8w8mNL2saoz2QahLw&amp;h=AT39OZnw2KB8n0pdxqKE_MIhjky1om8sxJ0Nzq5klY-zTtLAyB0Y7-y8pORbF1XfiorVScDZ5PFu5XTCfhAduKAGrUdn3HxyyjxSoHd1gWSF4amStWXDTODAnHAJ7tz5RkgHzgviBg\">http:\/\/www.krakow.pl\/<\/a><br \/>\n&#8212;<\/p>\n<p>&nbsp;<\/p>\n","protected":false},"excerpt":{"rendered":"<p>Artystki i arty\u015bci: Alicja Bia\u0142a Karolina Jab\u0142o\u0144ska Bogumi\u0142 Ksi\u0105\u017cek Agata Kus Cecylia Malik Karol Palczak \u0141ukasz&hellip;<\/p>\n","protected":false},"author":1,"featured_media":1385,"comment_status":"closed","ping_status":"open","sticky":false,"template":"","format":"standard","meta":{"footnotes":""},"categories":[6,8],"tags":[],"class_list":["post-1424","post","type-post","status-publish","format-standard","has-post-thumbnail","hentry","category-events","category-news"],"_links":{"self":[{"href":"https:\/\/agatakus.pl\/index.php?rest_route=\/wp\/v2\/posts\/1424","targetHints":{"allow":["GET"]}}],"collection":[{"href":"https:\/\/agatakus.pl\/index.php?rest_route=\/wp\/v2\/posts"}],"about":[{"href":"https:\/\/agatakus.pl\/index.php?rest_route=\/wp\/v2\/types\/post"}],"author":[{"embeddable":true,"href":"https:\/\/agatakus.pl\/index.php?rest_route=\/wp\/v2\/users\/1"}],"replies":[{"embeddable":true,"href":"https:\/\/agatakus.pl\/index.php?rest_route=%2Fwp%2Fv2%2Fcomments&post=1424"}],"version-history":[{"count":4,"href":"https:\/\/agatakus.pl\/index.php?rest_route=\/wp\/v2\/posts\/1424\/revisions"}],"predecessor-version":[{"id":1443,"href":"https:\/\/agatakus.pl\/index.php?rest_route=\/wp\/v2\/posts\/1424\/revisions\/1443"}],"wp:featuredmedia":[{"embeddable":true,"href":"https:\/\/agatakus.pl\/index.php?rest_route=\/wp\/v2\/media\/1385"}],"wp:attachment":[{"href":"https:\/\/agatakus.pl\/index.php?rest_route=%2Fwp%2Fv2%2Fmedia&parent=1424"}],"wp:term":[{"taxonomy":"category","embeddable":true,"href":"https:\/\/agatakus.pl\/index.php?rest_route=%2Fwp%2Fv2%2Fcategories&post=1424"},{"taxonomy":"post_tag","embeddable":true,"href":"https:\/\/agatakus.pl\/index.php?rest_route=%2Fwp%2Fv2%2Ftags&post=1424"}],"curies":[{"name":"wp","href":"https:\/\/api.w.org\/{rel}","templated":true}]}}