{"id":1426,"date":"2018-12-19T17:24:05","date_gmt":"2018-12-19T16:24:05","guid":{"rendered":"http:\/\/agatakus.pl\/?p=1426"},"modified":"2018-12-19T17:43:09","modified_gmt":"2018-12-19T16:43:09","slug":"1426","status":"publish","type":"post","link":"https:\/\/agatakus.pl\/?p=1426","title":{"rendered":"Cover awArts 2018"},"content":{"rendered":"<div class=\"qodef-container-inner\">\n<div class=\"vc_row wpb_row vc_row-fluid qodef-section qodef-content-aligment-left\">\n<div class=\"clearfix qodef-full-section-inner\">\n<div class=\"wpb_column vc_column_container vc_col-sm-9\">\n<div class=\"vc_column-inner \">\n<div class=\"wpb_wrapper\">\n<div class=\"wpb_text_column wpb_content_element \">\n<div class=\"wpb_wrapper\">\n<article id=\"post-2863\" class=\"post-2863 post type-post status-publish format-standard has-post-thumbnail hentry category-artykuly category-cover-awarts-2018\">\n<div class=\"qodef-post-content\">\n<div class=\"qodef-post-text\">\n<div class=\"qodef-post-text-inner post-default clearfix\">\n<p class=\"intro\">To ju\u017c sz\u00f3sta podr\u00f3\u017c najlepszych ok\u0142adek, w jak\u0105\u00a0rusza Cover awArts 2018. Z ka\u017cd\u0105 edycj\u0105 zbieramy wasze opinie i pomys\u0142y, wi\u0119c i tym razem nie ob\u0119dzie si\u0119 bez zmian. Oczywi\u015bcie na lepsze!<\/p>\n<\/div>\n<\/div>\n<\/div>\n<\/article>\n<\/div>\n<\/div>\n<\/div>\n<\/div>\n<\/div>\n<div class=\"wpb_column vc_column_container vc_col-sm-3\">\n<div class=\"vc_column-inner \">\n<div class=\"wpb_wrapper\">\n<div class=\"wpb_text_column wpb_content_element \">\n<div class=\"wpb_wrapper\"><\/div>\n<\/div>\n<\/div>\n<\/div>\n<\/div>\n<\/div>\n<\/div>\n<\/div>\n<div class=\"vc_row wpb_row vc_row-fluid qodef-section qodef-content-aligment-left qodef-grid-section\">\n<div class=\"clearfix qodef-section-inner\">\n<div class=\"qodef-section-inner-margin clearfix\">\n<div class=\"wpb_column vc_column_container vc_col-sm-8\">\n<div class=\"vc_column-inner \">\n<div class=\"wpb_wrapper\">\n<div class=\"wpb_text_column wpb_content_element \">\n<div class=\"wpb_wrapper\">\n<p>Dla tych, co nie wiedz\u0105: Cover awArts to konkurs, kt\u00f3ry co roku odkrywa najlepszy polski dizajn muzyczny. Dzi\u0119ki waszym g\u0142osom i g\u0142osom ludzi ze \u015bwiata muzyki i sztuki wy\u0142aniamy najlepsze ok\u0142adki, z kt\u00f3rymi nast\u0119pnie podr\u00f3\u017cujemy po Polsce pokazuj\u0105c Wam je z bliska.<\/p>\n<p>Od tej edycji internauci i jury profesjonalist\u00f3w \u0142\u0105cz\u0105 si\u0142y, by wsp\u00f3lnie wybra\u0107 <strong>Ok\u0142adki Roku<\/strong>. G\u0142osy zliczamy p\u00f3\u0142 na p\u00f3\u0142, metod\u0105 znan\u0105\u00a0najbardziej z Eurowizji (i to jedyne podobie\u0144stwo). Ponadto, nasze grono ekspert\u00f3w wy\u0142oni r\u00f3wnie\u017c <strong>Opraw\u0119 Graficzn\u0105 Roku<\/strong>. Do sk\u0142adu s\u0119dziowskiego\u00a0do\u0142\u0105czy\u0142y kolejne ikony \u015bwiata medi\u00f3w, dizajnu i sztuki. W jury go\u015bcimy m.in. <a href=\"http:\/\/decybeledizajnu.com\/designer\/edgar-bak\/\">Edgara B\u0105ka<\/a>, <a href=\"http:\/\/decybeledizajnu.com\/designer\/patryk-hardziej\/\">Patryka Hardzieja<\/a>, <a href=\"http:\/\/decybeledizajnu.com\/designer\/wilhelm-sasnal\/\">Wilhelma Sasnala<\/a>, <a href=\"http:\/\/decybeledizajnu.com\/designer\/norman-leto\/\">Normana Leto<\/a>.<\/p>\n<blockquote><p>Przed nami wi\u0119c szerokie spojrzenie na muzyczny dizajn z wielu perspektyw. Prze\u017cywanie \u015bwi\u0119ta dobrze opakowanej muzyki w takim gronie to czysta przyjemno\u015b\u0107.<\/p><\/blockquote>\n<p>Maszyna rozp\u0119dza si\u0119. W tym roku otrzymali\u015bmy rekordow\u0105 liczb\u0119 zg\u0142osze\u0144 \u2013 a\u017c 242! To spo\u015br\u00f3d nich wybieramy finaln\u0105 trzydziestk\u0119. Chcecie zobaczy\u0107 zwyci\u0119skie projekty na \u017cywo? Decybelowe\u00a0Tourn\u00e9e obejmie jeszcze wi\u0119cej przystank\u00f3w, ni\u017c w <a href=\"http:\/\/decybeledizajnu.com\/cover-awarts-2017\">poprzedniej edycji<\/a>. Szczeg\u00f3\u0142y dotycz\u0105ce miejsc, kt\u00f3re ugoszcz\u0105 wystaw\u0119 Cover awArts 2018 podamy wkr\u00f3tce.<\/p>\n<p>Kt\u00f3re projekty w tym roku dostan\u0105 bilet na podr\u00f3\u017c? To zale\u017cy od Was! Ju\u017c teraz mo\u017cecie wybra\u0107 swoje ulubione polskie ok\u0142adki roku. G\u0142osowanie trwa do 6 stycznia.<\/p>\n<\/div>\n<h1><a href=\"http:\/\/decybeledizajnu.com\/cover-awarts\/?fbclid=IwAR27VA4LbrZV-DTt1ouVNmYrrFMF1vHWMC6Y5zZc8QZNJ0h7v_mRUSbqyfc\">G\u0141OSUJ<\/a><\/h1>\n<\/div>\n<\/div>\n<\/div>\n<\/div>\n<\/div>\n<\/div>\n<\/div>\n","protected":false},"excerpt":{"rendered":"<p>To ju\u017c sz\u00f3sta podr\u00f3\u017c najlepszych ok\u0142adek, w jak\u0105\u00a0rusza Cover awArts 2018. Z ka\u017cd\u0105 edycj\u0105 zbieramy wasze&hellip;<\/p>\n","protected":false},"author":1,"featured_media":1427,"comment_status":"closed","ping_status":"open","sticky":false,"template":"","format":"standard","meta":{"footnotes":""},"categories":[6,8],"tags":[],"class_list":["post-1426","post","type-post","status-publish","format-standard","has-post-thumbnail","hentry","category-events","category-news"],"_links":{"self":[{"href":"https:\/\/agatakus.pl\/index.php?rest_route=\/wp\/v2\/posts\/1426","targetHints":{"allow":["GET"]}}],"collection":[{"href":"https:\/\/agatakus.pl\/index.php?rest_route=\/wp\/v2\/posts"}],"about":[{"href":"https:\/\/agatakus.pl\/index.php?rest_route=\/wp\/v2\/types\/post"}],"author":[{"embeddable":true,"href":"https:\/\/agatakus.pl\/index.php?rest_route=\/wp\/v2\/users\/1"}],"replies":[{"embeddable":true,"href":"https:\/\/agatakus.pl\/index.php?rest_route=%2Fwp%2Fv2%2Fcomments&post=1426"}],"version-history":[{"count":2,"href":"https:\/\/agatakus.pl\/index.php?rest_route=\/wp\/v2\/posts\/1426\/revisions"}],"predecessor-version":[{"id":1435,"href":"https:\/\/agatakus.pl\/index.php?rest_route=\/wp\/v2\/posts\/1426\/revisions\/1435"}],"wp:featuredmedia":[{"embeddable":true,"href":"https:\/\/agatakus.pl\/index.php?rest_route=\/wp\/v2\/media\/1427"}],"wp:attachment":[{"href":"https:\/\/agatakus.pl\/index.php?rest_route=%2Fwp%2Fv2%2Fmedia&parent=1426"}],"wp:term":[{"taxonomy":"category","embeddable":true,"href":"https:\/\/agatakus.pl\/index.php?rest_route=%2Fwp%2Fv2%2Fcategories&post=1426"},{"taxonomy":"post_tag","embeddable":true,"href":"https:\/\/agatakus.pl\/index.php?rest_route=%2Fwp%2Fv2%2Ftags&post=1426"}],"curies":[{"name":"wp","href":"https:\/\/api.w.org\/{rel}","templated":true}]}}