{"id":1444,"date":"2018-12-21T19:27:23","date_gmt":"2018-12-21T18:27:23","guid":{"rendered":"http:\/\/agatakus.pl\/?p=1444"},"modified":"2018-12-21T20:16:41","modified_gmt":"2018-12-21T19:16:41","slug":"jadwiga-2017-w-kolekcji-mocak-u-jadwiga-2017-in-the-mocak-collection","status":"publish","type":"post","link":"https:\/\/agatakus.pl\/?p=1444","title":{"rendered":"&#8222;Jadwiga 2017&#8221; w kolekcji MOCAK-u\/ &#8222;Jadwiga 2017&#8221; in the MOCAK Collection."},"content":{"rendered":"<p>Wraz z ko\u0144cem roku do kolekcji sta\u0142ej Muzeum Sztuki Wsp\u00f3\u0142czesnej MOCAK w Krakowie, trafi\u0142 obraz Agaty Kus &#8222;Jadwiga 2017&#8221;. Pierwszy raz prezentowany by\u0142 podczas ubieg\u0142orocznej wystawy &#8222;Spojrzenia. Nagroda Deutsche Banku&#8221; w warszawskiej Zach\u0119cie, p\u00f3\u017aniej jeszcze w kilku miejscach. Trafi\u0142 nawet na \u0142amy drukowanego magazynu Vogue Polska. Zanim jednak Jadwiga osi\u0105dzie w MOCAKu na sta\u0142e, b\u0119dzie \u00a0mo\u017cna j\u0105 jeszcze zobaczy\u0107 na zbli\u017caj\u0105cej si\u0119, odjazdowej wystawie w Fundacji Gierowskiego w Warszawie (o tym wkr\u00f3tce).<\/p>\n<div id=\"attachment_1110\" style=\"width: 1034px\" class=\"wp-caption aligncenter\"><img loading=\"lazy\" decoding=\"async\" aria-describedby=\"caption-attachment-1110\" class=\"size-large wp-image-1110\" src=\"https:\/\/agatakus.pl\/wp-content\/uploads\/2015\/11\/jadwiga-2017-1024x670.jpg\" alt=\"\" width=\"1024\" height=\"670\" srcset=\"https:\/\/agatakus.pl\/wp-content\/uploads\/2015\/11\/jadwiga-2017-1024x670.jpg 1024w, https:\/\/agatakus.pl\/wp-content\/uploads\/2015\/11\/jadwiga-2017-300x196.jpg 300w\" sizes=\"auto, (max-width: 1024px) 100vw, 1024px\" \/><p id=\"caption-attachment-1110\" class=\"wp-caption-text\">JADWIGA 2017 \/ oil on canvas \/ 130 x 195 cm \/ 2017<\/p><\/div>\n<p>Obraz odnosi si\u0119 w oczywisty spos\u00f3b do cudnego nagrobka kr\u00f3lowej Jadwigi w Katedrze\u00a0Wawelskiej. To ironiczny komentarz postawy pokolenia dzisiejszych\u00a0trzydziestolatk\u00f3w, kt\u00f3rzy przyzwyczajeni do wygodnego i beztroskiego \u017cycia, posiadanie potomstwa zr\u00f3wnuj\u0105 ze \u015bmierci\u0105 towarzysk\u0105. Pomnik dedykowany jest bohaterstwu mojej przyjaci\u00f3\u0142ki El\u017cbiety Merty, kt\u00f3ra wraz z ukryt\u0105 jeszcze Elenk\u0105 by\u0142a bardzo wdzi\u0119czn\u0105 modelk\u0105.<\/p>\n<div id='gallery-1' class='gallery galleryid-1444 gallery-columns-3 gallery-size-thumbnail'><dl class='gallery-item'>\n\t\t\t<dt class='gallery-icon portrait'>\n\t\t\t\t<a href='https:\/\/agatakus.pl\/?attachment_id=1410'><img loading=\"lazy\" decoding=\"async\" width=\"400\" height=\"400\" src=\"https:\/\/agatakus.pl\/wp-content\/uploads\/2018\/10\/43030115_2029910633719145_1451425189127520256_n-400x400.jpg\" class=\"attachment-thumbnail size-thumbnail\" alt=\"\" \/><\/a>\n\t\t\t<\/dt><\/dl><dl class='gallery-item'>\n\t\t\t<dt class='gallery-icon landscape'>\n\t\t\t\t<a href='https:\/\/agatakus.pl\/?attachment_id=1446'><img loading=\"lazy\" decoding=\"async\" width=\"400\" height=\"400\" src=\"https:\/\/agatakus.pl\/wp-content\/uploads\/2018\/12\/Zrzut-ekranu-2018-12-21-o-19.23.21-400x400.png\" class=\"attachment-thumbnail size-thumbnail\" alt=\"\" \/><\/a>\n\t\t\t<\/dt><\/dl><dl class='gallery-item'>\n\t\t\t<dt class='gallery-icon portrait'>\n\t\t\t\t<a href='https:\/\/agatakus.pl\/?attachment_id=1242'><img loading=\"lazy\" decoding=\"async\" width=\"400\" height=\"400\" src=\"https:\/\/agatakus.pl\/wp-content\/uploads\/2018\/01\/Untitled-17-400x400.jpg\" class=\"attachment-thumbnail size-thumbnail\" alt=\"\" \/><\/a>\n\t\t\t<\/dt><\/dl><br style=\"clear: both\" \/><dl class='gallery-item'>\n\t\t\t<dt class='gallery-icon landscape'>\n\t\t\t\t<a href='https:\/\/agatakus.pl\/?attachment_id=1162'><img loading=\"lazy\" decoding=\"async\" width=\"400\" height=\"400\" src=\"https:\/\/agatakus.pl\/wp-content\/uploads\/2017\/10\/DSCF2337-400x400.jpg\" class=\"attachment-thumbnail size-thumbnail\" alt=\"\" \/><\/a>\n\t\t\t<\/dt><\/dl><dl class='gallery-item'>\n\t\t\t<dt class='gallery-icon portrait'>\n\t\t\t\t<a href='https:\/\/agatakus.pl\/?attachment_id=1223'><img loading=\"lazy\" decoding=\"async\" width=\"400\" height=\"400\" src=\"https:\/\/agatakus.pl\/wp-content\/uploads\/2018\/01\/asp-plakat-opetani-400x400.jpg\" class=\"attachment-thumbnail size-thumbnail\" alt=\"\" \/><\/a>\n\t\t\t<\/dt><\/dl><dl class='gallery-item'>\n\t\t\t<dt class='gallery-icon landscape'>\n\t\t\t\t<a href='https:\/\/agatakus.pl\/?attachment_id=1249'><img loading=\"lazy\" decoding=\"async\" width=\"400\" height=\"400\" src=\"https:\/\/agatakus.pl\/wp-content\/uploads\/2018\/01\/IMG_9335-400x400.jpg\" class=\"attachment-thumbnail size-thumbnail\" alt=\"\" \/><\/a>\n\t\t\t<\/dt><\/dl><br style=\"clear: both\" \/><dl class='gallery-item'>\n\t\t\t<dt class='gallery-icon landscape'>\n\t\t\t\t<a href='https:\/\/agatakus.pl\/?attachment_id=1248'><img loading=\"lazy\" decoding=\"async\" width=\"400\" height=\"400\" src=\"https:\/\/agatakus.pl\/wp-content\/uploads\/2018\/01\/IMG_9334-400x400.jpg\" class=\"attachment-thumbnail size-thumbnail\" alt=\"\" \/><\/a>\n\t\t\t<\/dt><\/dl><dl class='gallery-item'>\n\t\t\t<dt class='gallery-icon landscape'>\n\t\t\t\t<a href='https:\/\/agatakus.pl\/?attachment_id=1246'><img loading=\"lazy\" decoding=\"async\" width=\"400\" height=\"400\" src=\"https:\/\/agatakus.pl\/wp-content\/uploads\/2018\/01\/IMG_9332-400x400.jpg\" class=\"attachment-thumbnail size-thumbnail\" alt=\"\" \/><\/a>\n\t\t\t<\/dt><\/dl><dl class='gallery-item'>\n\t\t\t<dt class='gallery-icon landscape'>\n\t\t\t\t<a href='https:\/\/agatakus.pl\/?attachment_id=1299'><img loading=\"lazy\" decoding=\"async\" width=\"400\" height=\"315\" src=\"https:\/\/agatakus.pl\/wp-content\/uploads\/2018\/04\/30727777_2039576999409981_3454531016096481280_n-400x315.jpg\" class=\"attachment-thumbnail size-thumbnail\" alt=\"\" \/><\/a>\n\t\t\t<\/dt><\/dl><br style=\"clear: both\" \/>\n\t\t<\/div>\n\n","protected":false},"excerpt":{"rendered":"<p>Wraz z ko\u0144cem roku do kolekcji sta\u0142ej Muzeum Sztuki Wsp\u00f3\u0142czesnej MOCAK w Krakowie, trafi\u0142 obraz Agaty&hellip;<\/p>\n","protected":false},"author":1,"featured_media":1445,"comment_status":"closed","ping_status":"open","sticky":false,"template":"","format":"standard","meta":{"footnotes":""},"categories":[6,8],"tags":[],"class_list":["post-1444","post","type-post","status-publish","format-standard","has-post-thumbnail","hentry","category-events","category-news"],"_links":{"self":[{"href":"https:\/\/agatakus.pl\/index.php?rest_route=\/wp\/v2\/posts\/1444","targetHints":{"allow":["GET"]}}],"collection":[{"href":"https:\/\/agatakus.pl\/index.php?rest_route=\/wp\/v2\/posts"}],"about":[{"href":"https:\/\/agatakus.pl\/index.php?rest_route=\/wp\/v2\/types\/post"}],"author":[{"embeddable":true,"href":"https:\/\/agatakus.pl\/index.php?rest_route=\/wp\/v2\/users\/1"}],"replies":[{"embeddable":true,"href":"https:\/\/agatakus.pl\/index.php?rest_route=%2Fwp%2Fv2%2Fcomments&post=1444"}],"version-history":[{"count":1,"href":"https:\/\/agatakus.pl\/index.php?rest_route=\/wp\/v2\/posts\/1444\/revisions"}],"predecessor-version":[{"id":1447,"href":"https:\/\/agatakus.pl\/index.php?rest_route=\/wp\/v2\/posts\/1444\/revisions\/1447"}],"wp:featuredmedia":[{"embeddable":true,"href":"https:\/\/agatakus.pl\/index.php?rest_route=\/wp\/v2\/media\/1445"}],"wp:attachment":[{"href":"https:\/\/agatakus.pl\/index.php?rest_route=%2Fwp%2Fv2%2Fmedia&parent=1444"}],"wp:term":[{"taxonomy":"category","embeddable":true,"href":"https:\/\/agatakus.pl\/index.php?rest_route=%2Fwp%2Fv2%2Fcategories&post=1444"},{"taxonomy":"post_tag","embeddable":true,"href":"https:\/\/agatakus.pl\/index.php?rest_route=%2Fwp%2Fv2%2Ftags&post=1444"}],"curies":[{"name":"wp","href":"https:\/\/api.w.org\/{rel}","templated":true}]}}