{"id":1450,"date":"2019-01-02T15:14:57","date_gmt":"2019-01-02T14:14:57","guid":{"rendered":"http:\/\/agatakus.pl\/?p=1450"},"modified":"2019-01-09T14:54:12","modified_gmt":"2019-01-09T13:54:12","slug":"pracownie-do-wgladu-pracownia-agaty-kus-w-obiektywie-anny-stankiewicz-wywiad","status":"publish","type":"post","link":"https:\/\/agatakus.pl\/?p=1450","title":{"rendered":"PRACOWNIE DO WGL\u0104DU &#8211; Pracownia Agaty Kus w obiektywie Anny Stankiewicz + wywiad"},"content":{"rendered":"<h4><a href=\"https:\/\/pracowniedowgladu.pl\/pracownia-agaty-kus\/\">https:\/\/pracowniedowgladu.pl\/pracownia-agaty-kus\/<\/a><\/h4>\n<p>Projekt \u201epracownie do\u00a0wgl\u0105du\u201d po\u015bwi\u0119cony jest artystycznemu \u015brodowisku Krakowa. Wychodz\u0105c naprzeciw ch\u0119ci poznania miejsc na\u00a0co dzie\u0144 niedost\u0119pnych, uchylamy drzwi pracowni krakowskich tw\u00f3rc\u00f3w. Umo\u017cliwiamy przyjrzenie si\u0119 z\u00a0bliska ich warsztatowi pracy, ods\u0142aniamy zar\u00f3wno proces tworzenia dzie\u0142, jak i\u00a0dokumentujemy rozgrywaj\u0105ce si\u0119 w\u00a0nich niecodzienne wydarzenia, cz\u0119sto o\u00a0charakterze efemerycznym. Ukazujemy nie\u00a0tylko\u00a0te miejsca, w\u00a0kt\u00f3rych\u00a0arty\u015bci pracuj\u0105 od\u00a0pokole\u0144, ale\u00a0i\u00a0pracownie tymczasowe. Pokazujemy, \u017ce\u00a0wsp\u00f3\u0142czesna pracownia to\u00a0miejsce tworzenia, ale\u00a0tak\u017ce<br \/>\nprzestrze\u0144 nawi\u0105zywania wi\u0119zi mi\u0119dzyludzkich i\u00a0budowania spo\u0142eczno\u015bci. Odkrywamy ich ukryty potencja\u0142 i\u00a0na\u00a0nowo okre\u015blamy pozycj\u0119 na\u00a0mapie kulturalnej naszego miasta.<\/p>\n<p>Pracownia Agaty Kus<\/p>\n<p><span class=\"sr-only\">Agnieszka Jankowska-Marzec<\/span><span class=\"sr-only\">Ma\u0142opolski Instytut Kultury w Krakowie<\/span><\/p>\n<p><time class=\"date\" datetime=\"2018-12-07T13:16:49+00:00\">7 grudnia 2018<\/time><\/p>\n<p><span class=\"sr-only\">z Agat\u0105 Kus rozmawia Agnieszka Jankowska-Marzec<\/span><\/p>\n<p><span class=\"sr-only\"> A.J.M.: Jeste\u015b artystk\u0105, kt\u00f3ra wprawdzie najch\u0119tniej (&#8230;)<\/span><\/p>\n<p><em>z\u00a0Agat\u0105 Kus rozmawia Agnieszka Jankowska-Marzec<\/em><\/p>\n<p><strong>A.J.M.: <\/strong><em>Jeste\u015b artystk\u0105, kt\u00f3ra\u00a0wprawdzie najch\u0119tniej wypowiada si\u0119 w\u00a0malarstwie, ale\u00a0nie\u00a0tylko.<\/em><\/p>\n<p><strong>A.K.:<\/strong> Ja w\u00a0og\u00f3le zajmuj\u0119 si\u0119 wieloma rzeczami. Ju\u017c podczas studi\u00f3w na\u00a0Wydziale Malarstwa krakowskiej ASP eksperymentowa\u0142am z\u00a0r\u00f3\u017cnymi mediami, pr\u00f3buj\u0105c swoich si\u0142 w\u00a0wideo, rysunku, a\u00a0nawet rze\u017abie. Mam chyba szcz\u0119\u015bcie, \u017ce\u00a0dzi\u0119ki zdolno\u015bciom manualnym do\u015b\u0107 szybko udaje mi si\u0119 opanowa\u0107 warsztat charakterystyczny dla tych medi\u00f3w i\u00a0praca w\u00a0nich nie\u00a0jest dla mnie uci\u0105\u017cliwa. Uczenie si\u0119 nowych technik daje mi du\u017co przyjemno\u015bci, a\u00a0obcowanie z\u00a0rozmaitymi materia\u0142ami dzia\u0142a inaczej na\u00a0zmys\u0142y. Zmiany s\u0105 dla mnie od\u015bwie\u017caj\u0105ce i\u00a0o\u017cywiaj\u0105ce, ale\u00a0nie\u00a0s\u0105 celem samym w\u00a0sobie. Zawsze gdy\u00a0mam nowy pomys\u0142, staram si\u0119 do\u00a0niego dopasowa\u0107 odpowiednie medium, a\u00a0nie\u00a0odwrotnie. Pomys\u0142 jest dla mnie zdecydowanie wa\u017cniejszy ni\u017c konwencja wykonania, spos\u00f3b, w\u00a0jaki zmaterializuj\u0119 idee.<\/p>\n<p>W\u00a0malarstwie czuj\u0119 si\u0119 najlepiej i\u00a0ostatecznie zawsze do\u00a0niego wracam.<\/p>\n<p><strong>A.J.M.:<\/strong> <em>No w\u0142a\u015bnie, od\u00a0pojawienia si\u0119 nowych pomys\u0142\u00f3w do\u00a0ich realizacji mija cz\u0119sto sporo czasu.<\/em><\/p>\n<p><strong>A.K.: <\/strong>Odk\u0142adanie realizacji na\u00a0p\u00f3\u017aniej bywa niebezpieczne. Do\u015bwiadczenie nauczy\u0142o mnie, \u017ce\u00a0trzeba wciela\u0107 w\u00a0\u017cycie pomys\u0142y natychmiast. Mam niestety dziesi\u0105tki szkic\u00f3w, kola\u017cy czy\u00a0folder\u00f3w, w\u00a0kt\u00f3rych\u00a0notowa\u0142am je na\u00a0bie\u017c\u0105co, a\u00a0potem ich nie\u00a0wykorzysta\u0142am, bo straci\u0142y \u015bwie\u017co\u015b\u0107. Zosta\u0142y przepracowane w\u00a0g\u0142owie, czasem z\u00a0ca\u0142\u0105 my\u015blow\u0105 cz\u0119\u015bci\u0105 procesu malowania. W\u00a0takim przypadku ich realizacja by\u0142aby ju\u017c tylko\u00a0przykrym obowi\u0105zkiem, a\u00a0nie\u00a0interesuj\u0105cym procesem.<\/p>\n<p><strong>A.J.M.: <\/strong><em>Gdzie szukasz inspiracji dla swoich prac?<\/em><\/p>\n<p><strong>A.K.: <\/strong>Maluj\u0119 figuratywne kompozycje, wi\u0119c\u00a0trudno uwierzy\u0107, \u017ce\u00a0wszystko wydarza si\u0119 spontanicznie, cho\u0107 po\u00a0cz\u0119\u015bci tak\u00a0jest. Zw\u0142aszcza w\u00a0pracy nad\u00a0budow\u0105 swoich ostatnich olejnych obraz\u00f3w dobieram i\u00a0zestawiam elementy kola\u017cu intuicyjnie. W\u00a0efekcie nie\u00a0stanowi\u0105 one tylko\u00a0prostej sumy estetycznej, lecz\u00a0buduj\u0105 ca\u0142kiem now\u0105 narracj\u0119 znaczeniow\u0105. Fragmenty r\u00f3\u017cnych, pozornie niezwi\u0105zanych ze\u00a0sob\u0105 przedstawie\u0144, reaguj\u0105 ze\u00a0sob\u0105 tworz\u0105c zwi\u0105zek o\u00a0zupe\u0142nie innych w\u0142a\u015bciwo\u015bciach ni\u017c jego sk\u0142adowe. Maluj\u0119 du\u017co znajomych os\u00f3b, sytuacji i\u00a0miejsc, kt\u00f3re zbieram w\u00a0formie fotografii z\u00a0r\u00f3\u017cnych \u017ar\u00f3de\u0142. Ostatnio zauwa\u017cy\u0142am, \u017ce\u00a0moje\u00a0malarstwo staje si\u0119 coraz l\u017cejsze, a\u00a0samo malowanie jest ju\u017c mniej bolesnym procesem ni\u017c w\u00a0przesz\u0142o\u015bci. Niedawno wykona\u0142am kilka p\u0142\u00f3cien przedstawiaj\u0105cych ch\u0142opak\u00f3w z\u00a0zaprzyja\u017anionego zespo\u0142u muzycznego Neal Cassady, zrobili\u015bmy te\u017c razem wystaw\u0119 i\u00a0koncert w\u00a0Zach\u0119cie, ok\u0142adk\u0119 p\u0142yty, jakie\u015b drobne prace wideo. R\u00f3\u017cne \u015brodowiska kryj\u0105 w\u00a0sobie zdumiewaj\u0105ce i\u00a0inspiruj\u0105ce obrazy, a\u00a0wsp\u00f3\u0142praca z\u00a0innymi artystami i\u00a0inspiracja ich tw\u00f3rczo\u015bci\u0105 potrafi owocowa\u0107 zaskakuj\u0105cymi tworami.<\/p>\n<p>Uwielbiam malowa\u0107 dziewczyny i\u00a0pewnie dlatego feminizm to\u00a0cz\u0119sty klucz do\u00a0interpretacji moich\u00a0prac. Faktycznie wydaje si\u0119 pasowa\u0107 do\u00a0niekt\u00f3rych z\u00a0nich, jednak ja sama nigdy nie\u00a0odwa\u017cy\u0142abym si\u0119 nazwa\u0107 swojej sztuki feministyczn\u0105. Nie\u00a0mam programu ani misji. Zachowuj\u0105c krytyczn\u0105 postaw\u0119, staram si\u0119 patrze\u0107 na\u00a0\u015bwiat tak, by\u00a0dostrzega\u0107 jego wra\u017cliwe miejsca. Nie\u00a0wstydz\u0119 si\u0119 klasycznie pojmowanego \u201epi\u0119kna\u201d, figuratywno\u015bci i\u00a0realizmu w\u00a0malarstwie, cho\u0107 niekt\u00f3rzy mawiaj\u0105, \u017ce\u00a0nie\u00a0jest to\u00a0w\u00a0zgodzie z\u00a0obecn\u0105 mod\u0105. \u015amiej\u0119 si\u0119, gdy\u00a0kto\u015b m\u00f3wi mi, co i\u00a0jak powinnam malowa\u0107. Nie\u00a0boj\u0119 si\u0119 te\u017c okaleczy\u0107, zniszczy\u0107 lub zeszpeci\u0107 swojej pracy. Pi\u0119kno kryje si\u0119 w\u00a0r\u00f3\u017cnorodno\u015bci, a\u00a0ja potrafi\u0119 zachwyca\u0107 si\u0119 lud\u017ami niezale\u017cnie od\u00a0ich p\u0142ci i\u00a0wieku. Z\u00a0trudem przychodzi mi odpowiadanie na\u00a0cz\u0119ste pytania, o\u00a0czym s\u0105 moje\u00a0obrazy. To, co chc\u0119 powiedzie\u0107, wyra\u017cam w\u00a0obrazie. Malarstwo to\u00a0osobny j\u0119zyk, a\u00a0ten bywa nieprzek\u0142adalny na\u00a0s\u0142owa. \u0141atwo mo\u017cna pope\u0142ni\u0107 b\u0142\u0105d w\u00a0t\u0142umaczeniu.<\/p>\n<p><strong>A.J.M.:<\/strong> <em>B\u0119d\u0119 jednak nieust\u0119pliwa, chc\u0105c si\u0119 dowiedzie\u0107 o\u00a0to, co wp\u0142ywa na\u00a0Twoje\u00a0dzia\u0142ania tw\u00f3rcze, mo\u017ce jakie\u015b bod\u017ace spoza sztuk wizualnych?<\/em><\/p>\n<p><strong>A.K.:<\/strong> Te inspiracje zazwyczaj zwi\u0105zane s\u0105 \u015bci\u015ble ze\u00a0\u015brodowiskami, w\u00a0kt\u00f3rych\u00a0przebywam, rozmowami z\u00a0fajnymi lud\u017ami, wsp\u00f3\u0142prac\u0105 z\u00a0nimi. Czasem potrafi\u0119 stworzy\u0107 seri\u0119 obraz\u00f3w, kt\u00f3ra\u00a0rozpoczyna si\u0119 od\u00a0czego\u015b tak\u00a0prostego jak s\u0142owo. Pomys\u0142 na\u00a0ca\u0142\u0105 seri\u0119 Bli\u017aniak\u00f3w rozpocz\u0105\u0142 si\u0119 od\u00a0inspiracji s\u0142owem BLIZNA i\u00a0zabieg\u00f3w okaleczania postaci na\u00a0obrazach przez\u00a0wypalanie im dziur papierosem. Robi\u0142 to\u00a0w\u00f3wczas go\u015bcinnie poeta \u015awietlicki. P\u00f3\u017aniej s\u0142owo ewoluowa\u0142o, zrobi\u0142y si\u0119 z\u00a0tego BLI\u0179NIAKI \u2013 i\u00a0to\u00a0r\u00f3wnie\u017c odbi\u0142o si\u0119 na\u00a0budowanych scenach. Naturalnie przesz\u0142o to\u00a0potem w\u00a0multiplikacj\u0119, mechaniczne powielania i\u00a0odbicia. Lubi\u0119 my\u015ble\u0107 o\u00a0swoich obrazach, jak o\u00a0wsp\u00f3\u0142czesnej poezji, kt\u00f3rej\u00a0wersy nierzadko skonstruowane s\u0105 z\u00a0potocznych wyraz\u00f3w i\u00a0opis\u00f3w codziennych zjawisk. Umiej\u0119tne ich zestawienie zawiera wiele tajemnic, kt\u00f3rych\u00a0odkrywanie bywa poci\u0105gaj\u0105ce.<\/p>\n<p>To, co malarz bierze na\u00a0warsztat, niekoniecznie musi wynika\u0107 z\u00a0jego w\u0142asnych traum czy\u00a0rado\u015bci. Artysta jest empatyczny, potrafi wyobrazi\u0107 sobie sytuacje nieb\u0119d\u0105ce wynikiem jego w\u0142asnego do\u015bwiadczenia i\u00a0stworzy\u0107 nadawc\u0119 fikcyjnego. Tak\u00a0samo jak przyjmujemy, \u017ce\u00a0g\u0142os podmiotu lirycznego w\u00a0wierszu niekoniecznie jest g\u0142osem samego poety, tak\u00a0p\u0142\u00f3tno malarza nie\u00a0musi by\u0107 odzwierciedleniem jego osobowo\u015bci. Mo\u017ce by\u0107 swoistym monologiem lirycznym. S\u0142owo przydaje si\u0119 przy tytu\u0142owaniu prac i\u00a0jest to\u00a0dodatkowa, wa\u017cna przestrze\u0144 pozakadrowa, kt\u00f3ra\u00a0niekoniecznie opisuje lub t\u0142umaczy tre\u015b\u0107 dzie\u0142a. Jest raczej kolejnym elementem sk\u0142adowym dodaj\u0105cym znaczenia lub buduj\u0105cym kontekst. Uwielbiam bawi\u0107 si\u0119 tytu\u0142ami, ciesz\u0105c si\u0119 ich wymow\u0105 i\u00a0samym pi\u0119knem brzmienia: Turbos\u0142owianie, Nosferatu, Lacrimosa, Pornografia, Jadwiga. W\u00a0przypadku ka\u017cdego z\u00a0tych obraz\u00f3w inspiracje pochodzi\u0142y z\u00a0zupe\u0142nie niezwi\u0105zanych ze\u00a0sob\u0105 obszar\u00f3w.<\/p>\n<p>Zdarza si\u0119, \u017ce\u00a0pracuj\u0119 cyklami i\u00a0z\u00a0jednego powodu powstaj\u0105 ca\u0142e serie prac. Tak\u00a0by\u0142o w\u00a0przypadku obraz\u00f3w inspirowanych tekstem Maurice\u2019a Maeterlincka, muzyk\u0105 Claude\u2019a Debussy\u2019ego i\u00a0przedstawieniem Katie Mitchell na\u00a0zam\u00f3wienie Teatru Wielkiego \u2013 Opery Narodowej.<\/p>\n<p>Natomiast seria Kochanka, ma korzenie historyczne. To, obok prac malarskich, instalacja z\u0142o\u017cona z\u00a0ruchomych obraz\u00f3w wideo, zrekonstruowanych na\u00a0podstawie oryginalnych, prywatnych fotografii kochanki komendanta obozu koncentracyjnego.<\/p>\n<p><strong>A.J.M.:<\/strong> <em>Czy\u00a0masz jakie\u015b specjalne wymagania odno\u015bnie do\u00a0pracowni? Czy\u00a0fakt, \u017ce\u00a0pracujesz w\u00a0domu, ma znaczenie?<\/em><\/p>\n<p><strong>A.K.:<\/strong> Oczywi\u015bcie, \u017ce\u00a0ma znaczenie. Wyb\u00f3r ten podyktowany jest niew\u0105tpliwie wzgl\u0119dami ekonomicznymi. Marz\u0119 o\u00a0wielkiej, pi\u0119knej pracowni i\u00a0jest to\u00a0jeden z\u00a0moich\u00a0cel\u00f3w, ale\u00a0na\u00a0razie daj\u0119 sobie rad\u0119 w\u00a0mieszkaniu, w\u00a0ma\u0142ym pokoju przy kuchni. Najwi\u0119kszy obraz, jaki udaje mi si\u0119 tam zmie\u015bci\u0107, to\u00a02 \u00d7 3 m \u2013 i\u00a0takie te\u017c tam powstaj\u0105! Wszystko da si\u0119 zrobi\u0107, gdy\u00a0si\u0119 odpowiednio zorganizuje i\u00a0przede wszystkim chce. Lubi\u0119, gdy\u00a0wok\u00f3\u0142 mnie panuje porz\u0105dek, kiedy przyst\u0119puj\u0119 do\u00a0malowania, a\u00a0ma\u0142a przestrze\u0144 wymaga wi\u0119cej dyscypliny. Dzi\u0119ki temu zdobywam coraz wi\u0119ksze do\u015bwiadczenie w\u00a0dziedzinie trik\u00f3w pracownianych, technologii i\u00a0doskonalenia narz\u0119dzi. Nawet my\u015bla\u0142am o\u00a0prowadzeniu \u015bmiesznego bloga technologicznego dla malarzy, \u017ceby\u00a0dzieli\u0107 si\u0119 tymi pomys\u0142ami, bo wiem, \u017ce\u00a0takie drobne odkrycia potrafi\u0105 bardzo cieszy\u0107 moje\u00a0kole\u017canki i\u00a0koleg\u00f3w malarzy.<\/p>\n<p>Praca w\u00a0domu bywa te\u017c nie\u0142atwa, bo zawsze jest co\u015b innego do\u00a0zrobienia, co\u015b, co rozprasza uwag\u0119, a\u00a0mo\u017ce jest dobr\u0105 wym\u00f3wk\u0105, aby jeszcze chwil\u0119 pomarudzi\u0107, zanim zacznie si\u0119 malowa\u0107. Ale\u00a0przynajmniej jest blisko do\u00a0lod\u00f3wki.<\/p>\n<p><strong>A.J.M.:<\/strong> <em>No dobrze, ale\u00a0kiedy ju\u017c zaczynasz pracowa\u0107, przestrzegasz pewnych rytua\u0142\u00f3w, regu\u0142, kt\u00f3re powtarzasz za\u00a0ka\u017cdym razem?<\/em><\/p>\n<p><strong>A.K.:<\/strong> Raczej nie. Nie\u00a0jest tak, \u017ce\u00a0maluj\u0119 okre\u015blon\u0105 liczb\u0119 godzin, a\u00a0potem robi\u0119 przerw\u0119 kawow\u0105. Czasami pracuj\u0119 bardzo intensywnie przez\u00a0dwa dni i\u00a0zdarza mi si\u0119 w\u00a0tym czasie sko\u0144czy\u0107 obraz, kiedy indziej, z\u00a0r\u00f3\u017cnych powod\u00f3w, mam kilkutygodniowe przerwy. Ale\u00a0jak pracuj\u0119,\u00a0 lubi\u0119\u00a0\u2013 o\u00a0czym ju\u017c wspomina\u0142am\u00a0\u2013 \u017ceby\u00a0nie\u0142ad mnie nie\u00a0rozprasza\u0142, a\u00a0na\u00a0palecie by\u0142 spory zapas farby. Na\u00a0materia\u0142ach nie\u00a0op\u0142aca si\u0119 oszcz\u0119dza\u0107, swobodne ich u\u017cywanie jest bardzo wa\u017cne.<\/p>\n<p><strong>AJ.M.:<\/strong> <em>Gdyby\u015b\u00a0mia\u0142a wyb\u00f3r to, z\u00a0kim chcia\u0142aby\u015b mie\u0107 wystaw\u0119? Jakich tw\u00f3rc\u00f3w szczeg\u00f3lnie cenisz?<\/em><\/p>\n<p>Bardzo ceni\u0119 tych malarzy, kt\u00f3rzy\u00a0umiej\u0119tnie radz\u0105 sobie z\u00a0\u201ebrzydot\u0105\u201d, brakiem perfekcji, prymitywizmem formy. Ja tak\u00a0nie\u00a0potrafi\u0119, albo\u00a0raczej nie\u00a0mog\u0119 sobie na\u00a0to\u00a0pozwoli\u0107, bo by\u0142oby to\u00a0nieprawdziwe i\u00a0niezgodne ze\u00a0mn\u0105. Zazdroszcz\u0119 im tego ogromnie. Jest np.\u00a0taka \u015bwietna malarka Genieve Figgis, kt\u00f3rej\u00a0form\u0119 i\u00a0\u015bwiat uwielbiam. Bardzo wysoko ceni\u0119 sobie ironi\u0119 i\u00a0poczucie humoru u\u00a0artyst\u00f3w w\u00a0og\u00f3le i\u00a0lubi\u0119 w\u0142a\u015bnie takie wystawy.<\/p>\n<p><strong>A.J.M.:<\/strong> <em>Artystyczne motto? A\u00a0mo\u017ce uwa\u017casz to\u00a0za\u00a0zbyt pretensjonalne?<\/em><\/p>\n<p>Nie\u00a0mam \u017cadnego motta, ale\u00a0jestem przekonana, \u017ce\u00a0bardzo wa\u017cna jest odwaga w\u00a0stosunku do\u00a0tego, co si\u0119 robi, i\u00a0nieprzejmowanie si\u0119 nadmiernie krytyk\u0105. Nie\u00a0mo\u017ce to\u00a0jednak zwalnia\u0107 z\u00a0obowi\u0105zku my\u015blenia.<\/p>\n<p>Agata Kus urodzi\u0142a si\u0119 w\u00a01987 roku. Mieszka i\u00a0pracuje w\u00a0Krakowie. Jest absolwentk\u0105 i\u00a0doktorem Wydzia\u0142u Malarstwa Akademii Sztuk Pi\u0119knych w\u00a0Krakowie. Zajmuje si\u0119 g\u0142\u00f3wnie malarstwem i\u00a0wideo. Jest laureatk\u0105 wielu nagr\u00f3d i\u00a0stypendi\u00f3w, w\u00a0tym zwyci\u0119\u017cczyni\u0105 Mi\u0119dzynarodowego Biennale Sztuki Medi\u00f3w WRO 2015 we\u00a0Wroc\u0142awiu. W\u00a0roku 2017 zosta\u0142a nominowana do\u00a0Nagrody \u201eSpojrzenia\u201d Deutsche Banku i\u00a0Zach\u0119ty, a\u00a0w\u00a02018 do\u00a0nagrody szwajcarskiej fundacji Vordemberge-Gildewart . Jej obrazy znajduj\u0105 si\u0119 m.in.\u00a0w\u00a0kolekcji Muzeum Sztuki Wsp\u00f3\u0142czesnej MOCAK w\u00a0Krakowie, Muzeum Narodowym w\u00a0Gda\u0144sku oraz\u00a0w\u00a0kolekcjach prywatnych.<\/p>\n<p>&nbsp;<\/p>\n","protected":false},"excerpt":{"rendered":"<p>https:\/\/pracowniedowgladu.pl\/pracownia-agaty-kus\/ Projekt \u201epracownie do\u00a0wgl\u0105du\u201d po\u015bwi\u0119cony jest artystycznemu \u015brodowisku Krakowa. Wychodz\u0105c naprzeciw ch\u0119ci poznania miejsc na\u00a0co dzie\u0144&hellip;<\/p>\n","protected":false},"author":1,"featured_media":1451,"comment_status":"closed","ping_status":"open","sticky":false,"template":"","format":"standard","meta":{"footnotes":""},"categories":[8,14],"tags":[],"class_list":["post-1450","post","type-post","status-publish","format-standard","has-post-thumbnail","hentry","category-news","category-publications"],"_links":{"self":[{"href":"https:\/\/agatakus.pl\/index.php?rest_route=\/wp\/v2\/posts\/1450","targetHints":{"allow":["GET"]}}],"collection":[{"href":"https:\/\/agatakus.pl\/index.php?rest_route=\/wp\/v2\/posts"}],"about":[{"href":"https:\/\/agatakus.pl\/index.php?rest_route=\/wp\/v2\/types\/post"}],"author":[{"embeddable":true,"href":"https:\/\/agatakus.pl\/index.php?rest_route=\/wp\/v2\/users\/1"}],"replies":[{"embeddable":true,"href":"https:\/\/agatakus.pl\/index.php?rest_route=%2Fwp%2Fv2%2Fcomments&post=1450"}],"version-history":[{"count":3,"href":"https:\/\/agatakus.pl\/index.php?rest_route=\/wp\/v2\/posts\/1450\/revisions"}],"predecessor-version":[{"id":1454,"href":"https:\/\/agatakus.pl\/index.php?rest_route=\/wp\/v2\/posts\/1450\/revisions\/1454"}],"wp:featuredmedia":[{"embeddable":true,"href":"https:\/\/agatakus.pl\/index.php?rest_route=\/wp\/v2\/media\/1451"}],"wp:attachment":[{"href":"https:\/\/agatakus.pl\/index.php?rest_route=%2Fwp%2Fv2%2Fmedia&parent=1450"}],"wp:term":[{"taxonomy":"category","embeddable":true,"href":"https:\/\/agatakus.pl\/index.php?rest_route=%2Fwp%2Fv2%2Fcategories&post=1450"},{"taxonomy":"post_tag","embeddable":true,"href":"https:\/\/agatakus.pl\/index.php?rest_route=%2Fwp%2Fv2%2Ftags&post=1450"}],"curies":[{"name":"wp","href":"https:\/\/api.w.org\/{rel}","templated":true}]}}