{"id":1498,"date":"2019-04-10T20:19:34","date_gmt":"2019-04-10T18:19:34","guid":{"rendered":"http:\/\/agatakus.pl\/?p=1498"},"modified":"2019-04-10T20:21:39","modified_gmt":"2019-04-10T18:21:39","slug":"natura-w-sztuce-mocak-krakow","status":"publish","type":"post","link":"https:\/\/agatakus.pl\/?p=1498","title":{"rendered":"Natura w sztuce. MOCAK Krak\u00f3w."},"content":{"rendered":"<p><img loading=\"lazy\" decoding=\"async\" class=\"aligncenter size-full wp-image-1499\" src=\"https:\/\/agatakus.pl\/wp-content\/uploads\/2019\/04\/56158145_2289167594480030_6749496472363859968_n.png\" alt=\"\" width=\"820\" height=\"312\" srcset=\"https:\/\/agatakus.pl\/wp-content\/uploads\/2019\/04\/56158145_2289167594480030_6749496472363859968_n.png 820w, https:\/\/agatakus.pl\/wp-content\/uploads\/2019\/04\/56158145_2289167594480030_6749496472363859968_n-300x114.png 300w\" sizes=\"auto, (max-width: 820px) 100vw, 820px\" \/><\/p>\n<p>Malarstwo i video Agaty Kus na wystawie &#8222;Natura w Sztuce&#8221; w MOCAKU.<\/p>\n<p>\/\/ for English please scroll down \/\/<\/p>\n<p>Wystawa \u201eNatura w sztuce&#8221;<br \/>\nWernisa\u017c: 25.4.2019 godz. 18 \u2192 WST\u0118P WOLNY \u2192 <a href=\"https:\/\/www.facebook.com\/events\/319857798719045\/\" target=\"_blank\" rel=\"noopener\">Wernisa\u017c _ NOWE wystawy w MOCAK-u! | New exhibitions<\/a><br \/>\nCzas trwania wystawy: 26.4\u201329.9.2019<br \/>\nMiejsce: budynek A, poziom 0<br \/>\nKuratorzy: Delfina Ja\u0142owik, Maria Anna Potocka, Martyna Sobczyk<br \/>\nKoordynator: Agnieszka Sachar<\/p>\n<p>Cz\u0142owiek jest jedynym gatunkiem na Ziemi, kt\u00f3ry zapanowa\u0142 nad natur\u0105. Przez tysi\u0105clecia by\u0142o to panowanie drapie\u017ccy rozkoszuj\u0105cego si\u0119 swoj\u0105 si\u0142\u0105. Na szcz\u0119\u015bcie u ludzi zacz\u0119\u0142a wzrasta\u0107 empatia w odniesieniu do przyrody; dostrzegli jej b\u00f3l, wra\u017cliwo\u015b\u0107 i pi\u0119kno. Mniej wi\u0119cej sto lat temu pojawi\u0142a si\u0119 refleksja, \u017ce istnienie cz\u0142owieka \u015bci\u015ble zale\u017cy od stanu \u015brodowiska. Eksploatacja stopniowo przechodzi\u0142a w poszukiwanie balansu. Ten powolny proces bardzo wiele o nas m\u00f3wi. Nic wi\u0119c dziwnego, \u017ce sta\u0142 si\u0119 r\u00f3wnie\u017c wa\u017cnym polem komentarzy artystycznych.<\/p>\n<p>Na wystawie \u201eNatura w sztuce&#8221; pokazujemy wsp\u00f3\u0142czesne prace ponad 70 artyst\u00f3w z wielu kraj\u00f3w, wykonane w takich technikach, jak malarstwo, fotografia, wideo, obiekt i instalacja. Ekspozycja zosta\u0142a podzielona na pi\u0119\u0107 cz\u0119\u015bci: pi\u0119kno, ekologia, konfrontacja, materia i symbol.<\/p>\n<p>W pracach odnosz\u0105cych si\u0119 do pi\u0119kna arty\u015bci utrwalaj\u0105 malownicze widoki, imituj\u0105 procesy zachodz\u0105ce w naturze, wywo\u0142uj\u0105 wra\u017cenie obcowania z przyrod\u0105 oraz daj\u0105 mo\u017cliwo\u015b\u0107 kontemplowania jej doskona\u0142o\u015bci. Ekologia to troska o stan \u015brodowiska naturalnego, dzia\u0142ania na rzecz ochrony przyrody, ale tak\u017ce apokaliptyczne wizje przysz\u0142o\u015bci, w kt\u00f3rej natura mo\u017ce zosta\u0107 przez nas zniszczona. Konfrontacja obejmuje zderzenie \u2013 lub integracj\u0119 \u2013 artysty z si\u0142ami przyrody, pr\u00f3b\u0119 stawienia jej czo\u0142a, por\u00f3wnania si\u0142 i w\u0142\u0105czenia jej w proces tw\u00f3rczy. Materia to wykorzystanie przez tw\u00f3rc\u00f3w element\u00f3w organicznych, tworzenie przedstawie\u0144, kt\u00f3re skupiaj\u0105 si\u0119 na dok\u0142adnym oddaniu struktury i ekspresji danej powierzchni. Symbol w przewa\u017caj\u0105cej mierze odnosi si\u0119 do wizerunk\u00f3w zwierz\u0119cych, ilustruj\u0105cych ludzkie postawy oraz cechy charakteru.<\/p>\n<p>Arty\u015bci:<br \/>\nBasia Ba\u0144da, Kuba B\u0105kowski, Krzysztof M. Bednarski, Vaughn Bell, Michalina Bigaj, Julius von Bismarck, Blue Republic, Rafa\u0142 Borcz, Guido Casaretto, Maurizio Cattelan, Julian Charri\u00e8re, Tatiana Czekalska \/ Leszek Golec, Dawid Czycz, Oskar Dawicki, Wim Delvoye, Elmas Deniz, Jan Fabre, Julian Fa\u0142at, Lauren Fensterstock, Vibha Galhotra, Isa Genzken, Maya Gold, Trevor Gould, Nicolas Grospierre \/ Olga Mokrzycka-Grospierre, Nilbar G\u00fcre\u015f, Tomohiro Higashikage, Weronika Izdebska, Rolf Julius, Ewa Juszkiewicz, Anna Kanicka, Felix Kiessling, Fabian Knecht, Azade K\u00f6ker, Bartosz Kokosi\u0144ski, Wojciech Kopczy\u0144ski, Juliusz Kosin, Grzegorz Kozera, Agata Kus, Diana Lelonek, Rebecca Louise Law, Sarah Lucas, Piotr Luty\u0144ski, Krzysztof Maniak, Ma\u0142gorzata Markiewicz, Teresa Murak, Julian Opie, Meret Oppenheim, Witek Orski, Javier Perez, Dorota Podlaska, Henri Rousseau, Deborah Sengl, Luzia Simons, Robert Smithson, Justyna Smole\u0144, Wojciech Ireneusz Sobczyk, Daniel Spoerri, Jonasz Stern, Beat Streuli, Yoshihiro Suda, Leon Tarasewicz, Tomasz Tatarczyk, Toni R. Toivonen, Arie van \u2019t Riet, Kathleen Vance, Anna VanMatre, Willy Verginer, Zbigniew Warpechowski, Marek Wasilewski, Sinta Werner<\/p>\n<p>\/\/<\/p>\n<p>&#8222;Nature in Art\u201d exhibition<br \/>\nOpening date: 25.4.2019 at 6 pm \u2192 FREE ENTRY \u2192 <a href=\"https:\/\/www.facebook.com\/events\/319857798719045\/\" target=\"_blank\" rel=\"noopener\">Wernisa\u017c _ NOWE wystawy w MOCAK-u! | New exhibitions<\/a><br \/>\nRunning: 26.4\u201329.9.2019<br \/>\nVenue: building A, level 0<br \/>\nCurators: Delfina Ja\u0142owik, Maria Anna Potocka, Martyna Sobczyk<br \/>\nCo-ordinator: Agnieszka Sachar<\/p>\n<p>Mankind is the only species on Earth to have mastered nature. For thousands of years, this was a domination of the predators rejoicing in their power. Fortunately, human beings began to develop empathy in relation to nature; they recognised its pain, sensitivity and beauty. Some hundred years ago the reflection came that the existence of the human species depends closely on the state of the natural environment. Exploitation of nature gradually shifted towards seeking a balance. This slow process says a lot about our species. No wonder that it has also become an important forum of artistic commentary.<\/p>\n<p>At the exhibition &#8222;Nature in Art&#8221; we show contemporary works of more than 70 artists from many countries, in techniques ranging from painting, photography and video to object and installation. The exhibition has been divided into five parts: beauty, ecology, confrontation, matter and symbol.<\/p>\n<p>In works related to beauty artists eternalise picturesque views, imitate processes that take place in nature, evoke the sensation of being in the presence of nature and provide scope for the contemplation of its perfection. Ecology focuses on concern for the predicament of the natural environment, and action on behalf of the preservation of nature but also apocalyptic vis. Confrontation revolves around the clash \u2013 or integration \u2013 of the artist with the forces of nature, human endeavours to face up to its challenge and comparing their respective strengths as well as making nature part of the creative process. Matter relies on the artists employing organic elements and creating representations that rely on accurate rendition of the structure and expression of the given surface. Symbol predominantly refers to representations of animals that illustrate human stances and characteristics.<\/p>\n<p>Artists:<br \/>\nBasia Ba\u0144da, Kuba B\u0105kowski, Krzysztof M. Bednarski, Vaughn Bell, Michalina Bigaj, Julius von Bismarck, Blue Republic, Rafa\u0142 Borcz, Guido Casaretto, Maurizio Cattelan, Julian Charri\u00e8re, Tatiana Czekalska \/ Leszek Golec, Dawid Czycz, Oskar Dawicki, Wim Delvoye, Elmas Deniz, Jan Fabre, Julian Fa\u0142at, Lauren Fensterstock, Vibha Galhotra, Isa Genzken, Maya Gold, Trevor Gould, Nicolas Grospierre \/ Olga Mokrzycka-Grospierre, Nilbar G\u00fcre\u015f, Tomohiro Higashikage, Weronika Izdebska, Rolf Julius, Ewa Juszkiewicz, Anna Kanicka, Felix Kiessling, Fabian Knecht, Azade K\u00f6ker, Bartosz Kokosi\u0144ski, Wojciech Kopczy\u0144ski, Juliusz Kosin, Grzegorz Kozera, Agata Kus, Diana Lelonek, Rebecca Louise Law, Sarah Lucas, Piotr Luty\u0144ski, Krzysztof Maniak, Ma\u0142gorzata Markiewicz, Teresa Murak, Julian Opie, Meret Oppenheim, Witek Orski, Javier Perez, Dorota Podlaska, Henri Rousseau, Deborah Sengl, Luzia Simons, Robert Smithson, Justyna Smole\u0144, Wojciech Ireneusz Sobczyk, Daniel Spoerri, Jonasz Stern, Beat Streuli, Yoshihiro Suda, Leon Tarasewicz, Tomasz Tatarczyk, Toni R. Toivonen, Arie van \u2019t Riet, Kathleen Vance, Anna VanMatre, Willy Verginer, Zbigniew Warpechowski, Marek Wasilewski, Sinta Werner<br \/>\n____________________<br \/>\nPartner MOCAK-u | MOCAK Partner: <a href=\"https:\/\/www.facebook.com\/mpkkrakow\/\" target=\"_blank\" rel=\"noopener\">Miejskie Przedsi\u0119biorstwo Komunikacyjne S.A. w Krakowie<\/a><br \/>\nPatron Galerii Re | Re Gallery Patron: Re-Bau<\/p>\n<p>Partnerzy Projektu | Project Partners: <a href=\"https:\/\/www.facebook.com\/pages\/British-Council-Krak%C3%B3w\/106713326077658\" target=\"_blank\" rel=\"noopener\">British Council Krak\u00f3w<\/a>, Federal Chancellery Republic of Austria, <a href=\"https:\/\/www.facebook.com\/AustriackieForumKultury\/\" target=\"_blank\" rel=\"noopener\">Austriackie Forum Kultury<\/a><\/p>\n<p>Patroni medialni | Media Patrons: <a href=\"https:\/\/www.facebook.com\/Dwojka.PolskieRadio\/\" target=\"_blank\" rel=\"noopener\">Dw\u00f3jka &#8211; Program 2 Polskiego Radia<\/a>, <a href=\"https:\/\/www.facebook.com\/radiokrakow\/\" target=\"_blank\" rel=\"noopener\">Radio Krak\u00f3w<\/a>, <a href=\"https:\/\/www.facebook.com\/tvpkultura\/\" target=\"_blank\" rel=\"noopener\">TVP Kultura<\/a>, <a href=\"https:\/\/www.facebook.com\/TygodnikPrzeglad\/\" target=\"_blank\" rel=\"noopener\">Tygodnik Przegl\u0105d<\/a>, <a href=\"https:\/\/www.facebook.com\/cojestgrane\/\" target=\"_blank\" rel=\"noopener\">Co Jest Grane24<\/a>, <a href=\"https:\/\/www.facebook.com\/HarpersBazaarPolska\/\" target=\"_blank\" rel=\"noopener\">Harper\u2019s Bazaar Polska<\/a>, <a href=\"https:\/\/www.facebook.com\/labelmagazine\/\" target=\"_blank\" rel=\"noopener\">Label Magazine<\/a>, <a href=\"https:\/\/www.facebook.com\/loungemagazyn\/\" target=\"_blank\" rel=\"noopener\">Lounge Magazyn<\/a>, <a href=\"https:\/\/www.facebook.com\/KrakowInYourPocket\/\" target=\"_blank\" rel=\"noopener\">Krakow In Your Pocket<\/a>, <a href=\"https:\/\/www.facebook.com\/lovekrakow\/\" target=\"_blank\" rel=\"noopener\">LoveKrak\u00f3w.pl<\/a>, <a href=\"https:\/\/www.facebook.com\/magazynkarnet\/\" target=\"_blank\" rel=\"noopener\">Karnet<\/a><\/p>\n<p>Muzeum Sztuki Wsp\u00f3\u0142czesnej w Krakowie MOCAK \u2013 Instytucja kultury miasta Krakowa | MOCAK Museum of Contemporary Art in Krakow \u2013 A Cultural Institution of the City of Krakow Krak\u00f3w<\/p>\n","protected":false},"excerpt":{"rendered":"<p>Malarstwo i video Agaty Kus na wystawie &#8222;Natura w Sztuce&#8221; w MOCAKU. \/\/ for English please&hellip;<\/p>\n","protected":false},"author":1,"featured_media":1501,"comment_status":"closed","ping_status":"open","sticky":false,"template":"","format":"standard","meta":{"footnotes":""},"categories":[1],"tags":[],"class_list":["post-1498","post","type-post","status-publish","format-standard","has-post-thumbnail","hentry","category-bez-kategorii"],"_links":{"self":[{"href":"https:\/\/agatakus.pl\/index.php?rest_route=\/wp\/v2\/posts\/1498","targetHints":{"allow":["GET"]}}],"collection":[{"href":"https:\/\/agatakus.pl\/index.php?rest_route=\/wp\/v2\/posts"}],"about":[{"href":"https:\/\/agatakus.pl\/index.php?rest_route=\/wp\/v2\/types\/post"}],"author":[{"embeddable":true,"href":"https:\/\/agatakus.pl\/index.php?rest_route=\/wp\/v2\/users\/1"}],"replies":[{"embeddable":true,"href":"https:\/\/agatakus.pl\/index.php?rest_route=%2Fwp%2Fv2%2Fcomments&post=1498"}],"version-history":[{"count":2,"href":"https:\/\/agatakus.pl\/index.php?rest_route=\/wp\/v2\/posts\/1498\/revisions"}],"predecessor-version":[{"id":1502,"href":"https:\/\/agatakus.pl\/index.php?rest_route=\/wp\/v2\/posts\/1498\/revisions\/1502"}],"wp:featuredmedia":[{"embeddable":true,"href":"https:\/\/agatakus.pl\/index.php?rest_route=\/wp\/v2\/media\/1501"}],"wp:attachment":[{"href":"https:\/\/agatakus.pl\/index.php?rest_route=%2Fwp%2Fv2%2Fmedia&parent=1498"}],"wp:term":[{"taxonomy":"category","embeddable":true,"href":"https:\/\/agatakus.pl\/index.php?rest_route=%2Fwp%2Fv2%2Fcategories&post=1498"},{"taxonomy":"post_tag","embeddable":true,"href":"https:\/\/agatakus.pl\/index.php?rest_route=%2Fwp%2Fv2%2Ftags&post=1498"}],"curies":[{"name":"wp","href":"https:\/\/api.w.org\/{rel}","templated":true}]}}