{"id":1576,"date":"2019-03-05T21:27:18","date_gmt":"2019-03-05T20:27:18","guid":{"rendered":"http:\/\/agatakus.pl\/?p=1576"},"modified":"2019-08-05T21:35:31","modified_gmt":"2019-08-05T19:35:31","slug":"1576","status":"publish","type":"post","link":"https:\/\/agatakus.pl\/?p=1576","title":{"rendered":""},"content":{"rendered":"<h1>Wr\u0119czono Stypendia Tw\u00f3rcze Miasta Krakowa<\/h1>\n<div class=\"nav_cont\">\n<div id=\"nav_box\">\n<div id=\"read_text\" class=\"read_text\">\n<div class=\"audio_controls\"><a href=\"http:\/\/krakow.pl\/aktualnosci\/230491,33,komunikat,wreczono_stypendia_tworcze_miasta_krakowa.html\">Maginczy Krak\u00f3w &#8211; ca\u0142y artyku\u0142 kliknij tutaj<\/a><\/div>\n<\/div>\n<\/div>\n<\/div>\n<div id=\"article_text\">\n<div id=\"article_text_tresc\">\n<div class=\"art_short\">\n<p>Pisz\u0105 scenariusze, komponuj\u0105 muzyk\u0119, organizuj\u0105 wystawy, kr\u0119c\u0105 filmy, tworz\u0105 projekty wideo i instalacje, przywracaj\u0105 blask zabytkom \u2013 w \u015brod\u0119, 29 maja prezydent Jacek Majchrowski Stypendia Tw\u00f3rcze Miasta Krakowa. Nagrod\u0119 otrzyma\u0142o 40 tw\u00f3rc\u00f3w i mened\u017cer\u00f3w kultury.<\/p>\n<\/div>\n<div id=\"article_foto_big\">\n<p><img decoding=\"async\" src=\"https:\/\/mpi.krakow.pl\/zalacznik\/335706\/4.jpg\" alt=\"Wr\u0119czono Stypendia Tw\u00f3rcze Miasta Krakowa\" \/><\/p>\n<div class=\"clear_both\">\n<div class=\"float_left\"><span class=\"bold\">Fot. <\/span>Bogus\u0142aw \u015awierzowski \/ krakow.pl<\/div>\n<\/div>\n<\/div>\n<p>\u2013 W sumie od 1994 roku przyznano ju\u017c 446 Stypendi\u00f3w Tw\u00f3rczych Miasta Krakowa. W tym roku do tego grona do\u0142\u0105czy\u0142o kolejne 40 os\u00f3b. S\u0105dz\u0119, \u017ce b\u0119dziecie tymi osobami, kt\u00f3re tak\u017ce rozs\u0142awi\u0105 nasze miasto. I mam nadziej\u0119, \u017ce za jaki\u015b czas, kiedy b\u0119dziecie przygotowywa\u0107 swoje \u017cyciorysy, zaznaczycie, \u017ce byli\u015bcie stypendystami Miasta Krakowa\u00a0\u2013 m\u00f3wi\u0142 prezydent Jacek Majchrowski.<\/p>\n<p>Stypendia przyznaje prezydent Krakowa na podstawie propozycji przedstawionych przez Komisj\u0119 ds. Stypendium Tw\u00f3rczego Miasta Krakowa, z\u0142o\u017con\u0105 z wybitnych krakowskich przedstawicieli \u015brodowisk tw\u00f3rczych oraz mened\u017cer\u00f3w kultury. W tym roku komisji przewodniczy\u0142 Andrzej Kulig \u2013 zast\u0119pca prezydenta ds. polityki spo\u0142ecznej i komunalnej. Do konkursu wp\u0142yn\u0119\u0142o, a\u017c 220 wniosk\u00f3w.<\/p>\n<h3>Stypendia otrzymali:<\/h3>\n<p><strong>&#8211; w dziedzinie filmu:<\/strong><\/p>\n<ul>\n<li>Aleksandra Skorupa<\/li>\n<li>Betina Bo\u017cek<\/li>\n<\/ul>\n<p><strong>&#8211; w dziedzinie literatury:<\/strong><\/p>\n<ul>\n<li>Agnieszka Dauksza<\/li>\n<li>Zofia Wojtusik<\/li>\n<li>Beata Chom\u0105towska<\/li>\n<li>Grzegorz Bogda\u0142<\/li>\n<\/ul>\n<p><strong>&#8211; w dziedzinie sztuki wizualne oraz street art:<\/strong><\/p>\n<ul>\n<li>Agata Kus<\/li>\n<li>Teresa Frodyma<\/li>\n<li>Bogus\u0142aw Bachorczyk<\/li>\n<li>Anna Zabdyrska<\/li>\n<li>Ewa Rosiek-Buszko<\/li>\n<li>Krzysztof Klimek<\/li>\n<li>Wies\u0142aw Borkowski<\/li>\n<li>Leonard P\u0119dzia\u0142ek<\/li>\n<li>Urszula Palusi\u0144ska<\/li>\n<li>Kornel Janczy<\/li>\n<li>Ma\u0142gorzata Wielek-Mandrela<\/li>\n<\/ul>\n<p><strong>&#8211; w dziedzinie architektury:<\/strong><\/p>\n<ul>\n<li>Miko\u0142aj Getka-Kenig<\/li>\n<\/ul>\n<p><strong>&#8211; w dziedzinie muzyki powa\u017cnej:<\/strong><\/p>\n<ul>\n<li>Krzysztof Pietraszewski<\/li>\n<li>Gajusz K\u0119ska<\/li>\n<li>Martyna Zakrzewska<\/li>\n<\/ul>\n<p><strong>&#8211; w dziedzinie muzyki popularnej:<\/strong><\/p>\n<ul>\n<li>Agata Kuli\u015b<\/li>\n<\/ul>\n<p><strong>&#8211; w dziedzinie ta\u0144ca:<\/strong><\/p>\n<ul>\n<li>Magdalena Skowron<\/li>\n<li>Dominika Wiak<\/li>\n<li>\u0141ukasz Zi\u0119ba<\/li>\n<\/ul>\n<p><strong>&#8211; w dziedzinie teatr:<\/strong><\/p>\n<ul>\n<li>Marcin Wojciechowski<\/li>\n<li>Aleksandra Zieli\u0144ska<\/li>\n<li>Beniamin Bukowski<\/li>\n<\/ul>\n<p><strong>&#8211; w dziedzinie niematerialnego dziedzictwa Krakowa: folkloru i tradycji:<\/strong><\/p>\n<ul>\n<li>Marzena Krawczyk<\/li>\n<li>Filip Fotomajczyk<\/li>\n<\/ul>\n<p><strong>&#8211; w dziedzinie kultury ludowej:<\/strong><\/p>\n<ul>\n<li>Tobiasz Orze\u0142<\/li>\n<\/ul>\n<p><strong>&#8211; w dziedzinie opieka nad zabytkami:<\/strong><\/p>\n<ul>\n<li>Bo\u017cena Boba-Dyga<\/li>\n<\/ul>\n<p><strong>&#8211; w dziedzinie kultury cyfrowej:<\/strong><\/p>\n<ul>\n<li>Elwira Wojtunik-Lang<\/li>\n<\/ul>\n<p><strong>&#8211; w dziedzinie intermedia, projekty interdyscyplinarne z wykorzystaniem nowych technologii:<\/strong><\/p>\n<ul>\n<li>Katarzyna Oczkowska<\/li>\n<li>Jacek Z\u0142oczowski<\/li>\n<li>Marcin Szafra\u0144ski<\/li>\n<\/ul>\n<p><strong>&#8211; w dziedzinie animacji i edukacji kulturalnej:<\/strong><\/p>\n<ul>\n<li>Karolina Wycisk<\/li>\n<li>Zuzanna Surma<\/li>\n<li>Joanna Zawierucha-Gomu\u0142ka<\/li>\n<\/ul>\n<p><strong>&#8211; w dziedzinie zarz\u0105dzanie kultur\u0105 i wspieranie rozwoju kadr kultury:<\/strong><\/p>\n<ul>\n<li>Ma\u0142gorzata Hajto<\/li>\n<\/ul>\n<p>W tym roku w gronie laureat\u00f3w Stypendium w dziedzinie niematerialne dziedzictwo Krakowa: folklor i tradycja znalaz\u0142o si\u0119 po raz pierwszy dw\u00f3ch szopkarzy. Przypominamy, \u017ce 22 maja w siedzibie Departamentu Ochrony Zabytk\u00f3w Ministerstwa Kultury i Dziedzictwa Narodowego w Warszawie nast\u0105pi\u0142o przekazanie certyfikatu o wpisie szopkarstwa krakowskiego na List\u0119 Reprezentatywn\u0105 Niematerialnego Dziedzictwa Kulturowego Ludzko\u015bci UNESCO. Decyzja o wpisie tradycji budowy krakowskich szopek na te presti\u017cow\u0105 list\u0119 zapad\u0142a na posiedzeniu komitetu, kt\u00f3re odby\u0142o si\u0119 29 listopada 2018 r. na Mauritiusie. To pierwszy taki wpis dotycz\u0105cy niematerialnego dziedzictwa z Polski.<\/p>\n<\/div>\n<\/div>\n","protected":false},"excerpt":{"rendered":"<p>Wr\u0119czono Stypendia Tw\u00f3rcze Miasta Krakowa Maginczy Krak\u00f3w &#8211; ca\u0142y artyku\u0142 kliknij tutaj Pisz\u0105 scenariusze, komponuj\u0105 muzyk\u0119,&hellip;<\/p>\n","protected":false},"author":1,"featured_media":1577,"comment_status":"closed","ping_status":"open","sticky":false,"template":"","format":"standard","meta":{"footnotes":""},"categories":[6,8],"tags":[],"class_list":["post-1576","post","type-post","status-publish","format-standard","has-post-thumbnail","hentry","category-events","category-news"],"_links":{"self":[{"href":"https:\/\/agatakus.pl\/index.php?rest_route=\/wp\/v2\/posts\/1576","targetHints":{"allow":["GET"]}}],"collection":[{"href":"https:\/\/agatakus.pl\/index.php?rest_route=\/wp\/v2\/posts"}],"about":[{"href":"https:\/\/agatakus.pl\/index.php?rest_route=\/wp\/v2\/types\/post"}],"author":[{"embeddable":true,"href":"https:\/\/agatakus.pl\/index.php?rest_route=\/wp\/v2\/users\/1"}],"replies":[{"embeddable":true,"href":"https:\/\/agatakus.pl\/index.php?rest_route=%2Fwp%2Fv2%2Fcomments&post=1576"}],"version-history":[{"count":2,"href":"https:\/\/agatakus.pl\/index.php?rest_route=\/wp\/v2\/posts\/1576\/revisions"}],"predecessor-version":[{"id":1579,"href":"https:\/\/agatakus.pl\/index.php?rest_route=\/wp\/v2\/posts\/1576\/revisions\/1579"}],"wp:featuredmedia":[{"embeddable":true,"href":"https:\/\/agatakus.pl\/index.php?rest_route=\/wp\/v2\/media\/1577"}],"wp:attachment":[{"href":"https:\/\/agatakus.pl\/index.php?rest_route=%2Fwp%2Fv2%2Fmedia&parent=1576"}],"wp:term":[{"taxonomy":"category","embeddable":true,"href":"https:\/\/agatakus.pl\/index.php?rest_route=%2Fwp%2Fv2%2Fcategories&post=1576"},{"taxonomy":"post_tag","embeddable":true,"href":"https:\/\/agatakus.pl\/index.php?rest_route=%2Fwp%2Fv2%2Ftags&post=1576"}],"curies":[{"name":"wp","href":"https:\/\/api.w.org\/{rel}","templated":true}]}}