{"id":1603,"date":"2019-06-25T21:54:03","date_gmt":"2019-06-25T19:54:03","guid":{"rendered":"http:\/\/agatakus.pl\/?p=1603"},"modified":"2019-08-05T21:59:26","modified_gmt":"2019-08-05T19:59:26","slug":"promocja-ksiazki-kobieta-afekt-i-pragnienie","status":"publish","type":"post","link":"https:\/\/agatakus.pl\/?p=1603","title":{"rendered":"Promocja ksi\u0105\u017cki \u201eKobieta, afekt i pragnienie\u201d"},"content":{"rendered":"<p><iframe loading=\"lazy\" src=\"https:\/\/player.vimeo.com\/video\/344067012\" width=\"640\" height=\"360\" frameborder=\"0\" allowfullscreen=\"allowfullscreen\"><\/iframe><a href=\"https:\/\/vimeo.com\/344067012\">&#8222;Kobieta, afekt i pragnienie we wsp\u00f3\u0142czesnym malarstwie&#8221;<\/a> from <a href=\"https:\/\/vimeo.com\/msnwarszawa\">Muzeum Sztuki Nowoczesnej<\/a> on <a href=\"https:\/\/vimeo.com\">Vimeo<\/a>.<\/p>\n<p>&nbsp;<\/p>\n<p>Muzeum Sztuki Nowoczesnej w Warszawie zaprasza na spotkanie wok\u00f3\u0142 publikacji \u201eKobieta, afekt i pragnienie we wsp\u00f3\u0142czesnym malarstwie\u201d, kt\u00f3re towarzyszy aktualnej wystawie w Muzeum \u201eFarba znaczy krew.\u201d<\/p>\n<p>Ksi\u0105\u017cka, zaprojektowana przez Kaj\u0119 Kusztr\u0119, sk\u0142ada si\u0119 z eseju kuratorki, Natalii Sielewicz, pi\u0119ciu tekst\u00f3w literackich inspirowanych malarstwem prezentowanym na wystawie lub odnosz\u0105cych si\u0119 do niego w spos\u00f3b metaforyczny, a tak\u017ce z biogram\u00f3w pi\u0119\u0107dziesi\u0119ciu artystek, zaproszonych do zaprezentowania swoich prac w ramach wystawy.<\/p>\n<p>Katalog jest zar\u00f3wno uzupe\u0142nieniem koncepcji kuratorskiej, jak r\u00f3wnie\u017c rodzajem albumu i przewodnika po wsp\u00f3\u0142czesnym malarstwie i kobiecym spojrzeniu. Teksty literackie w niej zawarte otwieraj\u0105 nowe pola interpretacji prac prezentowanych na wystawie i stanowi\u0105 punkt wyj\u015bcia do refleksji nad tytu\u0142owymi: kobiet\u0105, afektem i pragnieniem w malarstwie.<\/p>\n<p>Dnia 25 czerwca o godzinie 18:00 we foyer Muzeum nad Wis\u0142\u0105 odb\u0119dzie si\u0119 dyskusja z autorkami esej\u00f3w: Barbar\u0105 Klick\u0105, Aldon\u0105 Kopkiewicz, Natali\u0105 Malek i Natali\u0105 Sielewicz, kt\u00f3re poprowadzi krytyczka literacka i teoretyczka queer Marta Konarzewska.<\/p>\n<p>BIOGRAMY:<\/p>\n<p><a href=\"https:\/\/www.facebook.com\/natalia.sielewicz.1\" target=\"_blank\" rel=\"noopener\">Natalia Sielewicz<\/a><br \/>\nhistoryczka sztuki i kuratorka w Muzeum Sztuki Nowoczesnej w Warszawie. Absolwentka Central Saint Martins College i Courtauld Institute w Londynie. W Muzeum Sztuki Nowoczesnej w Warszawie kuratorowa\u0142a wystawy: \u201eFarba znaczy krew. Kobieta, afekt i pragnienie we wsp\u00f3\u0142czesnym malarstwie\u201d (2019), \u201eChuliganki\u201d (2017), \u201eMinisterstwo Spraw Wewn\u0119trznych. Intymno\u015b\u0107 jako tekst\u201d (2017), \u201eChleb i R\u00f3\u017ce. Arty\u015bci wobec podzia\u0142\u00f3w klasowych\u201d (2015, wsp\u00f3lnie z \u0141ukaszem Rondud\u0105), \u201eUstawienia prywatno\u015bci. Sztuka po internecie\u201d (2014). Kuratorka i producentka licznych performans\u00f3w ii wydarze\u0144 dyskursywnych. Publikowa\u0142a w \u201eArtforum\u201d, \u201eMousse Magazine\u201d, \u201eWidok. Teorie i praktyki kultury wizualnej\u201d i wielu katalogach artystycznych.<\/p>\n<p><a href=\"https:\/\/www.facebook.com\/natalia.malek.39\" target=\"_blank\" rel=\"noopener\">Natalia Malek<\/a><br \/>\npoetka i kuratorka wydarze\u0144 literackich. Wyda\u0142a trzy ksi\u0105\u017cki poetyckie: Pracowite popo\u0142udnia (2010), Szaber, z ilustracjami Joanny Grochockiej (2014) oraz Kord, z fotografiami Anny Grzelewskiej (2017). Laureatka Nagrody im. Adama W\u0142odka. Nominowana do Nagrody Literackiej Gdynia (2015, 2018) oraz Nagrody Literackiej im. Wis\u0142awy Szymborskiej (2018). Wiersze, teksty o literaturze oraz sztuce publikowa\u0142a m.in. w \u201eGazecie Wyborczej\u201d,\u201ePrzekroju\u201d, \u201ePi\u015bmie\u201d, \u201eOdrze\u201d, \u201eDwutygodniku\u201d. Najm\u0142odsza z Solistek z Antologii poezji kobiet (1989\u20132009), jedna z autorek Warkoczami. Antologii nowej poezji. Od o\u015bmiu lat wsp\u00f3\u0142tworzy cykl seminari\u00f3w o literaturze i sztuce kobiet Wsp\u00f3lny Pok\u00f3j w Staromiejskim Domu Kultury w Warszawie, prowadzi spotkania po\u015bwi\u0119cone literaturze kraj\u00f3w angloj\u0119zycznych oraz zwi\u0105zkom literatury i sztuk wizualnych.<\/p>\n<p><a href=\"https:\/\/www.facebook.com\/basia.klicka\" target=\"_blank\" rel=\"noopener\">Barbara Klicka<\/a><br \/>\npoetka, prozaiczka. Debiutowa\u0142a w 2000 roku. W latach 2010\u20132014 pracowa\u0142a jako redaktorka kwartalnika \u201eCwiszn\u201d, po\u015bwi\u0119conego literaturze i sztuce \u017cydowskiej. W 2012 wyda\u0142a tom same same, nominowany do Wroc\u0142awskiej Nagrody Poetyckiej Silesius. W 2016 za ksi\u0105\u017ck\u0119 nice zosta\u0142a uhonorowana Nagrod\u0105 Literack\u0105 Gdynia.<\/p>\n<p><a href=\"https:\/\/www.facebook.com\/ald.ald\" target=\"_blank\" rel=\"noopener\">Aldona Kopkiewicz<\/a><br \/>\nautorka ksi\u0105\u017cek poetyckich sierpie\u0144 I i Szczodra. Pisze tak\u017ce proz\u0119 i eseje (publikowane g\u0142\u00f3wnie w \u201eDwutygodniku\u201d, \u201eHa!arcie\u201d, \u201eRicie Baum\u201d, \u201eTw\u00f3rczo\u015bci\u201d), bywa dramaturgiem. W 2016 sierpie\u0144 zosta\u0142 wyr\u00f3\u017cniony Wroc\u0142awsk\u0105 Nagrod\u0105 Poetyck\u0105 Silesius za debiut roku.<\/p>\n<p><a href=\"https:\/\/www.facebook.com\/marta.konarzewska.5\" target=\"_blank\" rel=\"noopener\">Marta Konarzewska<\/a><br \/>\npolonistka, krytyczka literacka, teoretyczka queer. Pracuje nad doktoratem o polskiej literaturze feministycznej. Autorka g\u0142o\u015bnego tekstu Jestem nauczycielk\u0105 i jestem lesbijk\u0105 w \u201eGazecie Wyborczej\u201d. Organizatorka manif, parad i wiec\u00f3w mniejszo\u015bciowych. Wicenaczelna lesbijsko-feministycznego magazynu \u201eFuria\u201d.<br \/>\n&#8212;<\/p>\n<p>Wi\u0119cej informacji o ksi\u0105\u017cce na stronie Muzeum: <a href=\"https:\/\/artmuseum.pl\/pl\/publikacje\/red-natalia-sielewicz-kobieta-afekt-i-pragnienie-we?fbclid=IwAR2tXZscC7J-rN3vzQaeOMQm1ROaXo0cGw32aJBBla0uSFMSdo1Q6fMShRE\" target=\"_blank\" rel=\"nofollow noopener\" data-lynx-mode=\"hover\" data-lynx-uri=\"https:\/\/l.facebook.com\/l.php?u=https%3A%2F%2Fartmuseum.pl%2Fpl%2Fpublikacje%2Fred-natalia-sielewicz-kobieta-afekt-i-pragnienie-we%3Ffbclid%3DIwAR2tXZscC7J-rN3vzQaeOMQm1ROaXo0cGw32aJBBla0uSFMSdo1Q6fMShRE&amp;h=AT37sA26-wmOazTR95KV-S-rlmPF7lB8Jh1XoNmLzJJJ80aCNQqarSKXpLzmYs0nk7ZZn7z_KUZ3nzrmPjXmcLsAkQ1ef1g6ccpuS0l3uCVV-m3yYh-rFTAGRQ5TRSgtPKVlJx2yxg\">https:\/\/artmuseum.pl\/pl\/publikacje\/red-natalia-sielewicz-kobieta-afekt-i-pragnienie-we<\/a><\/p>\n","protected":false},"excerpt":{"rendered":"<p>&#8222;Kobieta, afekt i pragnienie we wsp\u00f3\u0142czesnym malarstwie&#8221; from Muzeum Sztuki Nowoczesnej on Vimeo. &nbsp; Muzeum Sztuki&hellip;<\/p>\n","protected":false},"author":1,"featured_media":1604,"comment_status":"closed","ping_status":"open","sticky":false,"template":"","format":"standard","meta":{"footnotes":""},"categories":[6,8,14],"tags":[],"class_list":["post-1603","post","type-post","status-publish","format-standard","has-post-thumbnail","hentry","category-events","category-news","category-publications"],"_links":{"self":[{"href":"https:\/\/agatakus.pl\/index.php?rest_route=\/wp\/v2\/posts\/1603","targetHints":{"allow":["GET"]}}],"collection":[{"href":"https:\/\/agatakus.pl\/index.php?rest_route=\/wp\/v2\/posts"}],"about":[{"href":"https:\/\/agatakus.pl\/index.php?rest_route=\/wp\/v2\/types\/post"}],"author":[{"embeddable":true,"href":"https:\/\/agatakus.pl\/index.php?rest_route=\/wp\/v2\/users\/1"}],"replies":[{"embeddable":true,"href":"https:\/\/agatakus.pl\/index.php?rest_route=%2Fwp%2Fv2%2Fcomments&post=1603"}],"version-history":[{"count":1,"href":"https:\/\/agatakus.pl\/index.php?rest_route=\/wp\/v2\/posts\/1603\/revisions"}],"predecessor-version":[{"id":1605,"href":"https:\/\/agatakus.pl\/index.php?rest_route=\/wp\/v2\/posts\/1603\/revisions\/1605"}],"wp:featuredmedia":[{"embeddable":true,"href":"https:\/\/agatakus.pl\/index.php?rest_route=\/wp\/v2\/media\/1604"}],"wp:attachment":[{"href":"https:\/\/agatakus.pl\/index.php?rest_route=%2Fwp%2Fv2%2Fmedia&parent=1603"}],"wp:term":[{"taxonomy":"category","embeddable":true,"href":"https:\/\/agatakus.pl\/index.php?rest_route=%2Fwp%2Fv2%2Fcategories&post=1603"},{"taxonomy":"post_tag","embeddable":true,"href":"https:\/\/agatakus.pl\/index.php?rest_route=%2Fwp%2Fv2%2Ftags&post=1603"}],"curies":[{"name":"wp","href":"https:\/\/api.w.org\/{rel}","templated":true}]}}