{"id":1610,"date":"2019-05-05T23:00:40","date_gmt":"2019-05-05T21:00:40","guid":{"rendered":"http:\/\/agatakus.pl\/?p=1610"},"modified":"2019-08-05T23:18:57","modified_gmt":"2019-08-05T21:18:57","slug":"jestem-krakow-krakowianie-wczoraj-i-dzis","status":"publish","type":"post","link":"https:\/\/agatakus.pl\/?p=1610","title":{"rendered":"Jestem Krak\u00f3w. Krakowianie wczoraj i dzi\u015b. ALBUM."},"content":{"rendered":"<p>&nbsp;<\/p>\n<p><iframe loading=\"lazy\" src=\"https:\/\/www.youtube.com\/embed\/W6tWLYjwIv8\" width=\"560\" height=\"315\" frameborder=\"0\" allowfullscreen=\"allowfullscreen\"><\/iframe><\/p>\n<p>&nbsp;<\/p>\n<p><img loading=\"lazy\" decoding=\"async\" class=\"aligncenter size-full wp-image-1612\" src=\"https:\/\/agatakus.pl\/wp-content\/uploads\/2019\/08\/Jestem-Krakow.jpg\" alt=\"\" width=\"800\" height=\"579\" srcset=\"https:\/\/agatakus.pl\/wp-content\/uploads\/2019\/08\/Jestem-Krakow.jpg 800w, https:\/\/agatakus.pl\/wp-content\/uploads\/2019\/08\/Jestem-Krakow-300x217.jpg 300w\" sizes=\"auto, (max-width: 800px) 100vw, 800px\" \/><\/p>\n<p>&nbsp;<\/p>\n<p>31 maja 1899 roku Rada Miasta Krakowa podj\u0119\u0142a uchwa\u0142\u0119 o powo\u0142aniu do \u017cycia Muzeum Historycznego Miasta Krakowa przy Archiwum Akt\u00f3w Dawnych Miasta Krakowa.<br \/>\nW roku jubileuszu 120-lecia dzia\u0142alno\u015bci Muzeum Krakowa oddajemy w Pa\u0144stwa r\u0119ce wyj\u0105tkow\u0105 publikacj\u0119 &#8211; album, w kt\u00f3rym &#8222;przegl\u0105daj\u0105 si\u0119 w sobie&#8221; krakowianie \u017cyj\u0105cy wsp\u00f3\u0142cze\u015bnie i ci sprzed 120 lat.<br \/>\nDo publikacji wybrano 120 historycznych fotografii, kt\u00f3re zestawiono z ich wsp\u00f3\u0142czesnymi odpowiednikami wykonanymi specjalnie na potrzeby tego wydawnictwa.<br \/>\nPrzedstawiaj\u0105 one r\u00f3\u017cnego typu wizerunki krakowian, ludzi, kt\u00f3rzy w Krakowie mieszkaj\u0105, cho\u0107 niekoniecznie tu si\u0119 urodzili.<br \/>\nNiekt\u00f3rzy krakowianie przybyli do miasta w r\u00f3\u017cnych momentach swego \u017cycia i pokochali to miejsce tak bardzo, \u017ce zostali tu ju\u017c na sta\u0142e.<br \/>\nPrzy wyborze fotografii do albumu pierwszym kryterium selekcji materia\u0142u by\u0142a data ich powstania &#8211; prze\u0142om XIX i XX wieku, czyli okres, kiedy powsta\u0142o Muzeum Krakowa.<br \/>\nPo wt\u00f3re, ide\u0105 publikacji by\u0142o zaprezentowanie jak najszerszego przekroju \u00f3wczesnej spo\u0142eczno\u015bci miasta, pocz\u0105wszy od os\u00f3b pe\u0142ni\u0105cych funkcje publiczne, przedstawicieli r\u00f3\u017cnych zawod\u00f3w, a\u017c po zwyk\u0142ych mieszka\u0144c\u00f3w Krakowa.<br \/>\nW efekcie w albumie znajduj\u0105 si\u0119 wizerunki os\u00f3b znanych i zas\u0142u\u017conych, kt\u00f3re s\u0105siaduj\u0105 z portretami ludzi nieznanych z imienia i nazwiska. Nie zabrak\u0142o r\u00f3wnie\u017c scenek obyczajowych, dziej\u0105cych si\u0119 w przestrzeni miejskiej, jak r\u00f3wnie\u017c fotografii ukazuj\u0105cych kultywowane do dzi\u015b krakowskie tradycje.<\/p>\n<p><a href=\"https:\/\/www.muzeumkrakowa.pl\/sklep\/jestem-krakow-krakowianie-wczoraj-i-dzis\">MUZEUM KRAKOWA &#8211; SKLEP<\/a><\/p>\n","protected":false},"excerpt":{"rendered":"<p>&nbsp; &nbsp; &nbsp; 31 maja 1899 roku Rada Miasta Krakowa podj\u0119\u0142a uchwa\u0142\u0119 o powo\u0142aniu do \u017cycia&hellip;<\/p>\n","protected":false},"author":1,"featured_media":1615,"comment_status":"closed","ping_status":"open","sticky":false,"template":"","format":"standard","meta":{"footnotes":""},"categories":[8,14],"tags":[],"class_list":["post-1610","post","type-post","status-publish","format-standard","has-post-thumbnail","hentry","category-news","category-publications"],"_links":{"self":[{"href":"https:\/\/agatakus.pl\/index.php?rest_route=\/wp\/v2\/posts\/1610","targetHints":{"allow":["GET"]}}],"collection":[{"href":"https:\/\/agatakus.pl\/index.php?rest_route=\/wp\/v2\/posts"}],"about":[{"href":"https:\/\/agatakus.pl\/index.php?rest_route=\/wp\/v2\/types\/post"}],"author":[{"embeddable":true,"href":"https:\/\/agatakus.pl\/index.php?rest_route=\/wp\/v2\/users\/1"}],"replies":[{"embeddable":true,"href":"https:\/\/agatakus.pl\/index.php?rest_route=%2Fwp%2Fv2%2Fcomments&post=1610"}],"version-history":[{"count":3,"href":"https:\/\/agatakus.pl\/index.php?rest_route=\/wp\/v2\/posts\/1610\/revisions"}],"predecessor-version":[{"id":1616,"href":"https:\/\/agatakus.pl\/index.php?rest_route=\/wp\/v2\/posts\/1610\/revisions\/1616"}],"wp:featuredmedia":[{"embeddable":true,"href":"https:\/\/agatakus.pl\/index.php?rest_route=\/wp\/v2\/media\/1615"}],"wp:attachment":[{"href":"https:\/\/agatakus.pl\/index.php?rest_route=%2Fwp%2Fv2%2Fmedia&parent=1610"}],"wp:term":[{"taxonomy":"category","embeddable":true,"href":"https:\/\/agatakus.pl\/index.php?rest_route=%2Fwp%2Fv2%2Fcategories&post=1610"},{"taxonomy":"post_tag","embeddable":true,"href":"https:\/\/agatakus.pl\/index.php?rest_route=%2Fwp%2Fv2%2Ftags&post=1610"}],"curies":[{"name":"wp","href":"https:\/\/api.w.org\/{rel}","templated":true}]}}