{"id":1634,"date":"2019-11-21T12:35:08","date_gmt":"2019-11-21T11:35:08","guid":{"rendered":"http:\/\/agatakus.pl\/?p=1634"},"modified":"2019-11-22T12:36:52","modified_gmt":"2019-11-22T11:36:52","slug":"booooooom-dawid-czycz-karolina-jablonska-agata-kus-karol-palczak-konrad-zukowski-generacja-krakowskich-malarek-i-malarzy-urodzonych-okolo-1990-roku","status":"publish","type":"post","link":"https:\/\/agatakus.pl\/?p=1634","title":{"rendered":"Booooooom. Dawid Czycz, Karolina Jab\u0142o\u0144ska, Agata Kus, Karol Palczak, Konrad \u017bukowski. Generacja krakowskich malarek i malarzy urodzonych oko\u0142o 1990 roku."},"content":{"rendered":"<p>Booooooom. Dawid Czycz, Karolina Jab\u0142o\u0144ska, Agata Kus, Karol Palczak, Konrad \u017bukowski. Generacja krakowskich malarek i malarzy urodzonych oko\u0142o 1990 roku. Kolekcja Fundacji Dell\u2019Arte.<br \/>\nkurator: Mariusz Horanin<\/p>\n<p>Wernisa\u017c 19:30-22:00h, 29 listopada.<br \/>\nWystawa 29.11.-20.12.2019<br \/>\nGaleria \u015aladowski, ul. Stefana Batorego 2, Krak\u00f3w<br \/>\ntel. 503 456 444<\/p>\n<p>Wystawa zorganizowana z potrzeby pokazania pi\u0119kna i dla przyjemno\u015bci. Przyjd\u017acie t\u0142umnie\ud83d\udd25 \ud83d\udd25 \ud83d\udd25<br \/>\nTekst do wystawy na wernisa\u017cu.<\/p>\n<p>Honorowy patronat: Miasto Krak\u00f3w \ud83d\ude42<\/p>\n<p>Neonowy patronat: Nocny Art Patrol \ud83d\ude0e<\/p>\n<p>Wystawa zorganizowana we wsp\u00f3\u0142pracy z Fundacj\u0105 Dell&#8217;Arte i przy wsparciu finansowym Gminy Miasta Krakowa \/ <a href=\"http:\/\/www.krakow.pl\/?fbclid=IwAR1OYeoF8rwnR1OlP6FDFVRYEHSsANjL_d8VpD-W26IRcbXHrp-ZV2Ubg8I\" target=\"_blank\" rel=\"nofollow noopener\" data-lynx-mode=\"hover\" data-lynx-uri=\"https:\/\/l.facebook.com\/l.php?u=http%3A%2F%2Fwww.krakow.pl%2F%3Ffbclid%3DIwAR1OYeoF8rwnR1OlP6FDFVRYEHSsANjL_d8VpD-W26IRcbXHrp-ZV2Ubg8I&amp;h=AT30N_Q-G0VI3BMXl7Q7LB7Wl6NcejctNn1Rpq388pbyZaPK0eTr0LLq0v6mtDdonfXbi2soQcnpS7_Pc6Im4CdGvWpS0nBYiPth2RYfNnHJB2-7JNN-qTj5Za6Rddpx3NUrtqPhUA\">http:\/\/www.krakow.pl\/<\/a><\/p>\n","protected":false},"excerpt":{"rendered":"<p>Booooooom. Dawid Czycz, Karolina Jab\u0142o\u0144ska, Agata Kus, Karol Palczak, Konrad \u017bukowski. Generacja krakowskich malarek i malarzy&hellip;<\/p>\n","protected":false},"author":1,"featured_media":1635,"comment_status":"closed","ping_status":"open","sticky":false,"template":"","format":"standard","meta":{"footnotes":""},"categories":[6,8],"tags":[],"class_list":["post-1634","post","type-post","status-publish","format-standard","has-post-thumbnail","hentry","category-events","category-news"],"_links":{"self":[{"href":"https:\/\/agatakus.pl\/index.php?rest_route=\/wp\/v2\/posts\/1634","targetHints":{"allow":["GET"]}}],"collection":[{"href":"https:\/\/agatakus.pl\/index.php?rest_route=\/wp\/v2\/posts"}],"about":[{"href":"https:\/\/agatakus.pl\/index.php?rest_route=\/wp\/v2\/types\/post"}],"author":[{"embeddable":true,"href":"https:\/\/agatakus.pl\/index.php?rest_route=\/wp\/v2\/users\/1"}],"replies":[{"embeddable":true,"href":"https:\/\/agatakus.pl\/index.php?rest_route=%2Fwp%2Fv2%2Fcomments&post=1634"}],"version-history":[{"count":1,"href":"https:\/\/agatakus.pl\/index.php?rest_route=\/wp\/v2\/posts\/1634\/revisions"}],"predecessor-version":[{"id":1636,"href":"https:\/\/agatakus.pl\/index.php?rest_route=\/wp\/v2\/posts\/1634\/revisions\/1636"}],"wp:featuredmedia":[{"embeddable":true,"href":"https:\/\/agatakus.pl\/index.php?rest_route=\/wp\/v2\/media\/1635"}],"wp:attachment":[{"href":"https:\/\/agatakus.pl\/index.php?rest_route=%2Fwp%2Fv2%2Fmedia&parent=1634"}],"wp:term":[{"taxonomy":"category","embeddable":true,"href":"https:\/\/agatakus.pl\/index.php?rest_route=%2Fwp%2Fv2%2Fcategories&post=1634"},{"taxonomy":"post_tag","embeddable":true,"href":"https:\/\/agatakus.pl\/index.php?rest_route=%2Fwp%2Fv2%2Ftags&post=1634"}],"curies":[{"name":"wp","href":"https:\/\/api.w.org\/{rel}","templated":true}]}}