{"id":1641,"date":"2019-12-13T17:46:55","date_gmt":"2019-12-13T16:46:55","guid":{"rendered":"http:\/\/agatakus.pl\/?p=1641"},"modified":"2019-12-13T17:53:00","modified_gmt":"2019-12-13T16:53:00","slug":"family-band-warsztaty-rodzinne-bunkier-sztuki-14-12-2019-godz-1200","status":"publish","type":"post","link":"https:\/\/agatakus.pl\/?p=1641","title":{"rendered":"Family Band. Warsztaty rodzinne, Bunkier Sztuki 14. 12. 2019 godz. 12:00"},"content":{"rendered":"<p>Zapraszamy dzieci w wieku 8\u201312 lat na warsztaty edukacyjne zwi\u0105zane z wybranymi pracami malarskimi Agaty Kus z wystawy Horror Picture Show. W trakcie spotkania uczestnicy poznaj\u0105 tw\u00f3rczo\u015b\u0107 krakowskiej artystki oraz wsp\u00f3lnie z opiekunami wykonaj\u0105 malarskie interpretacje r\u00f3\u017cnych gatunk\u00f3w muzyki.<\/p>\n<p>Wydarzenie towarzysz\u0105ce wystawie <a href=\"https:\/\/www.facebook.com\/events\/2358332444419013\/\" target=\"_blank\" rel=\"noopener\">Agata Kus Horror Picture Show<\/a>.<\/p>\n<p>Dla dziecka wst\u0119p w cenie 2 z\u0142 (dla opiekuna wst\u0119p bezp\u0142atny)<br \/>\nIlo\u015b\u0107 miejsc ograniczona. Obowi\u0105zuj\u0105 zapisy: Gabriela Brdej, brdej@bunkier.art.pl, +48 662 522 152<\/p>\n<p>prowadzenie: Krzysztof Marchlak<\/p>\n","protected":false},"excerpt":{"rendered":"<p>Zapraszamy dzieci w wieku 8\u201312 lat na warsztaty edukacyjne zwi\u0105zane z wybranymi pracami malarskimi Agaty Kus&hellip;<\/p>\n","protected":false},"author":1,"featured_media":1630,"comment_status":"closed","ping_status":"open","sticky":false,"template":"","format":"standard","meta":{"footnotes":""},"categories":[6,8],"tags":[],"class_list":["post-1641","post","type-post","status-publish","format-standard","has-post-thumbnail","hentry","category-events","category-news"],"_links":{"self":[{"href":"https:\/\/agatakus.pl\/index.php?rest_route=\/wp\/v2\/posts\/1641","targetHints":{"allow":["GET"]}}],"collection":[{"href":"https:\/\/agatakus.pl\/index.php?rest_route=\/wp\/v2\/posts"}],"about":[{"href":"https:\/\/agatakus.pl\/index.php?rest_route=\/wp\/v2\/types\/post"}],"author":[{"embeddable":true,"href":"https:\/\/agatakus.pl\/index.php?rest_route=\/wp\/v2\/users\/1"}],"replies":[{"embeddable":true,"href":"https:\/\/agatakus.pl\/index.php?rest_route=%2Fwp%2Fv2%2Fcomments&post=1641"}],"version-history":[{"count":1,"href":"https:\/\/agatakus.pl\/index.php?rest_route=\/wp\/v2\/posts\/1641\/revisions"}],"predecessor-version":[{"id":1642,"href":"https:\/\/agatakus.pl\/index.php?rest_route=\/wp\/v2\/posts\/1641\/revisions\/1642"}],"wp:featuredmedia":[{"embeddable":true,"href":"https:\/\/agatakus.pl\/index.php?rest_route=\/wp\/v2\/media\/1630"}],"wp:attachment":[{"href":"https:\/\/agatakus.pl\/index.php?rest_route=%2Fwp%2Fv2%2Fmedia&parent=1641"}],"wp:term":[{"taxonomy":"category","embeddable":true,"href":"https:\/\/agatakus.pl\/index.php?rest_route=%2Fwp%2Fv2%2Fcategories&post=1641"},{"taxonomy":"post_tag","embeddable":true,"href":"https:\/\/agatakus.pl\/index.php?rest_route=%2Fwp%2Fv2%2Ftags&post=1641"}],"curies":[{"name":"wp","href":"https:\/\/api.w.org\/{rel}","templated":true}]}}