{"id":1663,"date":"2019-11-02T23:10:50","date_gmt":"2019-11-02T22:10:50","guid":{"rendered":"http:\/\/agatakus.pl\/?p=1663"},"modified":"2020-02-02T23:14:14","modified_gmt":"2020-02-02T22:14:14","slug":"nowe-spojrzenie-muzeum-narodowe-w-gdansku","status":"publish","type":"post","link":"https:\/\/agatakus.pl\/?p=1663","title":{"rendered":"&#8221; Nowe spojrzenie&#8221;, Muzeum Narodowe w Gda\u0144sku"},"content":{"rendered":"<p>Wystawa pt.&#8221; Nowe spojrzenie&#8221; prezentuje wyb\u00f3r prac z kolekcji Muzeum Narodowego Gda\u0144sku, kt\u00f3re w\u0142\u0105czone zosta\u0142y do zbior\u00f3w muzealnych na przestrzeni ostatnich 20 lat. W wi\u0119kszo\u015bci s\u0105 to arty\u015bci i artystki debiutuj\u0105cy po 2000 r., kt\u00f3rych prace zakupione zosta\u0142y z Funduszu Zakupowego im. Basila Alkazziego i Halimy Na\u0142\u0119cz (2016\u20132019) oraz dzie\u0142a pozyskane w ramach Pomorskiego Towarzystwa Zach\u0119ty Sztuk Pi\u0119knych (2005). Na ekspozycji znalaz\u0142y si\u0119 r\u00f3wnie\u017c prace zakupione do zbior\u00f3w ze \u015brodk\u00f3w MKiDN w ramach programu: Kolekcje-Regionalne kolekcje sztuki wsp\u00f3\u0142czesnej (2012-2013), a tak\u017ce dzie\u0142a podarowane przez artystki i artyst\u00f3w.<br \/>\nWystawa jest prezentacj\u0105 najwa\u017cniejszych zjawisk, kierunk\u00f3w oraz tendencji artystycznych charakteryzuj\u0105cych sztuk\u0119 polsk\u0105 ostatnich dekad. Prace eksponowane s\u0105 bez zachowania linearnego i chronologicznego podzia\u0142u. Koncentruj\u0105 si\u0119 wok\u00f3\u0142 kluczowych kulturowych i spo\u0142ecznych dyskurs\u00f3w z uwzgl\u0119dnieniem wa\u017cnego aspektu historii Gda\u0144ska \u2013 zwi\u0105zanego z ide\u0105 wolno\u015bci i solidarno\u015bci.<br \/>\nTa korespondencja mi\u0119dzy realizacjami m\u0142odych i dojrza\u0142ych tw\u00f3rc\u00f3w oraz tw\u00f3rczy\u0144 ma na celu nie tylko ukazanie wieloaspektowego i interdyscyplinarnego obrazu sztuki, ale r\u00f3wnie\u017c zaakcentowanie rozumienia wsp\u00f3\u0142czesno\u015bci jako kontynuacji i \u201eprzepracowania\u201d estetycznego i symbolicznego znaczenia sztuki poprzednich dekad.<br \/>\nNarracja prowadzona jest wok\u00f3\u0142 takich poj\u0119\u0107 jak: transformacja systemowa, wolno\u015b\u0107 i zniewolenie, co jest krytycznym g\u0142osem wobec przemocy, wszelkich mechanizm\u00f3w nadu\u017cywania w\u0142adzy oraz kontroli r\u00f3\u017cnych sfer \u017cycia spo\u0142ecze\u0144stwa. Jest to akcent otwieraj\u0105cy pole do szerszej dyskusji nie tylko wobec opresyjnych system\u00f3w, ale r\u00f3wnie\u017c wyznaczaj\u0105cy now\u0105 perspektyw\u0119 dotycz\u0105c\u0105 funkcjonowania symboli religijnych i ikonografii chrze\u015bcija\u0144skiej, to\u017csamo\u015bci i cia\u0142a. \u015amier\u0107 i przemijanie, czas i krucho\u015b\u0107 ludzkiego losu to kolejne obszary i w\u0105tki zaznaczone podczas prezentacji nowej kolekcji. Nawi\u0105zania do malarstwa dawnych mistrz\u00f3w s\u0105 rodzajem artystycznej gry z tradycj\u0105 malarsk\u0105. Abstrakcja, figuracja, ekologia, akcenty feministyczne to r\u00f3\u017cnorodno\u015b\u0107 perspektyw ujawniaj\u0105cych si\u0119 podczas nowego spojrzenia na kolekcj\u0119 Muzeum Narodowego w Gda\u0144sku. Zestaw prac u\u0142o\u017cony w sekwencje tematyczne otwiera now\u0105 szersz\u0105 perspektyw\u0119 dla poznania sztuki wsp\u00f3\u0142czesnej. Wskazuje r\u00f3wnie\u017c, w jakim kierunku powinna rozwija\u0107 si\u0119 i by\u0107 uzupe\u0142niana kolekcja, z dba\u0142o\u015bci\u0105 o budowanie narracji opartej nie tylko na warstwie estetycznej, ale r\u00f3wnie\u017c problemowej.<\/p>\n<p>Autorzy i autorki prac na wystawie: Justyna Adamczyk, Jakub Adamek, Janusz Akermann, Basia Ba\u0144da, Pawe\u0142 Ba\u015bnik, Natalia Ba\u017cowska, Jerzy Bere\u015b, Bo\u017cenna Biskupska, Agata Bogacka, Agnieszka Borkowska, Tadeusz Boruta, Alicja Bu\u0142awka-Fankidejska, Bogna Burska,Martyna Czech, Tomasz Ciecierski, Julia Cury\u0142o, Julia Cybis, Beata Czapska, Bartosz Czarnecki, Aleksandra Czerniawska, Witos\u0142aw Czerwonka, Dawid Czycz, Marta Deskur ,Pawe\u0142 Dunal, Emilia Dragosz, Pola Dwurnik, Marzena Gawrysiak, Dorota Grze\u015bkiewicz, Dorota i Malwina Grze\u015bkiewicz, Karolina Jab\u0142o\u0144ska, Ewa Juszkiewicz, Katarzyna J\u00f3zefowicz, Filip Kalkowski, Maria Kiesner, Justyna Kisielewicz, Grzegorz Klaman, Bartosz Kokosi\u0144ski, Kle Mens, Jacek Kornacki, Jerzy Krechowicz, Zofia Kulik, Agata Kus, Tomasz Kopcewicz,, Grzegorz Kozera, The Krasnals, Tomasz Kr\u0119cicki, Katarzyna Lipecka, Natalia LL, Piotr Makowski, Julita Malinowska, Katarzyna Miller, Teresa Miszkin, Kamila Model, Dorota Nieznalska, Hanna Nowicka, Krzysztof Nowicki, S\u0142awoj Ostrowski, Joanna Pa\u0142ys, Tomek Partyka, \u0141ukasz Patelczyk, S\u0142awomir Pawszak, Teresa P\u0105gowska, Martyna Paj\u0105k, Cyryl Polaczek, Agata Przy\u017cycka, Karol Radziszewski, Anna Reinert, Marek Rogulus Rogulski, Marek Sobczyk, Noemi Staniszewska, Irmina Sta\u015b, Jacek Staniszewski, Katarzyna Szeszycka, Rados\u0142aw Szlaga, Anna Szprynger, Marta Szulc, Monika Szwed, Pawe\u0142 \u015aliwi\u0144ski, Piotr Ukla\u0144ski, Anna Walig\u00f3rska, Aleksandra Waliszewska, Rafa\u0142 Wilk, Marek Wrzesi\u0144ski, Anna Wypych, Wojciech Zamiara, Natalia Za\u0142uska, Marcin Zawicki, Agnieszka \u017bak-Bie\u0142owa.<\/p>\n<p>Kuratorzy wystawy:<br \/>\nMariola Bali\u0144ska, Joanna Szymula-Grygiel, Wojciech Zmorzynski.<br \/>\nWsp\u00f3\u0142praca merytoryczna: <a href=\"https:\/\/www.facebook.com\/kurator.oliwa\" target=\"_blank\" rel=\"noopener\">Ma\u0142gorzata Paszylka<\/a>-Glaza<\/p>\n<p>Otwarcie wystawy: 21.12.2019 o godz. 18.00<br \/>\nwystawa czynna: wtorek-niedziela: 9.00-16.00<br \/>\nz wyj\u0105tkami w okresie \u015bwi\u0105tecznym:<br \/>\n24.12.2019 (wigilia Bo\u017cego Narodzenia) \u2013 zamkni\u0119te<br \/>\n25.12.2019 (pierwszy dzie\u0144 \u015bwi\u0105t Bo\u017cego Narodzenia) \u2013 zamkni\u0119te<br \/>\n26.12.2019 (drugi dzie\u0144 \u015bwi\u0105t Bo\u017cego Narodzenia) \u2013 zamkni\u0119te<br \/>\n31.12.2019 (Sylwester) \u2013 zamkni\u0119te<br \/>\n1.01.2020 (Nowy Rok) \u2013 zamkni\u0119te<br \/>\n6.01.2020 (\u015awi\u0119to Trzech Kr\u00f3li) \u2013 zamkni\u0119te<\/p>\n<p><a href=\"https:\/\/l.facebook.com\/l.php?u=http%3A%2F%2Fwww.mng.gda.pl%2F%3Ffbclid%3DIwAR2gropyciFo8LmClc2zmIs_ZGklDT-3-es4F6178TnOi7lfDbae2T92FfE&amp;h=AT1DZdhiDbyj8J-R0JjRelKsXkw2FVH9Z6e_c0ZBaOXLRrgVucIhLrz_22ZlVP86BMByGuDYpZidkjzUdH9h_VQ3Eyc2S-E_OmcS43tcM1oSYK8YVxr3xNYOCfDlXTL3PaE1nhrEyA\" target=\"_blank\" rel=\"nofollow noopener\" data-lynx-mode=\"hover\">www.mng.gda.pl<\/a><br \/>\nMuzeum Narodowe w Gda\u0144sku Oddzia\u0142 Sztuki Nowoczesnej<br \/>\nul. Cysters\u00f3w 18<br \/>\n80-330 Gda\u0144sk<br \/>\nTel. 58 552 12 71 wew. 124<br \/>\nEmail: osn@mng.gda.pl<\/p>\n","protected":false},"excerpt":{"rendered":"<p>Wystawa pt.&#8221; Nowe spojrzenie&#8221; prezentuje wyb\u00f3r prac z kolekcji Muzeum Narodowego Gda\u0144sku, kt\u00f3re w\u0142\u0105czone zosta\u0142y do&hellip;<\/p>\n","protected":false},"author":1,"featured_media":1664,"comment_status":"closed","ping_status":"open","sticky":false,"template":"","format":"standard","meta":{"footnotes":""},"categories":[6,8],"tags":[],"class_list":["post-1663","post","type-post","status-publish","format-standard","has-post-thumbnail","hentry","category-events","category-news"],"_links":{"self":[{"href":"https:\/\/agatakus.pl\/index.php?rest_route=\/wp\/v2\/posts\/1663","targetHints":{"allow":["GET"]}}],"collection":[{"href":"https:\/\/agatakus.pl\/index.php?rest_route=\/wp\/v2\/posts"}],"about":[{"href":"https:\/\/agatakus.pl\/index.php?rest_route=\/wp\/v2\/types\/post"}],"author":[{"embeddable":true,"href":"https:\/\/agatakus.pl\/index.php?rest_route=\/wp\/v2\/users\/1"}],"replies":[{"embeddable":true,"href":"https:\/\/agatakus.pl\/index.php?rest_route=%2Fwp%2Fv2%2Fcomments&post=1663"}],"version-history":[{"count":1,"href":"https:\/\/agatakus.pl\/index.php?rest_route=\/wp\/v2\/posts\/1663\/revisions"}],"predecessor-version":[{"id":1665,"href":"https:\/\/agatakus.pl\/index.php?rest_route=\/wp\/v2\/posts\/1663\/revisions\/1665"}],"wp:featuredmedia":[{"embeddable":true,"href":"https:\/\/agatakus.pl\/index.php?rest_route=\/wp\/v2\/media\/1664"}],"wp:attachment":[{"href":"https:\/\/agatakus.pl\/index.php?rest_route=%2Fwp%2Fv2%2Fmedia&parent=1663"}],"wp:term":[{"taxonomy":"category","embeddable":true,"href":"https:\/\/agatakus.pl\/index.php?rest_route=%2Fwp%2Fv2%2Fcategories&post=1663"},{"taxonomy":"post_tag","embeddable":true,"href":"https:\/\/agatakus.pl\/index.php?rest_route=%2Fwp%2Fv2%2Ftags&post=1663"}],"curies":[{"name":"wp","href":"https:\/\/api.w.org\/{rel}","templated":true}]}}