{"id":1802,"date":"2020-05-14T14:36:09","date_gmt":"2020-05-14T12:36:09","guid":{"rendered":"http:\/\/agatakus.pl\/?p=1802"},"modified":"2020-05-14T14:36:09","modified_gmt":"2020-05-14T12:36:09","slug":"milosc-w-shefter-gallery-w-krakowie","status":"publish","type":"post","link":"https:\/\/agatakus.pl\/?p=1802","title":{"rendered":"Mi\u0142o\u015b\u0107 w Shefter Gallery w Krakowie"},"content":{"rendered":"<p>Mi\u0142o\u015b\u0107 w Shefter Gallery \/ Love at Shefter Gallery<br \/>\nFor ENG please scroll down<\/p>\n<p>Zuzanna Bartoszek &#8211; Pawe\u0142 Ba\u015bnik &#8211; Anna Baumgart &#8211; Marek Chlanda &#8211; Monika Chlebek &#8211; Boles\u0142aw Chromry &#8211; Dawid Czycz &#8211; Marcin Janusz &#8211; Radim Koros &#8211; Bogumi\u0142 Ksi\u0105\u017cek &#8211; Kamil Kukla &#8211; Agata Kus &#8211; Karol Palczak &#8211; Kaja Pilch &#8211; Bart\u0142omiej Radosz &#8211; Gabriela Rosenzweig &#8211; Adam Rzepecki &#8211; Magdalena Sawicka &#8211; Sylwia Solak &#8211; \u0141ukasz Stok\u0142osa &#8211; Jan Eustachy Wolski &#8211; Konrad \u017bukowski &#8211; Pawe\u0142 \u017bukowski<\/p>\n<p>kuratorzy: Agnieszka Go\u0142\u0119biewska\/Mariusz Horanin<\/p>\n<p>Wernisa\u017c wystawy: 23 maja 2020 &#8211; multi live streaming fb 20:00<\/p>\n<p>Mi\u0142o\u015b\u0107, <a href=\"https:\/\/www.facebook.com\/hashtag\/mi%C5%82o%C5%9B%C4%87\" target=\"_blank\" rel=\"noopener\">#mi\u0142o\u015b\u0107<\/a>\u2026<br \/>\nCzy mamy jeszcze uczucia, czy pozosta\u0142y nam ju\u017c tylko emocje?<br \/>\nI ledowe ekrany. Klik. Klik.<br \/>\n\ud83d\udc93\u2764\ufe0f\ud83d\udc94<\/p>\n<p>Na wystawie Mi\u0142o\u015b\u0107 w Shefter Gallery artystki i arty\u015bci poka\u017c\u0105 nam swoje Mi\u0142o\u015bci. Przyjd\u017acie t\u0142umnie do internetu\ud83d\udca5\ud83d\udca5\ud83d\udca5<br \/>\nUdzia\u0142 go\u015bci na wernisa\u017cu w przestrzeni galeryjnej w Krakowie wy\u0142\u0105cznie na zaproszenie Shefter Gallery.<\/p>\n<p>Wystawa 23.05.-17.07.2020<\/p>\n<p>Shefter Gallery, ul. Jab\u0142onowskich 6, Krak\u00f3w<br \/>\ntel. 571 232 126<br \/>\n<a href=\"https:\/\/l.facebook.com\/l.php?u=http%3A%2F%2Fsheftergallery.com%2F%3Ffbclid%3DIwAR1qefN28Vmf9R9XcWm42OD3e_WC_RXtOPbnZvIBEblLJ4sRUeM4prc8di4&amp;h=AT02w0Ea6qZIBh5p0g-ZP6tjDn0d-VYugtw7PeA-pKwXA1x-raYSoqGBjrgUDt81AhCdJeJ9tTWCARbToZezq3_ly7sRavp2I0ScO46CttZqSo8ENwIvHo-MenN7bj6KYxTJFw5LDA\" target=\"_blank\" rel=\"nofollow noopener\" data-lynx-mode=\"hover\">sheftergallery.com<\/a><\/p>\n<p>Neonowy patronat: Nocny Art Patrol \u2728 \u2728 \u2728<br \/>\n<a href=\"https:\/\/l.facebook.com\/l.php?u=https%3A%2F%2Fnocnyartpatrol.blogspot.com%2F%3Ffbclid%3DIwAR1aSnzLxTAy7mRtJ-hV4gVcTRJifwdWy4aPCkXDs7_LkOH1Ir4yJWFUe9U&amp;h=AT0hjr6d3XsZ7TtQ_W4BFO37KTnCTK3AhlH0lTi5vZxhWGmfNJWBdboBEmfTJ1YU1sf0sOIRKHh4us4xMl1WuYY6AhmMKgahE0fXy9wX2L00FJ03Xy204gKOHpXpS4T1SLdushXxBQ\" target=\"_blank\" rel=\"nofollow noopener\" data-lynx-mode=\"hover\">http:\/\/nocnyartpatrol.blogspot.com\/<\/a><\/p>\n<p>________<\/p>\n<p>\/ENG<br \/>\nLove at Shefter Gallery \/Mi\u0142o\u015b\u0107 w Shefter Gallery<\/p>\n<p>Zuzanna Bartoszek &#8211; Pawe\u0142 Ba\u015bnik &#8211; Anna Baumgart &#8211; Marek Chlanda &#8211; Monika Chlebek &#8211; Boles\u0142aw Chromry &#8211; Dawid Czycz &#8211; Marcin Janusz &#8211; Radim Koros &#8211; Bogumi\u0142 Ksi\u0105\u017cek &#8211; Kamil Kukla &#8211; Agata Kus &#8211; Karol Palczak &#8211; Kaja Pilch &#8211; Bart\u0142omiej Radosz &#8211; Gabriela Rosenzweig &#8211; Adam Rzepecki &#8211; Magdalena Sawicka &#8211; Sylwia Solak &#8211; \u0141ukasz Stok\u0142osa &#8211; Jan Eustachy Wolski &#8211; Konrad \u017bukowski &#8211; Pawe\u0142 \u017bukowski<\/p>\n<p>Curators: Agnieszka Go\u0142\u0119biewska\/Mariusz Horanin<\/p>\n<p>Love, <a href=\"https:\/\/www.facebook.com\/hashtag\/love\" target=\"_blank\" rel=\"noopener\">#love<\/a>\u2026<br \/>\nDo we still have feelings or are we just left with emotions?<br \/>\nAnd LED screens. Click. Click.<br \/>\n\ud83d\udc93\u2764\ufe0f\ud83d\udc94<\/p>\n<p>During the Love exhibition at Shefter Gallery, artists will show us their Love. Come to the internet in crowds! \ud83d\udca5\ud83d\udca5\ud83d\udca5<br \/>\nParticipation of guests at the vernissage in the gallery space in Krakow solely at the invitation of Shefter Gallery.<\/p>\n<p>Exhibition: 23.05.-17.07.2020<br \/>\nShefter Gallery, ul. Jab\u0142onowskich 6, Krak\u00f3w<br \/>\ntel. 571 232 126<br \/>\n<a href=\"https:\/\/l.facebook.com\/l.php?u=http%3A%2F%2Fsheftergallery.com%2F%3Ffbclid%3DIwAR2tmxhvzySJr-1bQR9HPzMYpoGnq2clm8wWsxk_-RDflCiMwZs-dcnZn3U&amp;h=AT02w0Ea6qZIBh5p0g-ZP6tjDn0d-VYugtw7PeA-pKwXA1x-raYSoqGBjrgUDt81AhCdJeJ9tTWCARbToZezq3_ly7sRavp2I0ScO46CttZqSo8ENwIvHo-MenN7bj6KYxTJFw5LDA\" target=\"_blank\" rel=\"nofollow noopener\" data-lynx-mode=\"hover\">sheftergallery.com<\/a><\/p>\n<p>Neon-Patronage: Nocny Art Patrol \u2728 \u2728 \u2728<br \/>\n<a href=\"https:\/\/l.facebook.com\/l.php?u=https%3A%2F%2Fnocnyartpatrol.blogspot.com%2F%3Ffbclid%3DIwAR0BMuf6LzEbepl3ZP4OMf1eAp2YMJxFST3HLhHfNo2Em7z0_nuQmxtGb9c&amp;h=AT0hjr6d3XsZ7TtQ_W4BFO37KTnCTK3AhlH0lTi5vZxhWGmfNJWBdboBEmfTJ1YU1sf0sOIRKHh4us4xMl1WuYY6AhmMKgahE0fXy9wX2L00FJ03Xy204gKOHpXpS4T1SLdushXxBQ\" target=\"_blank\" rel=\"nofollow noopener\" data-lynx-mode=\"hover\">http:\/\/nocnyartpatrol.blogspot.com\/<\/a><\/p>\n","protected":false},"excerpt":{"rendered":"<p>Mi\u0142o\u015b\u0107 w Shefter Gallery \/ Love at Shefter Gallery For ENG please scroll down Zuzanna Bartoszek&hellip;<\/p>\n","protected":false},"author":1,"featured_media":1803,"comment_status":"closed","ping_status":"open","sticky":false,"template":"","format":"standard","meta":{"footnotes":""},"categories":[6,8],"tags":[],"class_list":["post-1802","post","type-post","status-publish","format-standard","has-post-thumbnail","hentry","category-events","category-news"],"_links":{"self":[{"href":"https:\/\/agatakus.pl\/index.php?rest_route=\/wp\/v2\/posts\/1802","targetHints":{"allow":["GET"]}}],"collection":[{"href":"https:\/\/agatakus.pl\/index.php?rest_route=\/wp\/v2\/posts"}],"about":[{"href":"https:\/\/agatakus.pl\/index.php?rest_route=\/wp\/v2\/types\/post"}],"author":[{"embeddable":true,"href":"https:\/\/agatakus.pl\/index.php?rest_route=\/wp\/v2\/users\/1"}],"replies":[{"embeddable":true,"href":"https:\/\/agatakus.pl\/index.php?rest_route=%2Fwp%2Fv2%2Fcomments&post=1802"}],"version-history":[{"count":1,"href":"https:\/\/agatakus.pl\/index.php?rest_route=\/wp\/v2\/posts\/1802\/revisions"}],"predecessor-version":[{"id":1804,"href":"https:\/\/agatakus.pl\/index.php?rest_route=\/wp\/v2\/posts\/1802\/revisions\/1804"}],"wp:featuredmedia":[{"embeddable":true,"href":"https:\/\/agatakus.pl\/index.php?rest_route=\/wp\/v2\/media\/1803"}],"wp:attachment":[{"href":"https:\/\/agatakus.pl\/index.php?rest_route=%2Fwp%2Fv2%2Fmedia&parent=1802"}],"wp:term":[{"taxonomy":"category","embeddable":true,"href":"https:\/\/agatakus.pl\/index.php?rest_route=%2Fwp%2Fv2%2Fcategories&post=1802"},{"taxonomy":"post_tag","embeddable":true,"href":"https:\/\/agatakus.pl\/index.php?rest_route=%2Fwp%2Fv2%2Ftags&post=1802"}],"curies":[{"name":"wp","href":"https:\/\/api.w.org\/{rel}","templated":true}]}}