{"id":1895,"date":"2021-02-03T22:48:28","date_gmt":"2021-02-03T21:48:28","guid":{"rendered":"https:\/\/agatakus.pl\/?p=1895"},"modified":"2021-02-03T22:49:36","modified_gmt":"2021-02-03T21:49:36","slug":"1-miejsce-w-rankingu-kompas-mlodej-sztuki-2020","status":"publish","type":"post","link":"https:\/\/agatakus.pl\/?p=1895","title":{"rendered":"1 miejsce w rankingu Kompas M\u0142odej Sztuki 2020"},"content":{"rendered":"\n<iframe loading=\"lazy\" width=\"560\" height=\"315\" src=\"https:\/\/www.youtube.com\/embed\/CNfiOVpEEEk\" frameborder=\"0\" allow=\"accelerometer; autoplay; clipboard-write; encrypted-media; gyroscope; picture-in-picture\" allowfullscreen><\/iframe>\n\n\n\n\n\n\n\n<figure class=\"wp-block-image size-large\"><img loading=\"lazy\" decoding=\"async\" width=\"1024\" height=\"435\" src=\"https:\/\/agatakus.pl\/wp-content\/uploads\/2021\/02\/kompas_mlodej_sztuki_2020_ranking_top_10-1024x435.jpg\" alt=\"\" class=\"wp-image-1896\" srcset=\"https:\/\/agatakus.pl\/wp-content\/uploads\/2021\/02\/kompas_mlodej_sztuki_2020_ranking_top_10-1024x435.jpg 1024w, https:\/\/agatakus.pl\/wp-content\/uploads\/2021\/02\/kompas_mlodej_sztuki_2020_ranking_top_10-300x128.jpg 300w, https:\/\/agatakus.pl\/wp-content\/uploads\/2021\/02\/kompas_mlodej_sztuki_2020_ranking_top_10.jpg 1200w\" sizes=\"auto, (max-width: 1024px) 100vw, 1024px\" \/><\/figure>\n\n\n\n<p>Pierwsze miejsce ex aequo zdobyli Agata Kus i \u0141ukasz Patelczyk!Kompas M\u0142odej Sztuki to ranking najlepszych m\u0142odych polskich artyst\u00f3w (do 35 roku \u017cycia) tworzony przez ponad 70 czo\u0142owych galerii sztuki wsp\u00f3\u0142czesnej. Od pocz\u0105tku istnienia Kompasu &#8211; 2008 roku &#8211; publikowany jest na \u0142amach \u201eRzeczpospolitej\u201d w dziale \u201eMoje pieni\u0105dze\u201d . W tym roku ranking uka\u017ce si\u0119 w dw\u00f3ch cz\u0119\u015bciach &#8211; 10 i 17 grudnia. W tym szczeg\u00f3lnym roku odb\u0119dzie si\u0119 r\u00f3wnie\u017c nietypowy pokaz laureat\u00f3w Kompasu M\u0142odej Sztuki 2020. Dokonania artyst\u00f3w b\u0119d\u0105 wy\u015bwietlane na monitorze w muzealnej witrynie, widoczna te\u017c b\u0119dzie przez ca\u0142\u0105 dob\u0119 przestrze\u0144 wystawiennicza z obrazami lider\u00f3w KMS 2020.W pierwszej dziesi\u0105tce KMS2020 znale\u017ali si\u0119 r\u00f3wnie\u017c, kolejno: Karolina Jab\u0142o\u0144ska, Kamil Kukla, Martyna Czech, Irmina Sta\u015b, Katarzyna Karpowicz, Olga Paw\u0142owska, Daniel Rycharski, Dawid Czycz, Zuza Goli\u0144ska, Tomasz G\u00f3rnicki, Diana Lelonek, \u0141ukasz Stok\u0142osa oraz Jan Mo\u017cd\u017cy\u0144ski. Zobacz pe\u0142n\u0105 list\u0119: <a href=\"https:\/\/pieniadze.rp.pl\/inwestycje\/26082-kompas-mlodej-sztuki-2020?fbclid=IwAR0TTuzfQ3aBamnlMsAM9cllAO7Y-FcAmHiGbT5lwKxwmNkZXbXdjYA-Wuw\" rel=\"noreferrer noopener\" target=\"_blank\">https:\/\/pieniadze.rp.pl\/&#8230;\/26082-kompas-mlodej-sztuki-2020<\/a>Zapraszamy do obejrzenia filmu z wystawy pokonkursowej KMS 2020 w Muzeum im. Boles\u0142awa Biegasa. Istotny wk\u0142ad w powstanie tego filmu mia\u0142 Dawid Grzelak, student Wydzia\u0142u Sztuki Medi\u00f3w, kt\u00f3ry przez Radio Kampus zosta\u0142 uznany za jednego z 10. najwa\u017cniejszych m\u0142odych tw\u00f3rc\u00f3w polskiej muzyki. <a href=\"http:\/\/biegas.com.pl\/kompas-mlodej-sztuki-2020-jubileuszowa-10-edycja\/?fbclid=IwAR1l7yXPUvlzpf0pb1APBtaV882WUPVbXrKOJ0tftwTqmCRfpo5t7oHuH54\" rel=\"noreferrer noopener\" target=\"_blank\">http:\/\/biegas.com.pl\/kompas-mlodej-sztuki-2020&#8230;\/<\/a>Agata Kus \u2013 artystka w swoich wielow\u0105tkowych pracach opisuje to co zna najlepiej &#8211; bycie kobiet\u0105 i zwi\u0105zanymi z tym r\u00f3\u017cnymi ograniczeniami. Oddaje emocje, jakie towarzysz\u0105 jej na r\u00f3\u017cnych etapach \u017cycia. Ostatnia wystawa w warszawskiej Galerii Wizytuj\u0105cej \u201eNiebieskie s\u0142o\u0144ce\u201d potwierdzi\u0142a jej oryginalne spojrzenie na otaczaj\u0105cy nas \u015bwiat.\u0141ukasz Patelczyk \u2013 malarz przyrody, po mistrzowsku \u0142\u0105czy sztuk\u0119 figuratywn\u0105 z abstrakcj\u0105. Jego pejza\u017ce o wysublimowanych kolorach i oryginalnych kompozycjach s\u0105 nowatorskim podej\u015bciem do znanego od wiek\u00f3w motywu jakim jest natura. Na pocz\u0105tku roku obrazy \u0141ukasza Patelczyka by\u0142y prezentowane przez nowojorsk\u0105 galeri\u0119 Green Point Projects na Targach Sztuki Volta Show 2020 w Nowym Jorku. Natomiast planowana na wiosn\u0119 br. indywidualna wystawa w Slag Gallery na Manhattanie zosta\u0142a przesuni\u0119ta na 2021 rok. Nagrod\u0119 dla zwyci\u0119zcy \u2013 tygodniowy pobyt w Nowym Jorku, po raz kolejny ufundowa\u0142 S\u0142awomir G\u00f3recki, w\u0142a\u015bciciel warszawskiej Pi\u0119kna Gallery i nowojorskiej Green Point Projects.Wystawa pokonkursowa 10. jubileuszowej edycji Kompasu M\u0142odej Sztuki 2020<a href=\"https:\/\/www.facebook.com\/MuzeumBoleslawaBiegasa\/?__cft__[0]=AZV-CKEiT5xBWeo-v1r4kj6VE0lvJG4O-KWfrFzrm7aH3meEbFH0Gst3UKN9-vKC0Vb9LpGMJtzGO_GSKqnoPqGXotRWpLDjZc0k-7NW4Ei7NnkJfAk3W8H7EJPO7XMBN7yjBqH6i4Ubvbmdf6brwFOem3nH2ddwBrpE6QjKN5nSRQ&amp;__tn__=kK-y-R\">Muzeum im. Boles\u0142awa Biegasa<\/a>Aleje Jerozolimskie 51 w WarszawieOd 10 grudnia 2020 do 7 stycznia 2021Widoczna ca\u0142\u0105 dob\u0119<\/p>\n","protected":false},"excerpt":{"rendered":"<p>Pierwsze miejsce ex aequo zdobyli Agata Kus i \u0141ukasz Patelczyk!Kompas M\u0142odej Sztuki to ranking najlepszych m\u0142odych&hellip;<\/p>\n","protected":false},"author":1,"featured_media":1838,"comment_status":"closed","ping_status":"open","sticky":false,"template":"","format":"standard","meta":{"footnotes":""},"categories":[6,8,14],"tags":[],"class_list":["post-1895","post","type-post","status-publish","format-standard","has-post-thumbnail","hentry","category-events","category-news","category-publications"],"_links":{"self":[{"href":"https:\/\/agatakus.pl\/index.php?rest_route=\/wp\/v2\/posts\/1895","targetHints":{"allow":["GET"]}}],"collection":[{"href":"https:\/\/agatakus.pl\/index.php?rest_route=\/wp\/v2\/posts"}],"about":[{"href":"https:\/\/agatakus.pl\/index.php?rest_route=\/wp\/v2\/types\/post"}],"author":[{"embeddable":true,"href":"https:\/\/agatakus.pl\/index.php?rest_route=\/wp\/v2\/users\/1"}],"replies":[{"embeddable":true,"href":"https:\/\/agatakus.pl\/index.php?rest_route=%2Fwp%2Fv2%2Fcomments&post=1895"}],"version-history":[{"count":1,"href":"https:\/\/agatakus.pl\/index.php?rest_route=\/wp\/v2\/posts\/1895\/revisions"}],"predecessor-version":[{"id":1898,"href":"https:\/\/agatakus.pl\/index.php?rest_route=\/wp\/v2\/posts\/1895\/revisions\/1898"}],"wp:featuredmedia":[{"embeddable":true,"href":"https:\/\/agatakus.pl\/index.php?rest_route=\/wp\/v2\/media\/1838"}],"wp:attachment":[{"href":"https:\/\/agatakus.pl\/index.php?rest_route=%2Fwp%2Fv2%2Fmedia&parent=1895"}],"wp:term":[{"taxonomy":"category","embeddable":true,"href":"https:\/\/agatakus.pl\/index.php?rest_route=%2Fwp%2Fv2%2Fcategories&post=1895"},{"taxonomy":"post_tag","embeddable":true,"href":"https:\/\/agatakus.pl\/index.php?rest_route=%2Fwp%2Fv2%2Ftags&post=1895"}],"curies":[{"name":"wp","href":"https:\/\/api.w.org\/{rel}","templated":true}]}}