{"id":1963,"date":"2021-06-29T13:50:16","date_gmt":"2021-06-29T11:50:16","guid":{"rendered":"https:\/\/agatakus.pl\/?p=1963"},"modified":"2021-11-23T16:25:56","modified_gmt":"2021-11-23T15:25:56","slug":"refugees-welcome-2021-msn-warszawa","status":"publish","type":"post","link":"https:\/\/agatakus.pl\/?p=1963","title":{"rendered":"Refugees Welcome 2021, MSN Warszawa"},"content":{"rendered":"\n<p><strong>Pi\u0105ta, jubileuszowa edycja charytatywnej Aukcji Sztuki Refugees Welcome odby\u0142a si\u0119 w \u015awiatowy Dzie\u0144 Uchod\u017acy w niedziel\u0119 20 czerwca 2021 roku. Organizowa\u0142a j\u0105 Fundacja Ocalenie, Muzeum Sztuki Nowoczesnej i Towarzystwo Przyjaci\u00f3\u0142 Muzeum. Uda\u0142o si\u0119 zebra\u0107 220 700 z\u0142.<\/strong><\/p>\n\n\n\n<p>Aukcj\u0119 w 2022 roku po raz drugi poprowadzi\u0142 Marcel Andino Velez, wieloletni wicedyrektor Muzeum Sztuki Nowoczesnej w Warszawie.&nbsp;<a href=\"https:\/\/refugeeswelcome.pl\/aukcja\/katalog\" target=\"_blank\" rel=\"noreferrer noopener\">Katalog<\/a>&nbsp;aukcji zawiera\u0142 40 prac wyj\u0105tkowych polskich i zagranicznych artyst\u00f3w i artystek. Wystaw\u0119 przedaukcyjn\u0105 by\u0142o mo\u017cna obejrze\u0107 w Muzeum na Pa\u0144skiej w Warszawie w dniach 15 \u2013 19 czerwca 2021. Sama aukcja z powodu pandemii odby\u0142a si\u0119 zdalnie. Licytowa\u0107 mo\u017cna by\u0142o przez internet, telefonicznie lub sk\u0142adaj\u0105c zlecenie licytacji, przy wsparciu Artinfo, Desy lub Towarzystwa Przyjaci\u00f3\u0142 Muzeum.&nbsp;<a href=\"https:\/\/www.youtube.com\/watch?v=Fy9kkbBY0rs\">Nagranie transmisji<\/a>&nbsp;z aukcji jest dost\u0119pne w mediach spo\u0142eczno\u015bciowych.<\/p>\n\n\n\n<p>Ca\u0142y&nbsp;<a href=\"https:\/\/refugeeswelcome.pl\/aukcja\/#Cel\">doch\u00f3d<\/a>&nbsp;ze sprzeda\u017cy prac przeznaczony zosta\u0142 na wsparcie uchod\u017ac\u00f3w i uchod\u017aczy\u0144 mieszkaj\u0105cych w Polsce. Aukcja Refugees Welcome co roku anga\u017cuje artyst\u00f3w, kolekcjoner\u00f3w i wolontariuszy na rzecz uchod\u017ac\u00f3w. To wyj\u0105tkowy przyk\u0142ad solidarno\u015bci mi\u0119dzyludzkiej w trudnym czasie pandemii. Udowadnia, \u017ce chcemy robi\u0107 co\u015b dla innych. A dzi\u0119ki aukcji mo\u017cemy to robi\u0107 w wyj\u0105tkowy spos\u00f3b. Wsp\u00f3lnie budujemy now\u0105 kultur\u0119 go\u015bcinno\u015bci.<\/p>\n\n\n\n<p>Kolejna, sz\u00f3sta edycja aukcji odb\u0119dzie si\u0119 w niedziel\u0119<strong>&nbsp;19 czerwca 2022 roku<\/strong>.<\/p>\n\n\n\n<p><\/p>\n\n\n\n<p><strong>Katalog aukcji<\/strong><\/p>\n\n\n\n<p>Katalog V edycji Aukcji zawiera\u0142 40 dzie\u0142 wyj\u0105tkowych polskich i zagranicznych artyst\u00f3w i artystek<strong>.&nbsp;<\/strong>Znajduj\u0105 si\u0119 w nim ich zdj\u0119cia oraz&nbsp;<strong>opisy<\/strong>&nbsp;przygotowane przez&nbsp;znanych kurator\u00f3w i kuratorki, historyk\u00f3w i historyczki sztuki, galerzyst\u00f3w i galerzystki. Zach\u0119camy do zapoznania si\u0119 z nimi!<\/p>\n\n\n\n<p>Lista artyst\u00f3w i artystek, kt\u00f3rych dzie\u0142a mo\u017cna by\u0142o wylicytowa\u0107:<strong>&nbsp;<\/strong><br>Tomek Baran, Zuzanna Bartoszek, Karolina Bielawska, Agata Bogacka, Rafa\u0142 Bujnowski, Izabela Chamczyk, Monika Chlebek, Tatjana Danneberg, Edward Dwurnik, Jaros\u0142aw Flici\u0144ski, Aneta Grzeszykowska, Edi Hila, Karolina Jab\u0142o\u0144ska, Nikita Kadan, Ida Karkoszka, Tomasz Kr\u0119cicki, Agata Kubis, Kamil Kukla, Agata Kus, KwieKulik, Maria Loboda, Piotr \u0141akomy, Marcin Maciejowski, Goshka Macuga, Krzysztof Maniak, Miko\u0142aj Moskal, Jan Mo\u017cd\u017cy\u0144ski, Pawe\u0142 Olszczy\u0144ski, Anna Or\u0142owska, Maja Krysiak-Podsiadlik, Agnieszka Polska, Zbigniew Rogalski, Jan Simon, Miko\u0142aj Sobczak, Paulina Stasik, Ma\u0142gorzata Mirga-Tas, Joanna Wo\u015b<\/p>\n\n\n\n<p><\/p>\n\n\n\n<figure class=\"wp-block-image size-large\"><img decoding=\"async\" src=\"https:\/\/scontent.fwaw3-1.fna.fbcdn.net\/v\/t1.6435-9\/p526x296\/200192266_2456134921197639_6045508870127392940_n.jpg?_nc_cat=105&amp;ccb=1-5&amp;_nc_sid=a610ef&amp;_nc_ohc=T9qRtkFYO64AX9tj7fx&amp;_nc_ht=scontent.fwaw3-1.fna&amp;oh=3bc3df73d8fbc01fd3f6bd63246d9ca2&amp;oe=6178769A\" alt=\"\"\/><figcaption>Agata Kus<br>\u201eWampiria\u201d<br>2020<br>w\u0119giel i kredka na papierze<br>65 \u00d7 50 cm<\/figcaption><\/figure>\n\n\n\n<p>Sprzedany: 10 000 z\u0142<\/p>\n\n\n\n<h3 class=\"wp-block-heading\"><a href=\"https:\/\/www.facebook.com\/refugeeswelcomepolska\/?__cft__[0]=AZXwaMOMCssP3K32rBrk0-VLXtPZ1QBGRwM6DjUcScEtDbJJuiEwmNfqXOdWAYkj79-PmLbs9iG42OAlM9rKCev_4v_ycrWPKmHewmDD7Er9NGkrardIZNQnpdnElmk8SeD7LgN8R-F1O8rFDQsHy-ooUIekEnDUmK15TffhBStCGvNi6HL23y-fVElKII-V-jE&amp;__tn__=-UC%2CP-y-R\">Refugees Welcome Polska<\/a><a href=\"https:\/\/www.facebook.com\/events\/287131852945834\/?__cft__[0]=AZXwaMOMCssP3K32rBrk0-VLXtPZ1QBGRwM6DjUcScEtDbJJuiEwmNfqXOdWAYkj79-PmLbs9iG42OAlM9rKCev_4v_ycrWPKmHewmDD7Er9NGkrardIZNQnpdnElmk8SeD7LgN8R-F1O8rFDQsHy-ooUIekEnDUmK15TffhBStCGvNi6HL23y-fVElKII-V-jE&amp;__tn__=-UC%2CP-y-R\">Aukcja Sztuki Refugees Welcome 2021<\/a><\/h3>\n\n\n\n<p><a href=\"https:\/\/www.facebook.com\/events\/287131852945834\/?post_id=320681832924169&amp;view=permalink&amp;__cft__[0]=AZXwaMOMCssP3K32rBrk0-VLXtPZ1QBGRwM6DjUcScEtDbJJuiEwmNfqXOdWAYkj79-PmLbs9iG42OAlM9rKCev_4v_ycrWPKmHewmDD7Er9NGkrardIZNQnpdnElmk8SeD7LgN8R-F1O8rFDQsHy-ooUIekEnDUmK15TffhBStCGvNi6HL23y-fVElKII-V-jE&amp;__tn__=%2CO%2CP-y-R\"><strong>14&nbsp;czerwca&nbsp;&nbsp;\u00b7&nbsp;<\/strong><\/a><a href=\"https:\/\/www.facebook.com\/events\/287131852945834\/?post_id=320681832924169&amp;view=permalink&amp;__cft__[0]=AZXwaMOMCssP3K32rBrk0-VLXtPZ1QBGRwM6DjUcScEtDbJJuiEwmNfqXOdWAYkj79-PmLbs9iG42OAlM9rKCev_4v_ycrWPKmHewmDD7Er9NGkrardIZNQnpdnElmk8SeD7LgN8R-F1O8rFDQsHy-ooUIekEnDUmK15TffhBStCGvNi6HL23y-fVElKII-V-jE&amp;__tn__=%2CO%2CP-y-R\"><strong>Agata Kus\u201eWampiria\u201d2020 w\u0119giel i kredka na papierze 65 \u00d7 50 cmRysunki Agaty Kus do tej pory pokazywane by\u0142y tylko na wystawach zagranicznych. S\u0105 one samodzielnymi dzie\u0142ami, r\u00f3wnie z\u0142o\u017conymi pod wzgl\u0119dem wielow\u0105tkowych narracji jak prace na p\u0142\u00f3tnie.W pracy przeznaczonej na aukcj\u0119 widzimy wychodz\u0105c\u0105 z mroku posta\u0107 m\u0142odej tancerki. Posta\u0107 wy\u0142ania si\u0119 ze z\u0142owieszczej czerni&#8230; Moment niepewno\u015bci rozwija si\u0119 jak film, klatka po klatce, w zwolnionym tempie&#8230; Pojawia si\u0119 co\u015b nowego, zaskakuj\u0105cego, niepokoj\u0105cego&#8230; Niewinna sytuacja za spraw\u0105 tytu\u0142u zmienia si\u0119 w co\u015b mrocznego. Nie wszystko jest tu oczywiste. Zacieraj\u0105 si\u0119 granice pomi\u0119dzy dobrem i z\u0142em. Kto jest tytu\u0142ow\u0105 Wampiri\u0105? A kto z dw\u00f3jki bohaterek ofiar\u0105?W podobn\u0105 gr\u0119, w kt\u00f3rej widoczny jest moment przemiany, wci\u0105gaj\u0105 widza r\u00f3wnie\u017c inne obrazy Kus. Rysunek \u201eWampiria\u201d z 2020 roku zosta\u0142 stworzony w charakterystycznej dla artystki konwencji wymuszaj\u0105cej na widzu wsp\u00f3\u0142uczestnictwo w obserwacji i pr\u00f3bie interpretacji pracy.<\/strong><\/a><strong><a href=\"https:\/\/www.facebook.com\/events\/287131852945834\/?post_id=320681832924169&amp;view=permalink&amp;__cft__[0]=AZXwaMOMCssP3K32rBrk0-VLXtPZ1QBGRwM6DjUcScEtDbJJuiEwmNfqXOdWAYkj79-PmLbs9iG42OAlM9rKCev_4v_ycrWPKmHewmDD7Er9NGkrardIZNQnpdnElmk8SeD7LgN8R-F1O8rFDQsHy-ooUIekEnDUmK15TffhBStCGvNi6HL23y-fVElKII-V-jE&amp;__tn__=%2CO%2CP-y-R\">Leszek Czajka,<\/a><a href=\"https:\/\/www.facebook.com\/events\/287131852945834\/?post_id=320681832924169&amp;view=permalink&amp;__cft__[0]=AZXwaMOMCssP3K32rBrk0-VLXtPZ1QBGRwM6DjUcScEtDbJJuiEwmNfqXOdWAYkj79-PmLbs9iG42OAlM9rKCev_4v_ycrWPKmHewmDD7Er9NGkrardIZNQnpdnElmk8SeD7LgN8R-F1O8rFDQsHy-ooUIekEnDUmK15TffhBStCGvNi6HL23y-fVElKII-V-jE&amp;__tn__=%2CO%2CP-y-R\"><\/a><a href=\"https:\/\/www.facebook.com\/WizytujacaGaleria\/?__cft__[0]=AZXwaMOMCssP3K32rBrk0-VLXtPZ1QBGRwM6DjUcScEtDbJJuiEwmNfqXOdWAYkj79-PmLbs9iG42OAlM9rKCev_4v_ycrWPKmHewmDD7Er9NGkrardIZNQnpdnElmk8SeD7LgN8R-F1O8rFDQsHy-ooUIekEnDUmK15TffhBStCGvNi6HL23y-fVElKII-V-jE&amp;__tn__=kK-y-R\">Wizytuj\u0105ca Galeria<\/a><\/strong><\/p>\n","protected":false},"excerpt":{"rendered":"<p>Pi\u0105ta, jubileuszowa edycja charytatywnej Aukcji Sztuki Refugees Welcome odby\u0142a si\u0119 w \u015awiatowy Dzie\u0144 Uchod\u017acy w niedziel\u0119&hellip;<\/p>\n","protected":false},"author":1,"featured_media":1964,"comment_status":"closed","ping_status":"open","sticky":false,"template":"","format":"standard","meta":{"footnotes":""},"categories":[5,6,8],"tags":[],"class_list":["post-1963","post","type-post","status-publish","format-standard","has-post-thumbnail","hentry","category-drawings","category-events","category-news"],"_links":{"self":[{"href":"https:\/\/agatakus.pl\/index.php?rest_route=\/wp\/v2\/posts\/1963","targetHints":{"allow":["GET"]}}],"collection":[{"href":"https:\/\/agatakus.pl\/index.php?rest_route=\/wp\/v2\/posts"}],"about":[{"href":"https:\/\/agatakus.pl\/index.php?rest_route=\/wp\/v2\/types\/post"}],"author":[{"embeddable":true,"href":"https:\/\/agatakus.pl\/index.php?rest_route=\/wp\/v2\/users\/1"}],"replies":[{"embeddable":true,"href":"https:\/\/agatakus.pl\/index.php?rest_route=%2Fwp%2Fv2%2Fcomments&post=1963"}],"version-history":[{"count":2,"href":"https:\/\/agatakus.pl\/index.php?rest_route=\/wp\/v2\/posts\/1963\/revisions"}],"predecessor-version":[{"id":1989,"href":"https:\/\/agatakus.pl\/index.php?rest_route=\/wp\/v2\/posts\/1963\/revisions\/1989"}],"wp:featuredmedia":[{"embeddable":true,"href":"https:\/\/agatakus.pl\/index.php?rest_route=\/wp\/v2\/media\/1964"}],"wp:attachment":[{"href":"https:\/\/agatakus.pl\/index.php?rest_route=%2Fwp%2Fv2%2Fmedia&parent=1963"}],"wp:term":[{"taxonomy":"category","embeddable":true,"href":"https:\/\/agatakus.pl\/index.php?rest_route=%2Fwp%2Fv2%2Fcategories&post=1963"},{"taxonomy":"post_tag","embeddable":true,"href":"https:\/\/agatakus.pl\/index.php?rest_route=%2Fwp%2Fv2%2Ftags&post=1963"}],"curies":[{"name":"wp","href":"https:\/\/api.w.org\/{rel}","templated":true}]}}