{"id":1985,"date":"2021-10-01T16:20:17","date_gmt":"2021-10-01T14:20:17","guid":{"rendered":"https:\/\/agatakus.pl\/?p=1985"},"modified":"2021-11-23T16:23:35","modified_gmt":"2021-11-23T15:23:35","slug":"pod-plaszczykiem-emocji-galeria-szara-kamienica","status":"publish","type":"post","link":"https:\/\/agatakus.pl\/?p=1985","title":{"rendered":"Pod p\u0142aszczykiem emocji, Galeria Szara Kamienica"},"content":{"rendered":"\n<p>Pod p\u0142aszczykiem emocji \/ Under the Cloak of Emotions&nbsp;<img loading=\"lazy\" decoding=\"async\" height=\"16\" width=\"16\" alt=\"\ud83c\udfad\" src=\"https:\/\/static.xx.fbcdn.net\/images\/emoji.php\/v9\/tae\/1\/16\/1f3ad.png\"><br>For ENG please scroll downPawe\u0142 Ba\u015bnik &#8211; Justyna Ba\u015bnik-Andrzejewska &#8211; Monika Chlebek &#8211; Boles\u0142aw Chromry &#8211; Dawid Czycz &#8211; Wiktor Ga\u0142ka &#8211; Kamil Kukla &#8211; Katarzyna Kuku\u0142a &#8211; Agata Kus &#8211; Krzysztof Marchlak &#8211; \u0141ukasz Patelczyk &#8211; Cyryl Polaczek &#8211; Adam Rzepecki &#8211; Magdalena Sawicka &#8211; Witold Stelmachniewicz.koncept wystawy: Mariusz Horanin<br>organizatorzy wystawy: Galeria Szara Kamienica i Nocny Art Patrol<img loading=\"lazy\" decoding=\"async\" height=\"16\" width=\"16\" alt=\"\ud83d\udd55\" src=\"https:\/\/static.xx.fbcdn.net\/images\/emoji.php\/v9\/t2d\/1\/16\/1f555.png\">&nbsp;Wystawa otwarta wtorek-pi\u0105tek 16-20h i sobota-niedziela 12-16h lub po indywidualnym um\u00f3wieniu 503 456 444&nbsp;<img loading=\"lazy\" decoding=\"async\" height=\"16\" width=\"16\" alt=\"\ud83d\udcf2\" src=\"https:\/\/static.xx.fbcdn.net\/images\/emoji.php\/v9\/td8\/1\/16\/1f4f2.png\">Wernisa\u017c 16 pa\u017adziernik, 20:00-23:00<br>Wystawa 16.10.-13.11.2021<br>Galeria Szara Kamienica,<br>Rynek G\u0142\u00f3wny 6,<br>Krak\u00f3w&nbsp;<img loading=\"lazy\" decoding=\"async\" height=\"16\" width=\"16\" alt=\"\ud83c\udfe3\" src=\"https:\/\/static.xx.fbcdn.net\/images\/emoji.php\/v9\/t79\/1\/16\/1f3e3.png\">Co si\u0119 kryje pod p\u0142aszczykiem emocji wsp\u00f3\u0142czesnego \u015bwiata?<br>S\u0105 tylko dwa nastroje: jest wesele albo stypa,<br>wahania jak kryptowaluty i<br>#emocje #emocje&nbsp;<a href=\"https:\/\/www.facebook.com\/hashtag\/emocje?__eep__=6&amp;__cft__[0]=AZXcnPvTFmbTXCi_ROs4xbbkXxFPF82_dD6Wr_Ozpls9tEAQpAjcWooFaOTupJoKo29vaHB2u9u7a1-rJRnH3U3S82qEw5X_dXuSzjfIzKTBXZDQ0REuxT1o6MzWQl1Ry_0&amp;__tn__=q\">#emocje<\/a>&#8230;&nbsp;<img loading=\"lazy\" decoding=\"async\" height=\"16\" width=\"16\" alt=\"\ud83c\udfad\" src=\"https:\/\/static.xx.fbcdn.net\/images\/emoji.php\/v9\/tae\/1\/16\/1f3ad.png\"><br>Mariusz Horanin- Wi\u0119c uwa\u017ca pan, \u017ce je\u015bli b\u0119dziemy kontaktowali si\u0119 ze sob\u0105 \u201eekranem w ekran&#8221;, to nie b\u0119dzie to samo, co twarz\u0105 w twarz?<br>&#8211; Tak, na pewno, pr\u0119dzej czy p\u00f3\u017aniej wywo\u0142a to powa\u017cne uszkodzenia osobowo\u015bci.<br>Rozmowa Stanis\u0142awa Beresia ze Stanis\u0142awem Lemem, Krak\u00f3w 2001.<br>Patronat medialny: Magazyn Szum, TVP Kultura.<br>Wystawa zorganizowana przy wsparciu finansowym Gminy Miasta Krakowa \/&nbsp;<a href=\"https:\/\/l.facebook.com\/l.php?u=http%3A%2F%2Fwww.krakow.pl%2F%3Ffbclid%3DIwAR05XcVrKsAKNlPmbp43GFic7DxuH2vZ66CVexkAlyEz6hrit58f3_ZZE5A&amp;h=AT3BYC1MTtJwsjZMCrJ0R9ysPnPyE15peo-eoBlPlWGLSaF9xfjVR7eMMn-rgqoJzPc4V16WDLM3gupbmro7L3u_ymw6hmO2TLjdVkoGeynicw03PtdDH1gACfZbTS-RbNY-e8IQzQ&amp;__tn__=q&amp;c[0]=AT2okkOJKyjaQBbvbBX18Z6kKbHp58_bF9Y7jVMokaETicVoDETO3afXNvsjSO-hMcG-YItkL9rLqmCl6O1IIFpdeuTSPhjiwIvUF44-7xRqcXw4xRfCq7GvqB0jP-LTWF9e2B4mj1-p4WdpxxPiA5PT\" rel=\"noreferrer noopener\" target=\"_blank\">http:\/\/www.krakow.pl\/<\/a>________<br>\/ENG<br>Under the Cloak of Emotions \/ Pod p\u0142aszczykiem emocji<img loading=\"lazy\" decoding=\"async\" height=\"16\" width=\"16\" alt=\"\ud83c\udfad\" src=\"https:\/\/static.xx.fbcdn.net\/images\/emoji.php\/v9\/tae\/1\/16\/1f3ad.png\">Pawe\u0142 Ba\u015bnik &#8211; Justyna Ba\u015bnik-Andrzejewska &#8211; Monika Chlebek &#8211; Boles\u0142aw Chromry &#8211; Dawid Czycz &#8211; Wiktor Ga\u0142ka &#8211; Kamil Kukla &#8211; Katarzyna Kuku\u0142a &#8211; Agata Kus &#8211; Krzysztof Marchlak &#8211; \u0141ukasz Patelczyk &#8211; Cyryl Polaczek &#8211; Adam Rzepecki &#8211; Magdalena Sawicka &#8211; Witold Stelmachniewicz.concept of the exhibition: Mariusz HoraninOpening night: 16 october, 20:00-23:00<br>Exhibition: 16.10.-13.11.2021<br>Galeria Szara Kamienica,<br>Rynek G\u0142\u00f3wny 6,<br>Krak\u00f3w&nbsp;<img loading=\"lazy\" decoding=\"async\" height=\"16\" width=\"16\" alt=\"\ud83c\udfe3\" src=\"https:\/\/static.xx.fbcdn.net\/images\/emoji.php\/v9\/t79\/1\/16\/1f3e3.png\">What is hidden under the cloak of emotions in the modern world?<br>There are only two moods: it\u2019s either a wedding or a wake,&nbsp;<br>fluctuating like cryptocurrencies and&nbsp;<br>#emotions #emotions&nbsp;<a href=\"https:\/\/www.facebook.com\/hashtag\/emotions?__eep__=6&amp;__cft__[0]=AZXcnPvTFmbTXCi_ROs4xbbkXxFPF82_dD6Wr_Ozpls9tEAQpAjcWooFaOTupJoKo29vaHB2u9u7a1-rJRnH3U3S82qEw5X_dXuSzjfIzKTBXZDQ0REuxT1o6MzWQl1Ry_0&amp;__tn__=q\">#emotions<\/a>&#8230;&nbsp;<br>Mariusz Horanin\u2018So you think that if we contact each other \u201cscreen to screen\u201d, it will not be the same as face to face?\u2019<br>\u2018Yes, definitely, sooner or later it will cause serious personality disorders.\u2019<br>Stanis\u0142aw Bere\u015b in conversation with Stanis\u0142aw Lem, Krakow 2001.<\/p>\n","protected":false},"excerpt":{"rendered":"<p>Pod p\u0142aszczykiem emocji \/ Under the Cloak of Emotions&nbsp;For ENG please scroll downPawe\u0142 Ba\u015bnik &#8211; Justyna&hellip;<\/p>\n","protected":false},"author":1,"featured_media":1986,"comment_status":"closed","ping_status":"open","sticky":false,"template":"","format":"standard","meta":{"footnotes":""},"categories":[5,6,8],"tags":[],"class_list":["post-1985","post","type-post","status-publish","format-standard","has-post-thumbnail","hentry","category-drawings","category-events","category-news"],"_links":{"self":[{"href":"https:\/\/agatakus.pl\/index.php?rest_route=\/wp\/v2\/posts\/1985","targetHints":{"allow":["GET"]}}],"collection":[{"href":"https:\/\/agatakus.pl\/index.php?rest_route=\/wp\/v2\/posts"}],"about":[{"href":"https:\/\/agatakus.pl\/index.php?rest_route=\/wp\/v2\/types\/post"}],"author":[{"embeddable":true,"href":"https:\/\/agatakus.pl\/index.php?rest_route=\/wp\/v2\/users\/1"}],"replies":[{"embeddable":true,"href":"https:\/\/agatakus.pl\/index.php?rest_route=%2Fwp%2Fv2%2Fcomments&post=1985"}],"version-history":[{"count":1,"href":"https:\/\/agatakus.pl\/index.php?rest_route=\/wp\/v2\/posts\/1985\/revisions"}],"predecessor-version":[{"id":1987,"href":"https:\/\/agatakus.pl\/index.php?rest_route=\/wp\/v2\/posts\/1985\/revisions\/1987"}],"wp:featuredmedia":[{"embeddable":true,"href":"https:\/\/agatakus.pl\/index.php?rest_route=\/wp\/v2\/media\/1986"}],"wp:attachment":[{"href":"https:\/\/agatakus.pl\/index.php?rest_route=%2Fwp%2Fv2%2Fmedia&parent=1985"}],"wp:term":[{"taxonomy":"category","embeddable":true,"href":"https:\/\/agatakus.pl\/index.php?rest_route=%2Fwp%2Fv2%2Fcategories&post=1985"},{"taxonomy":"post_tag","embeddable":true,"href":"https:\/\/agatakus.pl\/index.php?rest_route=%2Fwp%2Fv2%2Ftags&post=1985"}],"curies":[{"name":"wp","href":"https:\/\/api.w.org\/{rel}","templated":true}]}}