{"id":2023,"date":"2022-02-01T15:58:41","date_gmt":"2022-02-01T14:58:41","guid":{"rendered":"https:\/\/agatakus.pl\/?p=2023"},"modified":"2022-02-01T16:06:24","modified_gmt":"2022-02-01T15:06:24","slug":"kolekcjonerzy-dla-muzeum-aukcja-charytatywna-na-rzecz-stowarzyszenia-przyjaciele-muzeum-narodowego-w-warszawie","status":"publish","type":"post","link":"https:\/\/agatakus.pl\/?p=2023","title":{"rendered":"KOLEKCJONERZY DLA MUZEUM. AUKCJA CHARYTATYWNA NA RZECZ STOWARZYSZENIA PRZYJACIELE MUZEUM NARODOWEGO W WARSZAWIE"},"content":{"rendered":"\n<figure class=\"wp-block-image size-large\"><img loading=\"lazy\" decoding=\"async\" width=\"1000\" height=\"667\" src=\"https:\/\/agatakus.pl\/wp-content\/uploads\/2022\/02\/anna-pawelak-z-praca-agaty-kus.jpg\" alt=\"\" class=\"wp-image-2029\" srcset=\"https:\/\/agatakus.pl\/wp-content\/uploads\/2022\/02\/anna-pawelak-z-praca-agaty-kus.jpg 1000w, https:\/\/agatakus.pl\/wp-content\/uploads\/2022\/02\/anna-pawelak-z-praca-agaty-kus-300x200.jpg 300w\" sizes=\"auto, (max-width: 1000px) 100vw, 1000px\" \/><\/figure>\n\n\n\n<p>Aukcja <a href=\"https:\/\/www.facebook.com\/hashtag\/kolekcjonerzydlamuzeum?__eep__=6&amp;__cft__[0]=AZUs4RhRwFNNPy4X6rN_cICbZukWT667joF3Mr6bsxLDm2-jrG-_cv-AzOGLeKq0S6wacMsu4Ietqfaoy4emXT68eEeEJPj3haq8wgq_T2FLAjzdilmBYDLpPDdqB4DVzhKXWZsx3KYgyR0BZlIraQ9x&amp;__tn__=*NK-R\">#kolekcjonerzydlaMuzeum<\/a> za nami <img loading=\"lazy\" decoding=\"async\" height=\"16\" width=\"16\" alt=\"\ud83d\udd25\" src=\"https:\/\/static.xx.fbcdn.net\/images\/emoji.php\/v9\/t50\/1\/16\/1f525.png\"> A wynik imponuj\u0105cy <img loading=\"lazy\" decoding=\"async\" height=\"16\" width=\"16\" alt=\"\ud83d\ude0a\" src=\"https:\/\/static.xx.fbcdn.net\/images\/emoji.php\/v9\/t7f\/1\/16\/1f60a.png\"> Serdecznie dzi\u0119kujemy wszystkim licytuj\u0105cym, a tak\u017ce kolekcjonerom, kt\u00f3rzy przekazali nam prace. Trzy prace, kt\u00f3re osi\u0105gn\u0119\u0142y najwy\u017csz\u0105 cen\u0119: <img loading=\"lazy\" decoding=\"async\" height=\"16\" width=\"16\" alt=\"\ud83d\udd25\" src=\"https:\/\/static.xx.fbcdn.net\/images\/emoji.php\/v9\/t50\/1\/16\/1f525.png\">60 000 z\u0142 praca Konrada \u017bukowskiego ofiarowana przez Tomasza Pasieka<img loading=\"lazy\" decoding=\"async\" height=\"16\" width=\"16\" alt=\"\ud83d\udd25\" src=\"https:\/\/static.xx.fbcdn.net\/images\/emoji.php\/v9\/t50\/1\/16\/1f525.png\">45 000 z\u0142 praca Agaty Kus ofiarowana przez Ann\u0119 Pawelak<img loading=\"lazy\" decoding=\"async\" height=\"16\" width=\"16\" alt=\"\ud83d\udd25\" src=\"https:\/\/static.xx.fbcdn.net\/images\/emoji.php\/v9\/t50\/1\/16\/1f525.png\">38 000 z\u0142 praca \u0141ukasza Patelczyka ofiarowana przez Krystiana WolakaDoch\u00f3d z aukcji zostanie przekazany na <a href=\"https:\/\/www.facebook.com\/MuzeumNarodowe\/?__cft__[0]=AZUs4RhRwFNNPy4X6rN_cICbZukWT667joF3Mr6bsxLDm2-jrG-_cv-AzOGLeKq0S6wacMsu4Ietqfaoy4emXT68eEeEJPj3haq8wgq_T2FLAjzdilmBYDLpPDdqB4DVzhKXWZsx3KYgyR0BZlIraQ9x&amp;__tn__=kK-R\">Muzeum Narodowe w Warszawie<\/a>. Wszystkie wyniki dost\u0119pne s\u0105 na stronie <a href=\"https:\/\/www.facebook.com\/artinfopl\/?__cft__[0]=AZUs4RhRwFNNPy4X6rN_cICbZukWT667joF3Mr6bsxLDm2-jrG-_cv-AzOGLeKq0S6wacMsu4Ietqfaoy4emXT68eEeEJPj3haq8wgq_T2FLAjzdilmBYDLpPDdqB4DVzhKXWZsx3KYgyR0BZlIraQ9x&amp;__tn__=kK-R\">Artinfo.pl<\/a>. Serdecznie dzi\u0119kujemy r\u00f3wnie\u017c <a href=\"https:\/\/www.facebook.com\/DesaUnicumWarszawa\/?__cft__[0]=AZUs4RhRwFNNPy4X6rN_cICbZukWT667joF3Mr6bsxLDm2-jrG-_cv-AzOGLeKq0S6wacMsu4Ietqfaoy4emXT68eEeEJPj3haq8wgq_T2FLAjzdilmBYDLpPDdqB4DVzhKXWZsx3KYgyR0BZlIraQ9x&amp;__tn__=kK-R\">Desa Unicum<\/a> za ponown\u0105 wsp\u00f3\u0142prac\u0119 <img loading=\"lazy\" decoding=\"async\" height=\"16\" width=\"16\" alt=\"\ud83d\ude42\" src=\"https:\/\/static.xx.fbcdn.net\/images\/emoji.php\/v9\/t4c\/1\/16\/1f642.png\"> Wyniki: <a href=\"https:\/\/l.facebook.com\/l.php?u=https%3A%2F%2Fartinfo.pl%2Fwyniki-aukcji%2Fkolekcjonerzy-dla-muzeum-aukcja-charytatywna-na-rzecz-stowarzyszenia-przyjaciele-muzeum-narodowego-w-warszawie%3Ffbclid%3DIwAR2DGRmscDlJ6yZIIfdDFtZQ4vPSVDCHTnhXrEJnmtseMVpYF1OUTvQ0wyk&amp;h=AT1K7n0qtHLRRNCjwrK9VwDidH4TcbCZ5V3EZ8878GsBYqK7JNndaSipgpr2W466N70qT8AAoIwCnbcLpY-PTK5KYzJe-HOAD9e06msYkWIbC_IOaBm2o-wCI2IP3g48_H4&amp;__tn__=-UK-R&amp;c[0]=AT0B6QXOM4BPziN7NbqK1qWPViLrYauBCeFPKmJ82zaDQytj5Dgn2EZVjYn19uLD1jsARZYEOnu1xOpRDz1E4dYYL62m4SEC_31hfLuNeCCbblv3bPr8BjK4uN-WJjT0ogCIxClb6QYYeS4jNnAOIiYwuO87NeSPv9946swqUnAxpHM\" rel=\"noreferrer noopener\" target=\"_blank\">https:\/\/artinfo.pl\/&#8230;\/kolekcjonerzy-dla-muzeum-aukcja&#8230;<\/a><a href=\"https:\/\/www.facebook.com\/hashtag\/przyjacielemnw?__eep__=6&amp;__cft__[0]=AZUs4RhRwFNNPy4X6rN_cICbZukWT667joF3Mr6bsxLDm2-jrG-_cv-AzOGLeKq0S6wacMsu4Ietqfaoy4emXT68eEeEJPj3haq8wgq_T2FLAjzdilmBYDLpPDdqB4DVzhKXWZsx3KYgyR0BZlIraQ9x&amp;__tn__=*NK-R\">#przyjacielemnw<\/a><a href=\"https:\/\/www.facebook.com\/hashtag\/wspieramymnw?__eep__=6&amp;__cft__[0]=AZUs4RhRwFNNPy4X6rN_cICbZukWT667joF3Mr6bsxLDm2-jrG-_cv-AzOGLeKq0S6wacMsu4Ietqfaoy4emXT68eEeEJPj3haq8wgq_T2FLAjzdilmBYDLpPDdqB4DVzhKXWZsx3KYgyR0BZlIraQ9x&amp;__tn__=*NK-R\">#wspieramyMNW<\/a><\/p>\n\n\n\n<p>Selekcja 17 dzie\u0142 sztuki i trzy suknie vintage ze zbior\u00f3w najznamienitszych polskich kolekcjoner\u00f3w trafi\u0105 na wystaw\u0119, a p\u00f3\u017aniej aukcj\u0119 charytatywn\u0105. Ca\u0142y doch\u00f3d ze sprzeda\u017cy zostanie przeznaczony na sfinansowanie kolekcji \u201eAutoportrety XXI\u201d. To inicjatywa stowarzyszenia Przyjaciele MNW.<\/p>\n\n\n\n<p>Przyjaciele Muzeum Narodowego w Warszawie to stowarzyszenie, kt\u00f3rego historia si\u0119ga 1916 r. Warszawska inteligencja stworzy\u0142a wtedy organizacj\u0119 zbieraj\u0105c\u0105 fundusze na zakup dzie\u0142 sztuki, odbudowuj\u0105c\u0105 kolekcj\u0119, kt\u00f3ra ucierpia\u0142a na skutek I wojny \u015bwiatowej. Idea zosta\u0142a wskrzeszona w latach 60. XX w., kiedy powo\u0142ano Klub M\u0142odych Przyjaci\u00f3\u0142 Muzeum. Wycieczki klubu po Polsce, oprowadzania po Pa\u0142acu w Wilanowie czy Zamku Kr\u00f3lewskim w Warszawie, ale te\u017c wydarzenia, jak np. spotkania stylizowane na s\u0142ynne obiady czwartkowe kr\u00f3la Stanis\u0142awa Augusta Poniatowskiego, popularyzowa\u0142y wiedz\u0119 i tworzy\u0142y \u015brodowisko m\u0142odego pokolenia entuzjast\u00f3w historii sztuki.<\/p>\n\n\n\n<p>Edukacyjn\u0105 misj\u0119 kontynuowa\u0142 za\u0142o\u017cony w latach 90. klub, kt\u00f3ry organizowa\u0142 wyk\u0142ady i oprowadzania po wystawach sta\u0142ych i czasowych Muzeum Narodowego. Dopiero jednak w 2014 r. formalnie powo\u0142ano stowarzyszenie i og\u0142oszono manifest, w kt\u00f3rym obra\u0142o sobie za misj\u0119 m.in. wspieranie i promowanie instytucji, dzia\u0142alno\u015b\u0107 edukacyjn\u0105, a tak\u017ce pomoc w zakupie dzie\u0142, wykupie depozyt\u00f3w i w konserwacji. W ostatnich latach Przyjaciele MNW organizowali g\u0142o\u015bne imprezy dobroczynne \u2013 bale i pokazy mody. W 2022 r. zdecydowano si\u0119 na inn\u0105 formu\u0142\u0119 \u2013 wystaw\u0119 stworzon\u0105 z 17 obiekt\u00f3w wybranych ze swoich kolekcji przez znanych polskich kolekcjoner\u00f3w, a nast\u0119pnie aukcji charytatywnej. Licytowane b\u0119d\u0105 r\u00f3wnie\u017c trzy wyj\u0105tkowe suknie vintage z kolekcji Adama Leja pochodz\u0105ce z dom\u00f3w mody Lanvin, Krizia i Dior.<\/p>\n\n\n\n<h3 class=\"wp-block-heading\">Pocz\u0105tek nowej kolekcji \u201eAutoportrety XXI wieku\u201d<\/h3>\n\n\n\n<p>Martyna Czech, Konrad \u017bukowski czy Julian Jakub Zi\u00f3\u0142kowski to tylko niekt\u00f3rzy arty\u015bci, kt\u00f3rych prace znalaz\u0142y si\u0119 na wystawie. To m\u0142ode i gor\u0105ce nazwiska, ale te\u017c reprezentowane przez wyj\u0105tkowe dzie\u0142a wybrane przez znawc\u00f3w, dlatego aukcja b\u0119dzie szczeg\u00f3lnym wydarzeniem. Zgromadzone podczas licytacji fundusze zostan\u0105 przeznaczone na nowy projekt \u2013 kolekcj\u0119 \u201eAutoportrety XXI\u201d. B\u0119dzie to zbi\u00f3r autoportret\u00f3w znakomitych artyst\u00f3w i artystek, w\u015br\u00f3d kt\u00f3rych znajd\u0105 si\u0119 takie osobowo\u015bci, jak Pawe\u0142 Althamer, Agnieszka Brze\u017ca\u0144ska, Rafa\u0142 Milach czy Wilhelm Sasnal.<br>\u2013&nbsp;<em>Kolekcja, kt\u00f3rej powstanie umo\u017cliwi mecenat stowarzyszenia Przyjaciele MNW, jak r\u00f3wnie\u017c kolekcjonerzy i licytuj\u0105cy podczas aukcji 24 stycznia, zostanie przekazana do zbior\u00f3w muzeum, gdzie b\u0119dzie stanowi\u0107 osobn\u0105, nierozerwaln\u0105 ca\u0142o\u015b\u0107. Mamy nadziej\u0119, \u017ce premierowy pokaz kolekcji u\u015bwietni kolejn\u0105 rocznic\u0119 powstania Muzeum Narodowego w Warszawie<\/em>&nbsp;\u2013 m\u00f3wi Pawe\u0142 Kastory, prezes stowarzyszenia Przyjaciele MNW.<\/p>\n\n\n\n<p>Wystaw\u0119 przedaukcyjn\u0105 b\u0119dzie mo\u017cna ogl\u0105da\u0107 od 17 stycznia w Desie Unicum (Pi\u0119kna 1A, Warszawa)<\/p>\n\n\n\n<p>Aukcja \u201eKolekcjonerzy dla Muzeum\u201d odb\u0119dzie si\u0119 24 stycznia 2022 r. o godz. 19.00 z udzia\u0142em publiczno\u015bci, w Desie Unicum przy ul. Pi\u0119knej 1A w Warszawie oraz online.<\/p>\n\n\n\n<p>Licytacja i katalog aukcji dost\u0119pny jest na stronie desa.pl i artinfo.pl<\/p>\n\n\n\n<p>Na wystawie i aukcji \u201eKolekcjonerzy dla Muzeum\u201d znajduj\u0105 si\u0119 nast\u0119puj\u0105ce prace:<br>\u2013 Martyny Czech z kolekcji Piotra Bazylko&nbsp;<br>\u2013 Janka Zamoyskiego z kolekcji Micha\u0142a Borowika<br>\u2013 Jarka Jeschke z kolekcji Tomasza Chmala<br>\u2013 Jakuba Juliana Zi\u00f3\u0142kowskiego z kolekcji Karoliny i Paw\u0142a Domaga\u0142\u00f3w<br>\u2013 Tomka Barana z kolekcji Szymona Gutkowskiego<br>\u2013 Boles\u0142awa Cybisa z kolekcji Krzysztofa Juzonia<br>\u2013 Jeana Lamberta-Ruckiego z kolekcji Agnieszki i Marka Roefler\u00f3w&nbsp;<br>\u2013 Tomasza G\u00f3rnickiego z kolekcji Rafa\u0142a Kameckiego i Artinfo.pl<br>\u2013 Aleksandra Kobzdeja z kolekcji Marka Ma\u0142eckiego<br>\u2013 Konrada \u017bukowskiego z kolekcji Tomasza Pasieka&nbsp;<br>\u2013 Agaty Kus z kolekcji Anny Pawelak<br>\u2013 \u0141ukasza Patelczyka z kolekcji Krystiana Wolaka<br>\u2013 Norberta Delmana z kolekcji Fundacji Artystyczna Podr\u00f3\u017c Hestii<br>\u2013 The Krasnals z kolekcji Stowarzyszenia Komunikacji Marketingowej SAR.<\/p>\n\n\n\n<p>Podczas aukcji licytowane b\u0119d\u0105 r\u00f3wnie\u017c trzy wyj\u0105tkowe suknie vintage z kolekcji Adama Leja pochodz\u0105ce z dom\u00f3w mody Lanvin, Krizia i Dior.<\/p>\n\n\n\n<p>AGATA KUS<br>1987<br>&#8222;Sto\u0142\u00f3wka (Can Teen)&#8221;, 2015<br>olej\/p\u0142\u00f3tno, 85 x 105 cm<br>sygnowany, datowany i opisany na odwrociu:<br>&#8217;A. Kus | AGATA KUS | Sto\u0142\u00f3wka (Can Teen) | oil on canvas | 85 x 105 cm | 2015&#8242;<br>cena wywo\u0142awcza: 1 000 PLN<br>POCHODZEN I E :<br>kolekcja Anny Pawelak<br>Agata Kus jest uwa\u017cana za jedn\u0105 z najbardziej obiecuj\u0105cych artystek<br>m\u0142odego pokolenia. Dowodem potwierdzaj\u0105cym ten fakt mo\u017ce by\u0107<br>niedawne wyr\u00f3\u017cnienie w plebiscycie Kompas Sztuki. W ubieg\u0142ym<br>roku tw\u00f3rczyni znalaz\u0142a si\u0119 na szczycie zestawienia, w 2021 natomiast<br>zaj\u0119\u0142a trzecie miejsce. Styl malarstwa Kus to po\u0142\u0105czenie realistycznego<br>obrazowania \u015bwiata z elementami surrealnymi, b\u0119d\u0105cymi cz\u0119sto cytatami<br>z kultury. Dzia\u0142aj\u0105c na zasadzie budowania kola\u017cowych kompozycji<br>z odleg\u0142ych znaczeniowo element\u00f3w, malarka kreuje niecodzienne sceny,<br>kt\u00f3re dzi\u0119ki ciekawym zestawieniom tworz\u0105 nowe, zaskakuj\u0105ce znaczenia.<br>Obraz \u201eCAN TEEN\u201d nale\u017cy do serii prac inspirowanych postaciami filmowymi.<br>Tym razem autorka si\u0119gn\u0119\u0142a do \u201eWitaj w domu lalek\u201d Todda Solondza,<br>opowiadaj\u0105cego o niedolach dorastania Dawn Wiener \u2013 ekscentrycznej<br>i aspo\u0142ecznej dwunastolatki, kt\u00f3ra zmaga si\u0119 z opresyjnym spo\u0142ecze\u0144stwem.<br>Wa\u017cn\u0105 rol\u0119 w niekt\u00f3rych pracach Kus odgrywaj\u0105 cytaty filmowe, kt\u00f3re<br>malarka zamyka w postaci zatrzymanych kadr\u00f3w skupionych na wybranych<br>momentach z \u017cycia bohater\u00f3w, ich przeobra\u017ceniach, wewn\u0119trznej<br>przemianie. Obrazy z tego cyklu oscyluj\u0105 wok\u00f3\u0142 wi\u0119zi rodzinnych, \u015bmierci,<br>z\u0142a, kary czy psychologii postaci. Istotnymi inspiracjami dla artystki by\u0142y filmy<br>Bergmana, Saury, Bertolucciego.<\/p>\n","protected":false},"excerpt":{"rendered":"<p>Aukcja #kolekcjonerzydlaMuzeum za nami A wynik imponuj\u0105cy Serdecznie dzi\u0119kujemy wszystkim licytuj\u0105cym, a tak\u017ce kolekcjonerom, kt\u00f3rzy przekazali&hellip;<\/p>\n","protected":false},"author":1,"featured_media":2028,"comment_status":"closed","ping_status":"open","sticky":false,"template":"","format":"standard","meta":{"footnotes":""},"categories":[6,8],"tags":[],"class_list":["post-2023","post","type-post","status-publish","format-standard","has-post-thumbnail","hentry","category-events","category-news"],"_links":{"self":[{"href":"https:\/\/agatakus.pl\/index.php?rest_route=\/wp\/v2\/posts\/2023","targetHints":{"allow":["GET"]}}],"collection":[{"href":"https:\/\/agatakus.pl\/index.php?rest_route=\/wp\/v2\/posts"}],"about":[{"href":"https:\/\/agatakus.pl\/index.php?rest_route=\/wp\/v2\/types\/post"}],"author":[{"embeddable":true,"href":"https:\/\/agatakus.pl\/index.php?rest_route=\/wp\/v2\/users\/1"}],"replies":[{"embeddable":true,"href":"https:\/\/agatakus.pl\/index.php?rest_route=%2Fwp%2Fv2%2Fcomments&post=2023"}],"version-history":[{"count":4,"href":"https:\/\/agatakus.pl\/index.php?rest_route=\/wp\/v2\/posts\/2023\/revisions"}],"predecessor-version":[{"id":2030,"href":"https:\/\/agatakus.pl\/index.php?rest_route=\/wp\/v2\/posts\/2023\/revisions\/2030"}],"wp:featuredmedia":[{"embeddable":true,"href":"https:\/\/agatakus.pl\/index.php?rest_route=\/wp\/v2\/media\/2028"}],"wp:attachment":[{"href":"https:\/\/agatakus.pl\/index.php?rest_route=%2Fwp%2Fv2%2Fmedia&parent=2023"}],"wp:term":[{"taxonomy":"category","embeddable":true,"href":"https:\/\/agatakus.pl\/index.php?rest_route=%2Fwp%2Fv2%2Fcategories&post=2023"},{"taxonomy":"post_tag","embeddable":true,"href":"https:\/\/agatakus.pl\/index.php?rest_route=%2Fwp%2Fv2%2Ftags&post=2023"}],"curies":[{"name":"wp","href":"https:\/\/api.w.org\/{rel}","templated":true}]}}