{"id":2059,"date":"2022-05-16T16:14:42","date_gmt":"2022-05-16T14:14:42","guid":{"rendered":"https:\/\/agatakus.pl\/?p=2059"},"modified":"2022-05-16T16:17:33","modified_gmt":"2022-05-16T14:17:33","slug":"lzy-dziewczyny-i-geniuszki-na-top-charity-licytacja-charytatywna","status":"publish","type":"post","link":"https:\/\/agatakus.pl\/?p=2059","title":{"rendered":"\u0141zy dziewczyny i Geniuszki na Top Charity- Licytacja Charytatywna"},"content":{"rendered":"\n<h1 class=\"wp-block-heading\">Wielka Aukcja Charytatywna<\/h1>\n\n\n\n<p><strong>Wielka Aukcja<\/strong>&nbsp;jest najwi\u0119kszym presti\u017cowym wydarzeniem charytatywnym w Polsce, z kt\u00f3rej doch\u00f3d zostanie w 50% przeznaczony na&nbsp;<strong>pomoc uchod\u017acom z Ukrainy<\/strong>&nbsp;i w 50% na dzia\u0142ania&nbsp;<strong>wspieraj\u0105ce edukacj\u0119 podopiecznych polskich dom\u00f3w dziecka<\/strong>&nbsp;oraz&nbsp;<strong>dzieci ulicy z Ghany<\/strong>. Wielka Aukcja Charytatywna zosta\u0142a zainicjowana przez&nbsp;<strong>Omenaa Foundation<\/strong>.<\/p>\n\n\n\n<p>W\u015br\u00f3d zaproszonych go\u015bci s\u0105&nbsp;<strong>kluczowi przedstawiciele rodzimego biznesu<\/strong>, ludzie ceni\u0105cy sztuk\u0119, kt\u00f3rzy chc\u0105 wspiera\u0107 szczytne cele oraz kultur\u0119. Najwa\u017cniejszym punktem wieczoru jest&nbsp;<strong>aukcja polskich dzie\u0142 sztuki<\/strong>,&nbsp;<strong>designu<\/strong>&nbsp;oraz propozycji z kategorii&nbsp;<strong>Wielkie Emocje<\/strong>.<\/p>\n\n\n\n<p><strong>Dob\u00f3r prac jest efektem kilkumiesi\u0119cznych<\/strong>&nbsp;rozm\u00f3w, debat i wsp\u00f3\u0142pracy mi\u0119dzy znawcami i wielbicielami sztuki, kt\u00f3rzy zasiadaj\u0105 w&nbsp;<strong>Radzie Artystycznej Aukcji<\/strong>&nbsp;pod przewodnictwem&nbsp;<strong>prof. Adama Myjaka<\/strong>, artyst\u0119 rze\u017abiarza, wyk\u0142adowc\u0119 i rektora Akademii Sztuk Pi\u0119knych w Warszawie.<\/p>\n\n\n\n<h1 class=\"wp-block-heading\">Rada Artystyczna<\/h1>\n\n\n\n<figure class=\"wp-block-image\"><img decoding=\"async\" src=\"https:\/\/omenaafoundation.com\/wp-content\/uploads\/2022\/05\/profesor-adam-myjak.jpg\" alt=\"\" title=\"profesor-adam-myjak\"\/><\/figure>\n\n\n\n<h6 class=\"wp-block-heading\">Prof. Adam Myjak<\/h6>\n\n\n\n<p>Przewodnicz\u0105cy Rady Artystycznej, artysta rze\u017abiarz, wyk\u0142adowca i rektor Akademii Sztuk Pi\u0119knych w Warszawie<\/p>\n\n\n\n<figure class=\"wp-block-image\"><img decoding=\"async\" src=\"https:\/\/omenaafoundation.com\/wp-content\/uploads\/2022\/05\/hanna-wroblewska.jpg\" alt=\"\" title=\"hanna-wroblewska\"\/><\/figure>\n\n\n\n<h6 class=\"wp-block-heading\">Hanna Wr\u00f3blewska<\/h6>\n\n\n\n<p>historyczka sztuki, kuratorka i wieloletnia dyrektorka Narodowej Galerii Sztuki Zach\u0119ta<\/p>\n\n\n\n<figure class=\"wp-block-image\"><img decoding=\"async\" src=\"https:\/\/omenaafoundation.com\/wp-content\/uploads\/2022\/05\/Iwona-Buchner-Grzesiak.jpg\" alt=\"\" title=\"Iwona-Buchner-Grzesiak\"\/><\/figure>\n\n\n\n<h6 class=\"wp-block-heading\">Iwona B\u00fcchner \u2013 Grzesiak<\/h6>\n\n\n\n<p>Prezeska Domu Aukcyjnego Polswiss Art<\/p>\n\n\n\n<figure class=\"wp-block-image\"><img decoding=\"async\" src=\"https:\/\/omenaafoundation.com\/wp-content\/uploads\/2022\/05\/rafal-kamecki.jpg\" alt=\"\" title=\"rafal-kamecki\"\/><\/figure>\n\n\n\n<h6 class=\"wp-block-heading\">Rafa\u0142 Kamecki<\/h6>\n\n\n\n<p>Prezes Platformy Art info<\/p>\n\n\n\n<figure class=\"wp-block-image\"><img decoding=\"async\" src=\"https:\/\/omenaafoundation.com\/wp-content\/uploads\/2022\/05\/omenaa-mensah-zdjecie.jpg\" alt=\"\" title=\"omenaa-mensah-zdjecie\"\/><\/figure>\n\n\n\n<h6 class=\"wp-block-heading\">Omenaa Mensah<\/h6>\n\n\n\n<p>Prezeska Omenaa Foundation, filantropka, mi\u0142o\u015bniczka i kolekcjonerka sztuki i designu<\/p>\n\n\n\n<h1 class=\"wp-block-heading\">Aukcja<\/h1>\n\n\n\n<p>Dzi\u0119ki otwarto\u015bci oraz wielkim sercom, arty\u015bci zdecydowali si\u0119 ofiarowa\u0107 swoje prace na Aukcj\u0119, i tym samym wspom\u00f3c cele naszej fundacji.<\/p>\n\n\n\n<p>Sama Aukcja jest zorganizowana przez Dom Aukcyjny Polswiss Art, kt\u00f3ry od 1990 roku gromadzi wok\u00f3\u0142 siebie kolekcjoner\u00f3w sztuki, koneser\u00f3w malarstwa oraz osobowo\u015bci \u015bwiata kultury i biznesu. Polswiss organizuje w swojej galerii wernisa\u017ce, wystawy oraz aukcje dzie\u0142 sztuki.<\/p>\n\n\n\n<p>Partnerem Wielkiej Aukcji Charytatywnej jest r\u00f3wnie\u017c portal Artinfo.pl, na kt\u00f3rym odb\u0119dzie si\u0119 aukcja online. Portal istnieje od 2000 roku i jest najbardziej licz\u0105cym si\u0119 i wiarygodnym \u017ar\u00f3d\u0142em informacji o rynku sztuki w Polsce.<\/p>\n\n\n\n<p><a href=\"https:\/\/artinfo.pl\/katalogi-aukcyjne\/wielka-aukcja-charytatywna\" target=\"_blank\" rel=\"noreferrer noopener\">Licytuj online podczas Wielkiej Aukcji<\/a><\/p>\n\n\n\n<h6 class=\"wp-block-heading\">Jak licytowa\u0107 online<\/h6>\n\n\n\n<p>Je\u015bli chc\u0105 Pa\u0144stwo wzi\u0105\u0107 udzia\u0142 w licytacji, nie uczestnicz\u0105c osobi\u015bcie w wydarzeniu, wystarczy zarejestrowa\u0107 si\u0119 na www.artinfo.pl, podaj\u0105c swoje imi\u0119\/nazwisko\/kontakt mailowy i telefoniczny.<\/p>\n\n\n\n<p>Po za\u0142o\u017ceniu konta w zak\u0142adce \u201eKalendarz aukcji\u201d znajd\u0105 Pa\u0144stwo zestawienie wszystkich aktualnych licytacji, r\u00f3wnie\u017c katalog Aukcji Charytatywnej Omenaa Foundation.<\/p>\n\n\n\n<p>Licytacja rozpocznie si\u0119 21 maja (sobota) o godz. 21:00. W\u00f3wczas mog\u0105 Pa\u0144stwo do\u0142\u0105czy\u0107 do aukcji LIVE.<\/p>\n\n\n\n<p>Wcze\u015bniej mog\u0105 Pa\u0144stwo:<\/p>\n\n\n\n<p>1\/ zleci\u0107 Artinfo.pl licytacj\u0119 interesuj\u0105cego Pa\u0144stwa obiektu z limitem, podaj\u0105c maksymaln\u0105 kwot\u0119, jak\u0105 chc\u0105 Pa\u0144stwo zap\u0142aci\u0107 za prac\u0119<\/p>\n\n\n\n<p>2\/ zleci\u0107 Artinfo.pl kontakt telefoniczny w trakcie aukcji i licytowa\u0107 z naszym partnerem na bie\u017c\u0105co<\/p>\n\n\n\n<p>Po wybraniu formy zlecenia i klikni\u0119ciu \u201eWy\u015blij zlecenie\u201d otrzymaj\u0105 Pa\u0144stwo potwierdzenie przyj\u0119cia go do realizacji.<\/p>\n\n\n\n<p>O rezultacie licytacji Artinfo.pl powiadomi Pa\u0144stwa po zako\u0144czeniu aukcji.<\/p>\n\n\n\n<p>W przypadku wygranej w osobnej korespondencji otrzymaj\u0105 Pa\u0144stwo dokumenty zakupu.<\/p>\n\n\n\n<p><\/p>\n\n\n\n<p><strong>Omenaa Mensah: Czym dla Ciebie jest charytatywno\u015b\u0107?<\/strong><\/p>\n\n\n\n<p>Agata Kus: Charytatywno\u015b\u0107 dla malarza to jest pi\u0119kna strategia niesienia pomocy. Mamy mo\u017cliwo\u015bci i narz\u0119dzia, \u017ceby nasz\u0105 tw\u00f3rczo\u015b\u0107 przeku\u0107 w \u015brodki pomocy ludziom.\u00a0 Jest to wielki dar, z kt\u00f3rego nale\u017cy korzysta\u0107. Musz\u0119 przyzna\u0107, \u017ce, tak jak wi\u0119kszo\u015b\u0107 ludzi, mocno prze\u017cywam sytuacj\u0119 w Ukrainie. Wystarczy\u0142o kilka dni od rozpocz\u0119cia rosyjskiej agresji, aby\u015bmy si\u0119 wszyscy zjednoczyli w pomaganiu. W \u015brodowisku artystycznym r\u00f3wnie\u017c wybuch\u0142o niesamowite poruszenie, ludzie zacz\u0119li wr\u0119cz masowo przekazywa\u0107 i licytowa\u0107 dzie\u0142a sztuki na rzecz pomocy naszym s\u0105siadom. Ja w tym czasie pracowa\u0142am ju\u017c nad cyklem \u201eMater Dolorosa\u201d, czyli przedstawieniami\u00a0 \u201eprzygranicznych madonn\u201d. Pierwszy z obraz\u00f3w powsta\u0142 wcze\u015bniej, w wyniku odbierania napi\u0119\u0107 i niepokoj\u00f3w zwi\u0105zanych z sytuacj\u0105 ludzi koczuj\u0105cych na granicy z Bia\u0142orusi\u0105. Przekazywany przeze mnie na aukcj\u0119 obraz nale\u017cy w\u0142a\u015bnie do tej serii.<\/p>\n\n\n\n<p><strong>OM: Tak Ci\u0119 to poruszy\u0142o\u2026<\/strong><\/p>\n\n\n\n<p>AK: Tak. Wiesz, ja nawet nie jestem jako\u015b specjalnie religijna, ale to nie ma znaczenia. Motyw dolorystyczny p\u0142acz\u0105cej Maryi, znany jest w naszej kulturze i sztuce od \u015bredniowiecza i akcentuje taki ludzki aspekt \u015bwi\u0119tej. Jest symbolem nie tyle cierpienia, co mi\u0142o\u015bci, troski i wsp\u00f3\u0142czucia.<\/p>\n\n\n\n<p><strong>OM: My\u015bl\u0119, \u017ce dzisiaj r\u00f3wnie\u017c widzimy ten obraz &#8211; do Polski g\u0142\u00f3wnie trafiaj\u0105 kobiety i dzieci. Nie wiem, czy widzia\u0142a\u015b, ale ostatnio otworzy\u0142am centrum wsparcia i edukacji dla matek z dzie\u0107mi, w\u0142a\u015bnie z Ukrainy. Najwi\u0119ksz\u0105 nagrod\u0105 tego przedsi\u0119wzi\u0119cia by\u0142o to, \u017ce dzi\u0119kowa\u0142y mi nie za to miejsce, ale za to, \u017ce czu\u0142y si\u0119 potrzebne, \u017ce maj\u0105 prac\u0119 i mog\u0105 same zadba\u0107 o siebie\u2026 Mn\u00f3stwo emocji, ale to te\u017c nieod\u0142\u0105czny element pracy artysty. No w\u0142a\u015bnie &#8211; co to znaczy by\u0107 we wsp\u00f3\u0142czesnym \u015bwiecie artyst\u0105?<\/strong><\/p>\n\n\n\n<p><strong>AK: <\/strong>Wydaje mi si\u0119, \u017ce sztuka to magia, tym samym artysta jest troch\u0119 jak czarodziej. Arty\u015bci to takie ciekawe stworzenia &#8211; odbiorniki rzeczywisto\u015bci wyposa\u017cone w bardzo aktywne filtry. Buduj\u0105 kultur\u0119, cywilizacj\u0119, uwra\u017cliwiaj\u0105 na \u015bwiat, na drugiego cz\u0142owieka. To bardzo wa\u017cna i odpowiedzialna rola. Dbanie o rozw\u00f3j moralny, duchowy, estetyczny to, jak si\u0119 okazuje, rzecz kluczowa i nie mo\u017cna z niej rezygnowa\u0107. Mo\u017ce dzi\u0119ki temu nasi wra\u017cliwsi, a co za tym idzie \u2013 m\u0105drzejsi synowie, nie b\u0119d\u0105 zachowywa\u0107 si\u0119 jak ci rosyjscy ch\u0142opcy, kt\u00f3rych bestialskie zachowanie w Ukrainie szokuje ca\u0142y Zachodni \u015awiat. Oczywi\u015bcie sztuka, aby pozosta\u0107 zdrow\u0105, potrzebuje \u015brodowiska wolno\u015bci, krytycznego my\u015blenia oraz braku nacisku i kontroli. W innym przypadku mo\u017ce sta\u0107 si\u0119 niebezpiecznym narz\u0119dziem u\u017cywanym do propagandy.<\/p>\n\n\n\n<p><strong>OM: Artysta to wolno\u015b\u0107 &#8211; to jest dla niego miejsce i pole do tworzenia. Co przekaza\u0142a\u015b na nasz\u0105 Wielk\u0105 Aukcj\u0119 Charytatywn\u0105?<\/strong><\/p>\n\n\n\n<p>AK: Przekazuj\u0119 dwie prace &#8211; pierwsza nosi tytu\u0142 ,,\u0141zy dziewczyny\u201d. Jest to obraz olejny, na p\u0142\u00f3tnie, eksploruj\u0105cy znany od stuleci motyw dolorystyczny, przywo\u0142ywany cz\u0119sto w czasach konflikt\u00f3w i nawi\u0105zuj\u0105cy do cierpienia kobiet \u2013 matek, si\u00f3str, c\u00f3rek \u2013 po utracie m\u0119\u017cczyzn.<\/p>\n\n\n\n<p>Ten portret dziewczyny w z\u0142otym kocu termicznym jest wyj\u0105tkowy r\u00f3wnie\u017c ze wzgl\u0119du na u\u017cyte do stworzenia krwawych \u0142ez kamienie szlachetne &#8211; rubiny i granaty.&nbsp;Rubiny zawsze symbolizowa\u0142y odwag\u0119 i waleczno\u015b\u0107, by\u0142y te\u017c kojarzone z krwi\u0105 \u017co\u0142nierzy. Granat natomiast, to kamie\u0144 nowej nadziei i ma przywo\u0142ywa\u0107 rozkwit w czasie przygn\u0119bienia i niepowodze\u0144. Licz\u0119 na to, \u017ce ten obraz b\u0119dzie zaklina\u0107 rzeczywisto\u015b\u0107 swoj\u0105 pozytywn\u0105 moc\u0105 i przekazem.&nbsp;<\/p>\n\n\n\n<p>Druga przekazana praca to m\u00f3j ulubiony rysunek pt. \u201eGeniuszki\u201d, kt\u00f3ry by\u0142 dedykowany 26. Festiwalowi im. Ludwiga van Beethovena odbywaj\u0105cemu si\u0119 w kwietniu tego roku w Warszawie. Tworzenie plakatu na ten festiwal by\u0142o dla mnie zaszczytem. Rysunek zasili\u0142 kolekcj\u0119 festiwalowych plakat\u00f3w przygotowywanych od lat przez znakomitych artyst\u00f3w.&nbsp;<\/p>\n\n\n\n<p>\u201eGeniuszki\u201d przedstawiaj\u0105 ma\u0142e dziewczynki odkrywaj\u0105ce tajemnice komponowania muzyki (tym razem we wsp\u00f3\u0142czesnej formie, bo na tablecie) i opowiadaj\u0105 o odkrywaniu \u015bwiata sztuki, zachwycie nad nim, jak nad mistycznym zjawiskiem oraz o drzemi\u0105cym w nas potencjale i kreatywno\u015bci.<\/p>\n\n\n\n<p>Niedawno ponownie zakocha\u0142am si\u0119 w rysowaniu. Par\u0119 lat temu wystawia\u0142am prace na papierach w Pary\u017cu. Pary\u017canie bardzo ch\u0119tnie kupuj\u0105 rysunki, to jest tam popularne. Ostatnie moje cykle rysunkowe pokazywa\u0142am na wystawie w Norymberdze, Budapeszcie i Warszawie, ale \u201eGeniuszki\u201d, dzi\u0119ki du\u017cemu zasi\u0119gowi plakatu, traktuj\u0119 troch\u0119 jak tak\u0105 per\u0142\u0119 w koronie. Jest szczeg\u00f3lny i w\u0142a\u015bnie dlatego zdecydowa\u0142am, \u017ce powinien zosta\u0107 zlicytowany charytatywnie.<\/p>\n\n\n\n<p><strong>OM: Czym dla Ciebie jest mi\u0142o\u015b\u0107?&nbsp;<\/strong><\/p>\n\n\n\n<p>AK: Mi\u0142o\u015b\u0107 to warto\u015b\u0107 nadrz\u0119dna, kt\u00f3r\u0105 trzeba piel\u0119gnowa\u0107 i traktowa\u0107 jak drogowskaz w \u017cyciu. Jest chyba najsilniejszym znanym ludzko\u015bci motorem dzia\u0142ania. No, mo\u017ce w\u0142adza czasem depcze jej po pi\u0119tach, ale historia doskonale zna przypadki, gdzie nawet kr\u00f3lowie rezygnowali ze swoich stanowisk dla mi\u0142o\u015bci. Mi\u0142o\u015b\u0107 uskrzydla i uzbraja, sprawia, \u017ce jeste\u015bmy zdolni do po\u015bwi\u0119ce\u0144 i bycia najlepszymi wersjami siebie.<\/p>\n","protected":false},"excerpt":{"rendered":"<p>Wielka Aukcja Charytatywna Wielka Aukcja&nbsp;jest najwi\u0119kszym presti\u017cowym wydarzeniem charytatywnym w Polsce, z kt\u00f3rej doch\u00f3d zostanie w&hellip;<\/p>\n","protected":false},"author":1,"featured_media":2060,"comment_status":"closed","ping_status":"open","sticky":false,"template":"","format":"standard","meta":{"footnotes":""},"categories":[6,8],"tags":[],"class_list":["post-2059","post","type-post","status-publish","format-standard","has-post-thumbnail","hentry","category-events","category-news"],"_links":{"self":[{"href":"https:\/\/agatakus.pl\/index.php?rest_route=\/wp\/v2\/posts\/2059","targetHints":{"allow":["GET"]}}],"collection":[{"href":"https:\/\/agatakus.pl\/index.php?rest_route=\/wp\/v2\/posts"}],"about":[{"href":"https:\/\/agatakus.pl\/index.php?rest_route=\/wp\/v2\/types\/post"}],"author":[{"embeddable":true,"href":"https:\/\/agatakus.pl\/index.php?rest_route=\/wp\/v2\/users\/1"}],"replies":[{"embeddable":true,"href":"https:\/\/agatakus.pl\/index.php?rest_route=%2Fwp%2Fv2%2Fcomments&post=2059"}],"version-history":[{"count":2,"href":"https:\/\/agatakus.pl\/index.php?rest_route=\/wp\/v2\/posts\/2059\/revisions"}],"predecessor-version":[{"id":2062,"href":"https:\/\/agatakus.pl\/index.php?rest_route=\/wp\/v2\/posts\/2059\/revisions\/2062"}],"wp:featuredmedia":[{"embeddable":true,"href":"https:\/\/agatakus.pl\/index.php?rest_route=\/wp\/v2\/media\/2060"}],"wp:attachment":[{"href":"https:\/\/agatakus.pl\/index.php?rest_route=%2Fwp%2Fv2%2Fmedia&parent=2059"}],"wp:term":[{"taxonomy":"category","embeddable":true,"href":"https:\/\/agatakus.pl\/index.php?rest_route=%2Fwp%2Fv2%2Fcategories&post=2059"},{"taxonomy":"post_tag","embeddable":true,"href":"https:\/\/agatakus.pl\/index.php?rest_route=%2Fwp%2Fv2%2Ftags&post=2059"}],"curies":[{"name":"wp","href":"https:\/\/api.w.org\/{rel}","templated":true}]}}