{"id":2074,"date":"2022-09-12T14:03:16","date_gmt":"2022-09-12T12:03:16","guid":{"rendered":"https:\/\/agatakus.pl\/?p=2074"},"modified":"2022-09-12T14:03:16","modified_gmt":"2022-09-12T12:03:16","slug":"%f0%9d%97%a6%f0%9d%97%9b%f0%9d%97%94%f0%9d%97%a5%f0%9d%97%98-%f0%9d%97%ac%f0%9d%97%a2%f0%9d%97%a8%f0%9d%97%a5-%f0%9d%97%94%f0%9d%97%a1%f0%9d%97%9a%f0%9d%97%98%f0%9d%97%a5-galeria-asp-krakow","status":"publish","type":"post","link":"https:\/\/agatakus.pl\/?p=2074","title":{"rendered":"\ud835\udde6\ud835\udddb\ud835\uddd4\ud835\udde5\ud835\uddd8 \ud835\uddec\ud835\udde2\ud835\udde8\ud835\udde5 \ud835\uddd4\ud835\udde1\ud835\uddda\ud835\uddd8\ud835\udde5, Galeria ASP Krak\u00f3w"},"content":{"rendered":"\n<p>wystawa<br>\ud835\udde6\ud835\udddb\ud835\uddd4\ud835\udde5\ud835\uddd8 \ud835\uddec\ud835\udde2\ud835\udde8\ud835\udde5 \ud835\uddd4\ud835\udde1\ud835\uddda\ud835\uddd8\ud835\udde51.09-16.10.2022Marek \ud835\uddd6\ud835\uddf5\ud835\uddf9\ud835\uddee\ud835\uddfb\ud835\uddf1\ud835\uddee \/ Monika \ud835\uddd6\ud835\uddf5\ud835\uddf9\ud835\uddf2\ud835\uddef\ud835\uddf2\ud835\uddf8 \/ Boles\u0142aw \ud835\uddd6\ud835\uddf5\ud835\uddff\ud835\uddfc\ud835\uddfa\ud835\uddff\ud835\ude06 \/ Dawid \ud835\uddd6\ud835\ude07\ud835\ude06\ud835\uddf0\ud835\ude07\/ Monika \ud835\uddd9\ud835\uddee\ud835\uddf9\ud835\uddf8\ud835\ude02\ud835\ude00 \/ Wiktor \ud835\uddda\ud835\uddee\u0142\ud835\uddf8\ud835\uddee \/ Szymon \ud835\uddde\ud835\uddfc\ud835\uddef\ud835\ude06\ud835\uddf9\ud835\uddee\ud835\uddff\ud835\ude07 \/ Ko\u015bci\u00f3\u0142 \ud835\udde1\ud835\uddf6\ud835\uddf5\ud835\uddf6\ud835\uddf9\ud835\uddf6\ud835\ude00\ud835\ude01\u00f3\ud835\ude04 \/ Andrzej \ud835\uddde\ud835\ude02\ud835\uddf9\ud835\uddf6\ud835\uddf4 \/ Agata \ud835\uddde\ud835\ude02\ud835\ude00 \/ Krzysztof \ud835\udde0\ud835\uddee\ud835\uddff\ud835\uddf0\ud835\uddf5\ud835\uddf9\ud835\uddee\ud835\uddf8 \/ \u0141\u00f3d\u017a \ud835\uddde\ud835\uddee\ud835\uddf9\ud835\uddf6\ud835\ude00\ud835\uddf8\ud835\uddee \/ Karol \ud835\udde3\ud835\uddee\ud835\uddf9\ud835\uddf0\ud835\ude07\ud835\uddee\ud835\uddf8 \/ Kaja \ud835\udde3\ud835\uddf6\ud835\uddf9\ud835\uddf0\ud835\uddf5 \/ Adam \ud835\udde5\ud835\ude07\ud835\uddf2\ud835\uddfd\ud835\uddf2\ud835\uddf0\ud835\uddf8\ud835\uddf6 \/ Magdalena \ud835\udde6\ud835\uddee\ud835\ude04\ud835\uddf6\ud835\uddf0\ud835\uddf8\ud835\uddee\/ Sylwia \ud835\udde6\ud835\uddfc\ud835\uddf9\ud835\uddee\ud835\uddf8 \/ Witold \ud835\udde6\ud835\ude01\ud835\uddf2\ud835\uddf9\ud835\uddfa\ud835\uddee\ud835\uddf0\ud835\uddf5\ud835\uddfb\ud835\uddf6\ud835\uddf2\ud835\ude04\ud835\uddf6\ud835\uddf0\ud835\ude07 \/ Micha\u0142 \ud835\udded\ud835\uddee\ud835\ude04\ud835\uddee\ud835\uddf1\ud835\uddee \/ Pawe\u0142 \u017b\ud835\ude02\ud835\uddf8\ud835\uddfc\ud835\ude04\ud835\ude00\ud835\uddf8\ud835\uddf6koncept wystawy:<br>Mariusz \ud835\udddb\ud835\uddfc\ud835\uddff\ud835\uddee\ud835\uddfb\ud835\uddf6\ud835\uddfbwsp\u00f3\u0142organizatorzy wystawy:<br>\ud835\udde1\ud835\uddfc\ud835\uddf0\ud835\uddfb\ud835\ude06 \ud835\uddd4\ud835\uddff\ud835\ude01 \ud835\udde3\ud835\uddee\ud835\ude01\ud835\uddff\ud835\uddfc\ud835\uddf9 \ud835\uddf6 \ud835\uddda\ud835\uddee\ud835\uddf9\ud835\uddf2\ud835\uddff\ud835\uddf6\ud835\uddee \ud835\uddd4\ud835\udde6\ud835\udde3 \ud835\ude04 \ud835\uddde\ud835\uddff\ud835\uddee\ud835\uddf8\ud835\uddfc\ud835\ude04\ud835\uddf6\ud835\uddf2<br>\u2588 Wernisa\u017c<br>1 wrze\u015bnia 2022, godz. 20:00\u2588 Galeria ASP w Krakowie<br>ul. Basztowa 18<br>\ud835\udde2 \ud835\uddea\ud835\uddec\ud835\udde6\ud835\udde7\ud835\uddd4\ud835\uddea\ud835\udddc\ud835\uddd8:Wystawa \u201eShare Your Anger\u201d jest po\u015bwi\u0119cona napi\u0119ciom mi\u0119dzyludzkim, kt\u00f3re ewokuj\u0105 w artystach i artystkach efekt \u201e\u015bwi\u0119tego gniewu\u201d, czyli s\u0142usznego oburzenia wobec dziej\u0105cych si\u0119 na naszych oczach niesprawiedliwo\u015bci.W ostatnich latach, a zw\u0142aszcza od covidowego 2020 roku, obserwujemy zdecydowane narastanie bezmiaru konflikt\u00f3w na p\u0142aszczy\u017anie spo\u0142ecznej, politycznej czy ekonomicznej w Polsce i na \u015bwiecie. Wybrane na wystaw\u0119 prace dwudziestu artyst\u00f3w i artystek opowiedz\u0105 o szerokim wachlarzu problem\u00f3w, kt\u00f3re aktualnie wywo\u0142uj\u0105 burzliwe dyskusje.Tytu\u0142 wystawy zosta\u0142 zainspirowany obrazem \u201eShare Your Anger\u201d Dawida Czycza, kt\u00f3ry powsta\u0142 podczas pierwszego wiosennego lockdownu w 2020 roku.Przyjd\u017a na wystaw\u0119 i podziel si\u0119 swoim gniewem!Mariusz Horanin<br>\u2588 Wystawa otwarta:<br>1.09-16.10.2022<br>wt.-nd. 13:00-19:00<\/p>\n","protected":false},"excerpt":{"rendered":"<p>wystawa\ud835\udde6\ud835\udddb\ud835\uddd4\ud835\udde5\ud835\uddd8 \ud835\uddec\ud835\udde2\ud835\udde8\ud835\udde5 \ud835\uddd4\ud835\udde1\ud835\uddda\ud835\uddd8\ud835\udde51.09-16.10.2022Marek \ud835\uddd6\ud835\uddf5\ud835\uddf9\ud835\uddee\ud835\uddfb\ud835\uddf1\ud835\uddee \/ Monika \ud835\uddd6\ud835\uddf5\ud835\uddf9\ud835\uddf2\ud835\uddef\ud835\uddf2\ud835\uddf8 \/ Boles\u0142aw \ud835\uddd6\ud835\uddf5\ud835\uddff\ud835\uddfc\ud835\uddfa\ud835\uddff\ud835\ude06 \/ Dawid \ud835\uddd6\ud835\ude07\ud835\ude06\ud835\uddf0\ud835\ude07\/ Monika \ud835\uddd9\ud835\uddee\ud835\uddf9\ud835\uddf8\ud835\ude02\ud835\ude00 \/&hellip;<\/p>\n","protected":false},"author":1,"featured_media":2075,"comment_status":"closed","ping_status":"open","sticky":false,"template":"","format":"standard","meta":{"footnotes":""},"categories":[6,8],"tags":[],"class_list":["post-2074","post","type-post","status-publish","format-standard","has-post-thumbnail","hentry","category-events","category-news"],"_links":{"self":[{"href":"https:\/\/agatakus.pl\/index.php?rest_route=\/wp\/v2\/posts\/2074","targetHints":{"allow":["GET"]}}],"collection":[{"href":"https:\/\/agatakus.pl\/index.php?rest_route=\/wp\/v2\/posts"}],"about":[{"href":"https:\/\/agatakus.pl\/index.php?rest_route=\/wp\/v2\/types\/post"}],"author":[{"embeddable":true,"href":"https:\/\/agatakus.pl\/index.php?rest_route=\/wp\/v2\/users\/1"}],"replies":[{"embeddable":true,"href":"https:\/\/agatakus.pl\/index.php?rest_route=%2Fwp%2Fv2%2Fcomments&post=2074"}],"version-history":[{"count":1,"href":"https:\/\/agatakus.pl\/index.php?rest_route=\/wp\/v2\/posts\/2074\/revisions"}],"predecessor-version":[{"id":2076,"href":"https:\/\/agatakus.pl\/index.php?rest_route=\/wp\/v2\/posts\/2074\/revisions\/2076"}],"wp:featuredmedia":[{"embeddable":true,"href":"https:\/\/agatakus.pl\/index.php?rest_route=\/wp\/v2\/media\/2075"}],"wp:attachment":[{"href":"https:\/\/agatakus.pl\/index.php?rest_route=%2Fwp%2Fv2%2Fmedia&parent=2074"}],"wp:term":[{"taxonomy":"category","embeddable":true,"href":"https:\/\/agatakus.pl\/index.php?rest_route=%2Fwp%2Fv2%2Fcategories&post=2074"},{"taxonomy":"post_tag","embeddable":true,"href":"https:\/\/agatakus.pl\/index.php?rest_route=%2Fwp%2Fv2%2Ftags&post=2074"}],"curies":[{"name":"wp","href":"https:\/\/api.w.org\/{rel}","templated":true}]}}