{"id":2077,"date":"2022-09-12T14:24:28","date_gmt":"2022-09-12T12:24:28","guid":{"rendered":"https:\/\/agatakus.pl\/?p=2077"},"modified":"2022-09-12T14:24:28","modified_gmt":"2022-09-12T12:24:28","slug":"%e2%98%bd-siedem-etapow-zycia-kobiety-%e2%97%8b-malarstwo-polskich-artystek","status":"publish","type":"post","link":"https:\/\/agatakus.pl\/?p=2077","title":{"rendered":"\u263d Siedem etap\u00f3w \u017cycia kobiety \u25cb Malarstwo polskich artystek"},"content":{"rendered":"\n<p>Miejska Galeria Sztuki w \u0141odzi<br>Galeria Willa, ul. W\u00f3lcza\u0144ska 31<br>WERNISA\u017b: 23.09.2022, godz. 18.00<br>kuratorki: Ma\u0142gorzata Dzi\u0119gielewska, Adriana Usarek\u263d 23 wrze\u015bnia \u2013 13 listopada \u25cb____\\\\____<br>Martyna Czech, Karolina Jab\u0142o\u0144ska, Katarzyna Karpowicz, Agata Kus, Dorota Ku\u017anik, Magdalena Moskwa, Agata S\u0142owak<br>____\\\\____Miejska Galeria Sztuki w \u0141odzi zaprasza na wystaw\u0119 \u201eSiedem etap\u00f3w \u017cycia kobiety. Malarstwo polskich artystek\u201d. Tytu\u0142 projektu zosta\u0142 zaczerpni\u0119ty z pracy malarskiej niemieckiego artysty doby renesansu Hansa Baldunga Griena, odnosz\u0105cej si\u0119 do motywu przemijania oraz siedmiu cykli kobiecego \u017cycia.Do wsp\u00f3\u0142pracy zaproszonych zosta\u0142o siedem malarek: Martyna Czech, Karolina Jab\u0142o\u0144ska, Katarzyna Karpowicz, Agata Kus, Dorota Ku\u017anik, Magdalena Moskwa i Agata S\u0142owak, kt\u00f3re nale\u017c\u0105 do grona najoryginalniejszych i najciekawszych wsp\u00f3\u0142czesnych polskich tw\u00f3rczy\u0144. G\u0142\u00f3wnym motywem wystawy jest w\u0105tek wanitatywny.Artystki w wi\u0119kszo\u015bci oscyluj\u0105 w swoich malarskich realizacjach wok\u00f3\u0142 tematyki kobiety i jej miejsca we wsp\u00f3\u0142czesnym \u015bwiecie. Poruszaj\u0105 niejednokrotnie tematy, kt\u00f3re stanowi\u0105 istotne niepokoje wsp\u00f3\u0142czesnych kobiet na r\u00f3\u017cnych etapach ich \u017cycia.Baldung, ukazuj\u0105c kobiet\u0119 w siedmiu okresach jej \u017cycia, pocz\u0105wszy od wieku niemowl\u0119cego po p\u00f3\u017an\u0105 staro\u015b\u0107, zainteresowa\u0142 si\u0119 problemem przemijalno\u015bci pi\u0119kna, jego niesta\u0142o\u015bci, kr\u00f3tkotrwa\u0142o\u015bci, jednocze\u015bnie \u2013 ju\u017c w XVI wieku \u2013 zwracaj\u0105c uwag\u0119, i\u017c to wiek zaawansowany pe\u0142en jest pi\u0119kna i dostojno\u015bci, a tak\u017ce \u017cyciowego do\u015bwiadczenia i m\u0105dro\u015bci.Tw\u00f3rcze, wyra\u017cone na p\u0142\u00f3tnach czy deskach, opinie autorek nie s\u0105 nastawione na ukazanie jednego wizerunku kobiety. Prezentuj\u0105 kobieco\u015b\u0107 w spokojnym dialogu, jaki toczy si\u0119 pomi\u0119dzy tradycj\u0105 europejskiego malarstwa a wsp\u00f3\u0142czesno\u015bci\u0105, w r\u00f3\u017cnych etapach \u017cycia.____\\\\____<br>PATRONAT MEDIALNY: Magazyn Szum, Notes Na 6 Tygodni, Artinfo.pl, Kalejdoskop, Niez\u0142a Sztuka, Plaster \u0141\u00f3dzki, TVP3 \u0141\u00f3d\u017a, Ret-Sat 1, Radio Z\u0142ote Przeboje, Studenckie Radio \u017bak Politechniki \u0141\u00f3dzkiej<br>____\\\\____<br>Dofinansowano ze \u015brodk\u00f3w Ministra Kultury i Dziedzictwa Narodowego pochodz\u0105cych z Funduszu Promocji Kultury.Projekt wsp\u00f3\u0142finansowany ze \u015brodk\u00f3w Miasta \u0141odzi.<\/p>\n","protected":false},"excerpt":{"rendered":"<p>Miejska Galeria Sztuki w \u0141odziGaleria Willa, ul. W\u00f3lcza\u0144ska 31WERNISA\u017b: 23.09.2022, godz. 18.00kuratorki: Ma\u0142gorzata Dzi\u0119gielewska, Adriana Usarek\u263d&hellip;<\/p>\n","protected":false},"author":1,"featured_media":2078,"comment_status":"closed","ping_status":"open","sticky":false,"template":"","format":"standard","meta":{"footnotes":""},"categories":[6,8],"tags":[],"class_list":["post-2077","post","type-post","status-publish","format-standard","has-post-thumbnail","hentry","category-events","category-news"],"_links":{"self":[{"href":"https:\/\/agatakus.pl\/index.php?rest_route=\/wp\/v2\/posts\/2077","targetHints":{"allow":["GET"]}}],"collection":[{"href":"https:\/\/agatakus.pl\/index.php?rest_route=\/wp\/v2\/posts"}],"about":[{"href":"https:\/\/agatakus.pl\/index.php?rest_route=\/wp\/v2\/types\/post"}],"author":[{"embeddable":true,"href":"https:\/\/agatakus.pl\/index.php?rest_route=\/wp\/v2\/users\/1"}],"replies":[{"embeddable":true,"href":"https:\/\/agatakus.pl\/index.php?rest_route=%2Fwp%2Fv2%2Fcomments&post=2077"}],"version-history":[{"count":1,"href":"https:\/\/agatakus.pl\/index.php?rest_route=\/wp\/v2\/posts\/2077\/revisions"}],"predecessor-version":[{"id":2079,"href":"https:\/\/agatakus.pl\/index.php?rest_route=\/wp\/v2\/posts\/2077\/revisions\/2079"}],"wp:featuredmedia":[{"embeddable":true,"href":"https:\/\/agatakus.pl\/index.php?rest_route=\/wp\/v2\/media\/2078"}],"wp:attachment":[{"href":"https:\/\/agatakus.pl\/index.php?rest_route=%2Fwp%2Fv2%2Fmedia&parent=2077"}],"wp:term":[{"taxonomy":"category","embeddable":true,"href":"https:\/\/agatakus.pl\/index.php?rest_route=%2Fwp%2Fv2%2Fcategories&post=2077"},{"taxonomy":"post_tag","embeddable":true,"href":"https:\/\/agatakus.pl\/index.php?rest_route=%2Fwp%2Fv2%2Ftags&post=2077"}],"curies":[{"name":"wp","href":"https:\/\/api.w.org\/{rel}","templated":true}]}}