{"id":212,"date":"2014-12-31T12:02:34","date_gmt":"2014-12-31T11:02:34","guid":{"rendered":"http:\/\/agatakus.pl\/?p=212"},"modified":"2015-11-20T12:06:14","modified_gmt":"2015-11-20T11:06:14","slug":"obraz-miejski-galeria-labirynt-lublin","status":"publish","type":"post","link":"https:\/\/agatakus.pl\/?p=212","title":{"rendered":"Obraz miejski. Galeria Labirynt, Lublin."},"content":{"rendered":"<p>&nbsp;<\/p>\n<h2><canvas width=\"82\" height=\"25\"><\/canvas>Obraz<canvas width=\"87\" height=\"25\"><\/canvas>miejski<\/h2>\n<p class=\"post-date\">01.12.2014 \u2014\u00a031.12.2014<\/p>\n<p>\u201eObraz miejski\u201d to konkurs na prace prezentowane na billboardach, zorganizowany przez Galeri\u0119 Labirynt. Trwaj\u0105ca do ko\u0144ca grudnia pokonkursowa prezentacja, obejmuje prace 12 artyst\u00f3w wybranych spo\u015br\u00f3d 180 zg\u0142osze\u0144. W\u015br\u00f3d laureat\u00f3w pierwszej edycji konkursu s\u0105: Micha\u0142 Bednarski (Lublin), Ewa Dybek (Lublin), Adrian Kolarczyk (Pozna\u0144), Michalina Kostecka (Wroc\u0142aw), Andrzej Kot (Lublin), Agata Kus (Krak\u00f3w), Piotr Pietrzak (Warszawa), Miko\u0142aj Sobczak (Warszawa), Magdalena Szadkowska (Cieszyn), Anna Sztwiertnia (Krak\u00f3w), Wojciech Ulman, Magdalena Wi\u015bniewska (Wroc\u0142aw).<\/p>\n<p>&nbsp;<\/p>\n<p>&nbsp;<\/p>\n<p><a href=\"http:\/\/agatakus.pl\/wp-content\/uploads\/2015\/11\/10476353_746918725357137_9173750618089840486_o.jpg\"><img loading=\"lazy\" decoding=\"async\" class=\"aligncenter wp-image-213 size-full\" src=\"https:\/\/agatakus.pl\/wp-content\/uploads\/2015\/11\/10476353_746918725357137_9173750618089840486_o.jpg\" alt=\"10476353_746918725357137_9173750618089840486_o\" width=\"1164\" height=\"777\" srcset=\"https:\/\/agatakus.pl\/wp-content\/uploads\/2015\/11\/10476353_746918725357137_9173750618089840486_o.jpg 1164w, https:\/\/agatakus.pl\/wp-content\/uploads\/2015\/11\/10476353_746918725357137_9173750618089840486_o-300x200.jpg 300w, https:\/\/agatakus.pl\/wp-content\/uploads\/2015\/11\/10476353_746918725357137_9173750618089840486_o-1024x684.jpg 1024w\" sizes=\"auto, (max-width: 1164px) 100vw, 1164px\" \/><\/a><\/p>\n<p><a href=\"http:\/\/agatakus.pl\/wp-content\/uploads\/2015\/11\/Untitled-12.jpg\"><img loading=\"lazy\" decoding=\"async\" class=\"alignnone size-medium wp-image-214\" src=\"https:\/\/agatakus.pl\/wp-content\/uploads\/2015\/11\/Untitled-12-300x218.jpg\" alt=\"Untitled-1\" width=\"300\" height=\"218\" srcset=\"https:\/\/agatakus.pl\/wp-content\/uploads\/2015\/11\/Untitled-12-300x218.jpg 300w, https:\/\/agatakus.pl\/wp-content\/uploads\/2015\/11\/Untitled-12-1024x743.jpg 1024w, https:\/\/agatakus.pl\/wp-content\/uploads\/2015\/11\/Untitled-12.jpg 1212w\" sizes=\"auto, (max-width: 300px) 100vw, 300px\" \/><\/a><\/p>\n<p>BILLBOARD Z REPRODUKCJ\u0104 OBRAZU POPIELNICZKA, AGATA KUS Z CYKLU MO, OLEJ, PAPIEROSY NA P\u0141\u00d3TNIE, 2014<\/p>\n<p>&nbsp;<\/p>\n<p>Andrzej Kot \u2013 al. Kra\u015bnicka 25<br \/>\nAgata Kus \u2013 ul. Zamojska 21<br \/>\nPiotr Pietrzak \u2013 ul. Mieczys\u0142awa Biernackiego 4<br \/>\nMiko\u0142aj Sobczak \u2013 al. Jana D\u0142ugosza 10A<br \/>\nMicha\u0142 Bednarski \u2013 ul. Lubartowska 73<br \/>\nWojciech Ulman\u00a0 \u2013 ul. Obywatelska 2<br \/>\nAnna Sztwiertnia \u2013 ul. G\u00f3rna 7<br \/>\nMagdalena Szadkowska \u2013 ul. Gabriela Narutowicza 30<br \/>\nMichalina Kostecka \u00a0&#8211; ul. Peowiak\u00f3w 8<br \/>\nAdrian Kolarczyk\u00a0 \u2013 ul. Radziwi\u0142\u0142owska 7<br \/>\nEwa Dybek \u2013 ul. Filaret\u00f3w 44<br \/>\nMagdalena Wi\u015bniewska \u2013 ul. Tomasza Zana (25m od ul.Wajdeloty 20)<\/p>\n<p>Wystawa trwa do 31.12.2014.<\/p>\n","protected":false},"excerpt":{"rendered":"<p>&nbsp; Obrazmiejski 01.12.2014 \u2014\u00a031.12.2014 \u201eObraz miejski\u201d to konkurs na prace prezentowane na billboardach, zorganizowany przez Galeri\u0119&hellip;<\/p>\n","protected":false},"author":1,"featured_media":215,"comment_status":"closed","ping_status":"open","sticky":false,"template":"","format":"standard","meta":{"footnotes":""},"categories":[6,8],"tags":[],"class_list":["post-212","post","type-post","status-publish","format-standard","has-post-thumbnail","hentry","category-events","category-news"],"_links":{"self":[{"href":"https:\/\/agatakus.pl\/index.php?rest_route=\/wp\/v2\/posts\/212","targetHints":{"allow":["GET"]}}],"collection":[{"href":"https:\/\/agatakus.pl\/index.php?rest_route=\/wp\/v2\/posts"}],"about":[{"href":"https:\/\/agatakus.pl\/index.php?rest_route=\/wp\/v2\/types\/post"}],"author":[{"embeddable":true,"href":"https:\/\/agatakus.pl\/index.php?rest_route=\/wp\/v2\/users\/1"}],"replies":[{"embeddable":true,"href":"https:\/\/agatakus.pl\/index.php?rest_route=%2Fwp%2Fv2%2Fcomments&post=212"}],"version-history":[{"count":1,"href":"https:\/\/agatakus.pl\/index.php?rest_route=\/wp\/v2\/posts\/212\/revisions"}],"predecessor-version":[{"id":216,"href":"https:\/\/agatakus.pl\/index.php?rest_route=\/wp\/v2\/posts\/212\/revisions\/216"}],"wp:featuredmedia":[{"embeddable":true,"href":"https:\/\/agatakus.pl\/index.php?rest_route=\/wp\/v2\/media\/215"}],"wp:attachment":[{"href":"https:\/\/agatakus.pl\/index.php?rest_route=%2Fwp%2Fv2%2Fmedia&parent=212"}],"wp:term":[{"taxonomy":"category","embeddable":true,"href":"https:\/\/agatakus.pl\/index.php?rest_route=%2Fwp%2Fv2%2Fcategories&post=212"},{"taxonomy":"post_tag","embeddable":true,"href":"https:\/\/agatakus.pl\/index.php?rest_route=%2Fwp%2Fv2%2Ftags&post=212"}],"curies":[{"name":"wp","href":"https:\/\/api.w.org\/{rel}","templated":true}]}}