{"id":2177,"date":"2022-11-10T15:57:00","date_gmt":"2022-11-10T14:57:00","guid":{"rendered":"https:\/\/agatakus.pl\/?p=2177"},"modified":"2023-01-29T16:03:29","modified_gmt":"2023-01-29T15:03:29","slug":"sezon-w-piekle","status":"publish","type":"post","link":"https:\/\/agatakus.pl\/?p=2177","title":{"rendered":"SEZON W PIEKLE-"},"content":{"rendered":"\n<h3 class=\"has-vivid-purple-color has-text-color wp-block-heading\" id=\"block-df62e5e0-80ea-40e2-aa45-fa24932359a6\"><strong>11. Wystawa Kuratorska Bielskiej Jesieni 2022<\/strong><br><strong>Kurator: Stach Szab\u0142owski<\/strong><\/h3>\n\n\n\n<p>Wystawa jest propozycj\u0105 spojrzenia na sztuk\u0119 zaproszonych malarek i malarzy przez pryzmat poj\u0119cia i wyobra\u017cenia piek\u0142a. Piek\u0142a poj\u0119tego jako wielopoziomowa metafora wsp\u00f3\u0142czesno\u015bci.<\/p>\n\n\n\n<p>Do przedstawienia pomys\u0142u i realizacji wystawy malarstwa w cyklu Wystaw Kuratorskich Bielskiej Jesieni Galeria Bielska BWA zaprosi\u0142a&nbsp;<strong>Stacha Szab\u0142owskiego<\/strong>, kuratora i krytyka sztuki, wnikliwego obserwatora tw\u00f3rczo\u015bci m\u0142odych polskich artyst\u00f3w. Po wymuszonej, pandemicznej przerwie w 2020 roku, Galeria Bielska BWA dopiero w bie\u017c\u0105cym roku przedstawi 11. Wystaw\u0119 Kuratorsk\u0105 Bielskiej Jesieni 2022 pt. \u201eSezon w piekle\u201d, wedle koncepcji kuratora Stacha Szab\u0142owskiego. Poprzedni\u0105, jubileuszow\u0105 wystaw\u0119 nawi\u0105zuj\u0105c\u0105 do \u017cycia i tw\u00f3rczo\u015bci&nbsp;<strong>Andrzeja Urbanowicza<\/strong>&nbsp;pt. \u201eDzieci \u015bwiat\u0142a\u201d przedstawi\u0142 w Bielsku-Bia\u0142ej w 2018 roku kurator&nbsp;<strong>Stanis\u0142aw Ruksza<\/strong>.<br><br>Stach Szab\u0142owski, kurator wystawy:<br><em>Wystawa Sezon w piekle stawia pytanie: gdzie mo\u017cemy spotka\u0107 si\u0119 ze wsp\u00f3\u0142czesnym malarstwem? Gdzie mo\u017cemy spotka\u0107 si\u0119 ze sob\u0105 nawzajem \u2013 jako uczestnicy (post)pandemicznego spo\u0142ecze\u0144stwa? Na jakim terytorium osoba odbieraj\u0105ca sztuk\u0119 i szukaj\u0105ca w malarstwie odbicia w\u0142asnych do\u015bwiadcze\u0144, mo\u017ce wyznaczy\u0107 randez-vous z sam\u0105 sob\u0105?<\/em><br><em>Nasza propozycja brzmi: spotkajmy si\u0119 w piekle.<\/em><br><em>Innymi s\u0142owy, wystawa jest propozycj\u0105 spojrzenia na sztuk\u0119 zaproszonych malarek i malarzy przez pryzmat poj\u0119cia i wyobra\u017cenia piek\u0142a. Piek\u0142a poj\u0119tego jako wielopoziomowa metafora wsp\u00f3\u0142czesno\u015bci. Klucz otwieraj\u0105cy perspektyw\u0119 spojrzenia na \u017cycie spo\u0142eczne i egzystencjalne do\u015bwiadczenie jednostki w \u015bwiecie, na kt\u00f3ry wszyscy, chc\u0105c, nie chc\u0105c jeste\u015bmy skazani.<\/em><br><em>Tytu\u0142 wystawy po\u017cyczamy do Rimbauda. Kiedy w 1873 roku poeta opisywa\u0142 podr\u00f3\u017c do infernum, kt\u00f3re sam wymy\u015bli\u0142, operacja przenoszenia piek\u0142a z za\u015bwiat\u00f3w na Ziemi\u0119 by\u0142a ju\u017c praktycznie zako\u0144czona. (\u2026)<\/em><br><em>W \u201eSezonie w piekle\u201d skupiamy si\u0119 wi\u0119c na malarstwie operuj\u0105cym oksymoronami, balansuj\u0105cym pomi\u0119dzy entuzjazmem i pesymizmem, g\u0142oszeniem prawd uniwersalnych i relatywizmu, pragnieniem sensu i w\u0105tpieniem w sens, nadziej\u0105 i melancholi\u0105, szczero\u015bci\u0105 i ironi\u0105, wiedz\u0105 i naiwno\u015bci\u0105, zaanga\u017cowaniem i brakiem przywi\u0105zania. Malarstwie, kt\u00f3rego j\u0119zyk jest jednocze\u015bnie afirmatywny i cyniczny, dekonstruktywny i rekonstruktywny, globalny i lokalny, polityczny i osobisty. Malarstwie, w kt\u00f3rym poszukujemy momentu estetycznego. Przed piek\u0142em wsp\u00f3\u0142czesno\u015bci nie ma ucieczki. (\u2026)<\/em><br><em>Je\u017celi po\u017cyczaj\u0105c tytu\u0142 wystawy od Rimbauda, powo\u0142ujemy go na jej symbolicznego patrona, to mi\u0119dzy innymi dlatego, \u017ce postulowa\u0142 on bycie \u201eabsolutnie nowoczesnym\u201d czyli w pe\u0142ni zgodnym ze swoimi czasami. (\u2026)<\/em><br><em>\u201eSezon w piekle\u201d jest wystaw\u0105, w kt\u00f3rej centrum znajduje si\u0119 malarstwo. Podobnie jednak, jak granice piek\u0142a wsp\u00f3\u0142czesno\u015bci wyznacza jedynie horyzont \u017cycia spo\u0142ecznego, oraz zasi\u0119g i \u015bmia\u0142o\u015b\u0107 wyobra\u017ani eksploruj\u0105cej je jednostki, tak i szeroko pojmujemy granice malarstwa.<\/em><\/p>\n\n\n\n<p>W wystawie udzia\u0142 wezm\u0105:&nbsp;<strong>Adam Adach, Olga Dmowska, Micha\u0142 Frydrych, Jakub Gli\u0144ski, Karolina Jab\u0142o\u0144ska, Bartek Kie\u0142bowicz, Tomasz Kr\u0119cicki, Agata Kus, Monika Misztal, Zofia Pa\u0142ucha, Cyryl Polaczek, Nikola Linda Strenger, Micha\u0142 Slezkin, Pawe\u0142 Susid, Pawe\u0142 \u015aliwi\u0144ski, Janek Zamoyski, Pawe\u0142 Ponury \u017bukowski&nbsp;<\/strong><strong>oraz&nbsp;Krzysztof Garbaczewski.<\/strong><br><br><strong>Stach Szab\u0142owski<\/strong>&nbsp;\u2013 urodzony w 1973 roku. Historyk sztuki, kurator i krytyk, publicysta. Absolwent Instytutu Historii Sztuki Uniwersytetu Warszawskiego. Jako kurator debiutowa\u0142 w 2000 roku w Centrum Sztuki Wsp\u00f3\u0142czesnej Zamek Ujazdowski w Warszawie Og\u00f3lnopolsk\u0105 Wystaw\u0105 Sztuki \u201eScena 2000\u201d, przygotowan\u0105 wsp\u00f3lnie z&nbsp;<strong>Ew\u0105 Gorz\u0105dek<\/strong>&nbsp;\u2013 projektem skupiaj\u0105cym najwa\u017cniejszych polskich artyst\u00f3w prze\u0142omu wiek\u00f3w. W CSW Zamek Ujazdowski realizowa\u0142 inne g\u0142o\u015bne wystawy, m.in. \u201eBetonowe dziedzictwo\u201d (2007), \u201eZa czerwonym horyzontem\u201d (Warszawa \u2013 Moskwa 2004\u20132005).<br>Jako krytyk i dziennikarz od wielu lat wsp\u00f3\u0142pracuje z najwa\u017cniejszymi polskimi czasopismami \u2013 od dziennik\u00f3w, przez tygodniki, po magazyny lifestylowe.<br>Fot. Krzysztof Morcinek<\/p>\n\n\n\n<p><br>W Galerii Bielskiej BWA, Stach Szab\u0142owski jako kurator, zaprezentowa\u0142 m.in. wystaw\u0119 indywidualn\u0105 malarstwa&nbsp;<strong>Sebastiana Kroka<\/strong>, laureata Grand Prix 43. Biennale Malarstwa Bielska Jesie\u0144 2017 \u2013 wystawa nosi\u0142a tytu\u0142&nbsp;<a href=\"https:\/\/galeriabielska.pl\/wystawa\/sebastian-krok-mentalne-pearl-harbour\" target=\"_blank\" rel=\"noreferrer noopener\">\u201eMentalne Pearl Harbour\u201d<\/a>. Wystawie towarzyszy\u0142 katalog pod redakcj\u0105 Stacha Szab\u0142owskiego, z tekstami krytycznymi&nbsp;<strong>Marty Lisok<\/strong>,&nbsp;<strong>Jagny Dom\u017calskie<\/strong>j i Stacha Szab\u0142owskiego.<br>Czytaj o premierze ksi\u0105\u017cki&nbsp;<a href=\"https:\/\/galeriabielska.pl\/wydarzenie\/sebastian-krok-mentalne-pearl-harbour-premiera-ksiazki\" target=\"_blank\" rel=\"noreferrer noopener\">&gt;&gt;<\/a><br><br>W bielskiej galerii prezentowana by\u0142a tak\u017ce kuratorowana przez Stacha Szab\u0142owskiego wystawa&nbsp;<a href=\"https:\/\/galeriabielska.pl\/wystawa\/potencja-teoria-humoralna-quattro-stagioni\" target=\"_blank\" rel=\"noreferrer noopener\">\u201ePOTENCJA \u2013 Teoria humoralna: quattro stagioni\u201d<\/a>.<br><\/p>\n\n\n\n<h3 class=\"wp-block-heading\">___________________________<\/h3>\n\n\n\n<h3 class=\"wp-block-heading\"><strong>Galeria Bielska BWA, 10 listopada \u2013 31 grudnia* 2022<\/strong><br><strong>\u201eSezon w piekle\u201d. 11. Wystawa Kuratorska Bielskiej Jesieni 2022<\/strong><br><strong>Kurator: Stach Szab\u0142owski<\/strong><\/h3>\n\n\n\n<h3 class=\"wp-block-heading\">Oprowadzanie kuratorskie: czwartek, 10 listopada 2022, godz. 17.00<br><strong>Wernisa\u017c: czwartek, 10 listopada 2022, godz. 18.00&nbsp;<a href=\"https:\/\/galeriabielska.pl\/wydarzenie\/sezon-w-piekle-wernisaz-11-wystawy-kuratorskiej-bielskiej-jesieni-2022\" target=\"_blank\" rel=\"noreferrer noopener\">&gt;&gt;<\/a><\/strong><\/h3>\n\n\n\n<p>* Czas trwania wystawy zosta\u0142 przed\u0142u\u017cony z 26 do 31 grudnia 2022<\/p>\n\n\n\n<h3 class=\"wp-block-heading\"><strong>Program towarzysz\u0105cy wystawie:<\/strong><\/h3>\n\n\n\n<ul class=\"wp-block-list\"><li><strong>Bli\u017cej Sztuki. Szkolenie dla nauczycieli&nbsp;<br><\/strong>\u015broda, 16 listopada, godz. 17.15, Galeria Bielska BWA<br>wst\u0119p wolny,&nbsp;<a href=\"https:\/\/rejestracja.wombb.edu.pl\/course.html?id=604157\" target=\"_blank\" rel=\"noreferrer noopener\">obowi\u0105zuj\u0105 zapisy &gt;&gt;<\/a><\/li><li><strong>Oprowadzanie w j\u0119zyku ukrai\u0144skim&nbsp;<br><\/strong>sobota, 19 listopada 2022, godz. 16.00, Galeria Bielska BWAoprowadza&nbsp;<strong>Julia Ogi\u0144ska<br><\/strong>wst\u0119p wolny<\/li><li><strong>Srebrny horyzont sztuki. Spotkanie dla senior\u00f3w<br><\/strong>niedziela, 20 listopada 2022, godz. 11.00\u201313.00, Galeria Bielska BWAprowadzi&nbsp;<strong>Ala Gocka<br><\/strong>wst\u0119p wolny<\/li><li><strong>Instytut M\u0142odej Sztuki<br><\/strong>czwartek, 24 listopada 2022, godz. 18.00, Galeria Bielska BWA<br>prowadzi&nbsp;<strong>Ada Piekarska<\/strong><br>wst\u0119p wolny (dla os\u00f3b zapisanych do programu)<\/li><li><strong>Oprowadzanie dla rodzin z dzie\u0107mi<br><\/strong>niedziela, 27 listopada 2022, godz. 12.30, Galeria Bielska BWAoprowadza&nbsp;<strong>Ala Gocka<br><\/strong>wst\u0119p w cenie biletu<\/li><li><strong>Kolonialne piek\u0142o na rajskich wyspach. Spotkanie z Przemys\u0142awem Wielgoszem<\/strong>&nbsp;<br>czwartek, 1 grudnia 2022, godz. 18.00, Willa Sixta<br>prowadzi&nbsp;<strong>Ada Piekarska<\/strong><br>wst\u0119p wolny<br>Czytaj wi\u0119cej&nbsp;<a href=\"https:\/\/galeriabielska.pl\/wydarzenie\/kolonialne-pieklo-na-rajskich-wyspach-spotkanie-z-przemyslawem-wielgoszem\" target=\"_blank\" rel=\"noreferrer noopener\"><strong>&gt;&gt;<\/strong><\/a><\/li><li><strong>Otwarte oprowadzanie dla widz\u00f3w<\/strong><br>pi\u0105tek, 2 grudnia 2022, godz. 17.00<br>oprowadza&nbsp;<strong>Ada Piekarska<\/strong><br>wst\u0119p w cenie biletu<\/li><li><strong>Oprowadzanie filozoficzne<\/strong><br>czwartek, 15 grudnia 2022, godz. 18.00, Galeria Bielska BWA<br>prowadzi&nbsp;<strong>Jaros\u0142aw Hess<\/strong><br>wst\u0119p wolny<br>Czytaj wi\u0119cej&nbsp;<a href=\"https:\/\/galeriabielska.pl\/wydarzenie\/sezon-w-piekle-oprowadzanie-filozoficzne\" target=\"_blank\" rel=\"noreferrer noopener\"><strong>&gt;&gt;<\/strong><\/a><\/li><li>Warsztaty artystyczne dla m\u0142odzie\u017cy i doros\u0142ych<br>prowadzi&nbsp;<strong>Karolina Zi\u0119ba<br><\/strong>Obowi\u0105zuj\u0105 zapisy. Czytaj wi\u0119cej<strong><a href=\"https:\/\/galeriabielska.pl\/wydarzenie\/sezon-w-piekle-warsztaty-dla-mlodziezy-i-doroslych\" target=\"_blank\" rel=\"noreferrer noopener\">&nbsp;&gt;&gt;<\/a>&nbsp;<\/strong><\/li><\/ul>\n\n\n\n<p>Program mo\u017ce ulec zmianie, zach\u0119camy do \u015bledzenia na bie\u017c\u0105co naszej strony internetowej i medi\u00f3w spo\u0142eczno\u015bciowych.<\/p>\n\n\n\n<h3 class=\"wp-block-heading\"><br><strong>W mediach o wystawie:<\/strong><\/h3>\n\n\n\n<p>Anna Paj\u0119cka,<em>&nbsp;Alergia na farb\u0119<\/em>; dwutygodnik.com \/ strona kultury \/ sztuka, 28.12.2022&nbsp;<a href=\"https:\/\/www.dwutygodnik.com\/artykul\/10486-alergia-na-farbe.html?fbclid=IwAR0LBsBSR0Dtg5z2X6TC665KgBCcTZKze1-qAtuL70oDy2wunsubVIkVneM\" target=\"_blank\" rel=\"noreferrer noopener\"><strong>&gt;&gt;<\/strong><\/a><\/p>\n\n\n\n<p>Stach Szab\u0142owski,&nbsp;<em>Sezon w&nbsp;piekle. 11.&nbsp;wystawa kuratorska Bielskiej Jesieni w&nbsp;Galerii BWA w&nbsp;Bielsku-Bia\u0142ej<\/em>; zdj\u0119cia z ekspozycji Krzysztof Morcinek; SZUM, magazynszum.pl, Do zobaczenia, 09.12.2022&nbsp;<a href=\"https:\/\/magazynszum.pl\/sezon-w-piekle-ii-wystawa-kuratorska-bielskiej-jesieni-w-galerii-bwa-w-bielsku-bialej\/\" target=\"_blank\" rel=\"noreferrer noopener\"><strong>&gt;&gt;<\/strong><\/a><\/p>\n\n\n\n<p><em>Piek\u0142o. To my?<\/em>&nbsp;\u2013 rozmowa Marty Perchu\u0107-Burzy\u0144skiej z kuratorem Stachem Szab\u0142owskim, audycja Kultura Osobista, radio TOK FM, 21.12.2022<a href=\"https:\/\/audycje.tokfm.pl\/podcast\/133269,Pieklo-To-my?fbclid=IwAR0BXXX27p9cwWrb8MFc7221ie2VVHmgX45kRDiBGG3daAionxqsEeb6FUo\" target=\"_blank\" rel=\"noreferrer noopener\"><strong>&nbsp;&gt;&gt;<\/strong><\/a><br><br>\u0141ukasz Karkoszka<em>,<\/em>&nbsp;<em>Piekielnie dobre malarstwo,&nbsp;<\/em>GAZETA WYBORCZA, Katowice Tygodnik, Co Jest Grane, str. 14<em><br>Witamy w piekle. 10.11-26.12.2022, Bielsko-Bia\u0142a. 11.Wystawa Kuratorska Bielskiej Jesieni 2022, galeriabielska.pl<\/em>; NOTES NA 6 TYGODNI, nr 44 grudzie\u0144 2022\u2013 luty 2023, Orientuj si\u0119, str. 43;<br>tak\u017ce w Notesie online&nbsp;<a href=\"https:\/\/nn6t.pl\/2022\/11\/13\/witamy-w-piekle-10-11-26-12-2022-bielsko-biala\/\" target=\"_blank\" rel=\"noreferrer noopener\">&gt;&gt;<\/a>PAP\/ Marek Szafra\u0144ski,&nbsp;<em>Wystawa kuratorska \u201eSezon w piekle\u201d w Galerii Bielskiej BWA<\/em>, Dzieje.pl Portal Historyczny, Kultura i sztuka po 1989 roku, 10.11.2022&nbsp;<a href=\"https:\/\/dzieje.pl\/kultura-i-sztuka\/wystawa-kuratorska-sezon-w-piekle-w-galerii-bielskiej-bwa\" target=\"_blank\" rel=\"noreferrer noopener\">&gt;&gt;<\/a><br><br>Marta \/ bielsko.info,&nbsp;<em>\u201eSezon w piekle\u201d 11. Wystawa Kuratorska Bielskiej Jesieni 2022<\/em>, bielsko.info, 12 listopada 2022, 19:35<br>oraz<br><em>Sezon w Piekle \u2013 Bielska Jesie\u0144 2022<\/em>, Marta Synowiec, [WIDEO] Bielsko.tv, 7\u201934\u2019\u2019&nbsp;<a href=\"https:\/\/www.bielsko.info\/wiadomosci\/33347-wideo-sezon-w-piekle-bielska-jesien-2022-bielsko-biala\" target=\"_blank\" rel=\"noreferrer noopener\">&gt;&gt;<\/a><br><\/p>\n\n\n\n<h3 class=\"wp-block-heading\"><strong>Zapowiedzi wystawy w mediach:&nbsp;<\/strong><\/h3>\n\n\n\n<p>Marta Odziomek,&nbsp;<em>\u201eSezon w piekle\u201d. W czwartek otwarcie 11. Wystawy Kuratorskiej Bielskiej Jesieni 2022, Galeria Bielska BWA<\/em>, 09.11.2022, katowice.wyborcza.pl&nbsp;<a href=\"https:\/\/katowice.wyborcza.pl\/katowice\/7,35018,29120775,sezon-w-piekle-w-czwartek-otwarcie-11-wystawy-kuratorskiej.html\" target=\"_blank\" rel=\"noreferrer noopener\">&gt;&gt;<\/a><br><br>Marcin Ka\u0142uski, \u201eSezon w piekle\u201d. Nowa wystawa malarstwa w BWA, beskidzka.24, 09.11.2022&nbsp;<a href=\"https:\/\/beskidzka24.pl\/sezon-w-piekle-nowa-wystawa-malarstwa-w-bwa\/\" target=\"_blank\" rel=\"noreferrer noopener\">&gt;&gt;<\/a><br><br>Kamil Lora\u0144czyk, \u201eSezon w piekle\u201d. Galeria Bielska BWA zaprasza na 11. Wystaw\u0119 Kuratorsk\u0105 Bielskiej Jesieni 2022, bielsko.biala.naszemiasto.pl, 9 listopada 2022, 13:18&nbsp;<a href=\"https:\/\/bielskobiala.naszemiasto.pl\/sezon-w-piekle-galeria-bielska-bwa-zaprasza-na-11-wystawe\/ar\/c1-9080763\" target=\"_blank\" rel=\"noreferrer noopener\">&gt;&gt;<\/a><br><br>oraz<br>dziennikzachodni.pl&nbsp;<a href=\"https:\/\/dziennikzachodni.pl\/galeria-bielska-bwa-zaprasza-na-sezon-w-piekle-czyli-11-wystawe-kuratorska-bielskiej-jesieni-2022\/ar\/c1-17029031\" target=\"_blank\" rel=\"noreferrer noopener\">&gt;&gt;<\/a><br><br><em>Sezon w piekle. 11. Wystawa Kuratorska Bielskiej Jesieni 2022<\/em>, 2BStyle&nbsp;<a href=\"https:\/\/2bstyle.pl\/2022\/11\/sezon-w-piekle\/\" target=\"_blank\" rel=\"noreferrer noopener\">&gt;&gt;<\/a><\/p>\n\n\n\n<p>Emilia D\u0142u\u017cewska,&nbsp;<em>Anish Kapoor, Erna Rosenstein i spotkanie w piekle, Co warto zobaczy\u0107, czego s\u0142ucha\u0107 w muzeach i galeriach<\/em>, \u201eGazeta Wyborcza\u201d, CJG, pi\u0105tek, 23 wrze\u015bnia 2022, str. 6\u20137; tak\u017ce na wyborcza.pl<a href=\"https:\/\/wyborcza.pl\/7,112588,28856180,anish-kapoor-erna-rosenstein-i-spotkanie-w-piekle-najciekawsze.html\" target=\"_blank\" rel=\"noreferrer noopener\">&nbsp;&gt;&gt;<\/a><br><br>Najciekawsze wystawy jesieni 2022, Na Dobry Pocz\u0105tek, 05.09.2022,&nbsp;<em>Sezon w&nbsp;piekle. 11. Wystawa kuratorska Bielskiej Jesieni 2022, 10&nbsp;listopada \u2013 26&nbsp;grudnia<\/em>, SZUM&nbsp;<a href=\"https:\/\/magazynszum.pl\/najciekawsze-wystawy-jesieni-2022\/\" target=\"_blank\" rel=\"noreferrer noopener\">&gt;&gt;<\/a><br><br>Marta Odziomek,&nbsp;<em>Jesieni\u0105 muzea w woj. \u015bl\u0105skim przygotowa\u0142y mn\u00f3stwo atrakcyjnych wystaw. Sprawd\u017acie, kt\u00f3re warto zobaczy\u0107,<\/em>&nbsp;\u201eGazeta Wyborcza\u201d Katowice, pi\u0105tek, 2.09.2022, tak\u017ce na wyborcza.pl&nbsp;<a href=\"https:\/\/katowice.wyborcza.pl\/katowice\/7,35018,28858071,jesienia-muzea-w-woj-slaskim-przygotowaly-mnostwo-atrakcyjnych.html\" target=\"_blank\" rel=\"noreferrer noopener\">&gt;&gt;<\/a><br><br>Ewa Furtak,&nbsp;<em>Gdzie mo\u017cemy si\u0119 spotka\u0107 w (post)pandemicznym spo\u0142ecze\u0144stwie? Odpowied\u017a artyst\u00f3w to \u201eSezon w piekle\u201d<\/em>, wyborcza.pl&nbsp;<a href=\"https:\/\/bielskobiala.wyborcza.pl\/bielskobiala\/7,88025,29115593,gdzie-mozemy-sie-spotkac-w-post-pandemicznym-spoleczenstwie.html\" target=\"_blank\" rel=\"noreferrer noopener\">&gt;&gt;<\/a><br><br>Zapowied\u017a wystawy na portalu bielsko.info&nbsp;<a href=\"https:\/\/www.bielsko.info\/rozrywka\/33279-wystawa-sezon-w-piekle-w-galerii-bielskiej-bwa-bielsko-biala\" target=\"_blank\" rel=\"noreferrer noopener\">&gt;&gt;<\/a><br><br>Zapowied\u017a wystawy na portalu silesiakultura.pl&nbsp;<a href=\"https:\/\/www.silesiakultura.pl\/r\/miasta\/bielsko-biala\/bielsko-biala\/sezon-w-piekle-11-wystawa-kuratorska-bielskiej-jesieni-2022\" target=\"_blank\" rel=\"noreferrer noopener\">&gt;&gt;<\/a><\/p>\n\n\n\n<p><strong>Czytaj wi\u0119cej o Wystawach Kuratorskich Bielskiej Jesieni&nbsp;<\/strong><a href=\"https:\/\/galeriabielska.pl\/projekt-artystyczny\/wystawy-kuratorskie-bielskiej-jesieni\" target=\"_blank\" rel=\"noreferrer noopener\"><strong>&gt;&gt;<\/strong><\/a><\/p>\n","protected":false},"excerpt":{"rendered":"<p>11. Wystawa Kuratorska Bielskiej Jesieni 2022Kurator: Stach Szab\u0142owski Wystawa jest propozycj\u0105 spojrzenia na sztuk\u0119 zaproszonych malarek&hellip;<\/p>\n","protected":false},"author":1,"featured_media":2178,"comment_status":"closed","ping_status":"open","sticky":false,"template":"","format":"standard","meta":{"footnotes":""},"categories":[6,8],"tags":[],"class_list":["post-2177","post","type-post","status-publish","format-standard","has-post-thumbnail","hentry","category-events","category-news"],"_links":{"self":[{"href":"https:\/\/agatakus.pl\/index.php?rest_route=\/wp\/v2\/posts\/2177","targetHints":{"allow":["GET"]}}],"collection":[{"href":"https:\/\/agatakus.pl\/index.php?rest_route=\/wp\/v2\/posts"}],"about":[{"href":"https:\/\/agatakus.pl\/index.php?rest_route=\/wp\/v2\/types\/post"}],"author":[{"embeddable":true,"href":"https:\/\/agatakus.pl\/index.php?rest_route=\/wp\/v2\/users\/1"}],"replies":[{"embeddable":true,"href":"https:\/\/agatakus.pl\/index.php?rest_route=%2Fwp%2Fv2%2Fcomments&post=2177"}],"version-history":[{"count":1,"href":"https:\/\/agatakus.pl\/index.php?rest_route=\/wp\/v2\/posts\/2177\/revisions"}],"predecessor-version":[{"id":2179,"href":"https:\/\/agatakus.pl\/index.php?rest_route=\/wp\/v2\/posts\/2177\/revisions\/2179"}],"wp:featuredmedia":[{"embeddable":true,"href":"https:\/\/agatakus.pl\/index.php?rest_route=\/wp\/v2\/media\/2178"}],"wp:attachment":[{"href":"https:\/\/agatakus.pl\/index.php?rest_route=%2Fwp%2Fv2%2Fmedia&parent=2177"}],"wp:term":[{"taxonomy":"category","embeddable":true,"href":"https:\/\/agatakus.pl\/index.php?rest_route=%2Fwp%2Fv2%2Fcategories&post=2177"},{"taxonomy":"post_tag","embeddable":true,"href":"https:\/\/agatakus.pl\/index.php?rest_route=%2Fwp%2Fv2%2Ftags&post=2177"}],"curies":[{"name":"wp","href":"https:\/\/api.w.org\/{rel}","templated":true}]}}