{"id":2180,"date":"2022-11-26T16:05:00","date_gmt":"2022-11-26T15:05:00","guid":{"rendered":"https:\/\/agatakus.pl\/?p=2180"},"modified":"2023-01-29T16:13:32","modified_gmt":"2023-01-29T15:13:32","slug":"2180","status":"publish","type":"post","link":"https:\/\/agatakus.pl\/?p=2180","title":{"rendered":"Woman Art Power na Warszawskich Targach Sztuki"},"content":{"rendered":"\n<p>W tym roku na Warszawskim Targom Sztuki towarzysz\u0105 dwie wystawy.&nbsp;Wystawa g\u0142\u00f3wna to \u201eAlfabet Lekcji Rytel\u201d. Wystaw\u0105 towarzysz\u0105c\u0105 b\u0119dzie&nbsp;\u201eWoman Art Power\u201d, stanowi\u0105ca&nbsp;cz\u0119\u015b\u0107 ekspozycji prezentowanej wcze\u015bniej w Mazowieckim Centrum Sztuki Wsp\u00f3\u0142czesnej Elektrownia.&nbsp;<\/p>\n\n\n\n<p><strong>\u201eWoman Art Power\u201d to przegl\u0105d r\u00f3\u017cnorodnej tw\u00f3rczo\u015bci artystek,&nbsp;takich jak&nbsp;<\/strong><strong>Agata Kus, Martyna Czech, Agata Zbylut, Iwona Demko, Julia Cury\u0142o.<\/strong><\/p>\n\n\n\n<p><img loading=\"lazy\" decoding=\"async\" src=\"https:\/\/static.xx.fbcdn.net\/images\/emoji.php\/v9\/t51\/1\/16\/1f449.png\" alt=\"\ud83d\udc49\" width=\"16\" height=\"16\">&nbsp;W sobot\u0119 26 listopada o&nbsp;godzinie&nbsp;17:00 odb\u0119dzie si\u0119 spotkanie z&nbsp;artystkami bior\u0105cymi udzia\u0142 w wystawie \u2013 m.in. &nbsp;Agat\u0105 Zbylut, Helen\u0105 Stiasny, Juli\u0105 Cury\u0142o, Agat\u0105 Kus, Martyn\u0105 Czech, Katarzyn\u0105 Kuku\u0142\u0105 i Sabin\u0105 Twardowsk\u0105. Rozmow\u0119 poprowadzi Pawe\u0142 Witkowski, kurator ekspozycji.&nbsp;<\/p>\n\n\n\n<p><img loading=\"lazy\" decoding=\"async\" src=\"https:\/\/static.xx.fbcdn.net\/images\/emoji.php\/v9\/t51\/1\/16\/1f449.png\" alt=\"\ud83d\udc49\" width=\"16\" height=\"16\">&nbsp;Tego samego dnia o&nbsp;18:00 b\u0119dzie mo\u017cna wzi\u0105\u0107 udzia\u0142 w oprowadzaniu kuratorskim po&nbsp;wystawie.<\/p>\n\n\n\n<p>Zapraszamy!<\/p>\n\n\n\n<figure class=\"wp-block-embed-youtube wp-block-embed is-type-video is-provider-youtube wp-embed-aspect-16-9 wp-has-aspect-ratio\"><div class=\"wp-block-embed__wrapper\">\n<iframe loading=\"lazy\" title=\"19. Warszawskie Targi Sztuki - rozmowa o wystawie Woman Art Power\" width=\"1200\" height=\"675\" src=\"https:\/\/www.youtube.com\/embed\/WG3-o8y1joI?feature=oembed\" frameborder=\"0\" allow=\"accelerometer; autoplay; clipboard-write; encrypted-media; gyroscope; picture-in-picture; web-share\" allowfullscreen><\/iframe>\n<\/div><figcaption>Przedstawiamy nagranie ze spotkania z artystkami, kt\u00f3re uczestniczy\u0142y w wystawie &#8222;Woman Art Power&#8221;. Rozmow\u0119 poprowadzi\u0142 Pawe\u0142 Witkowski podczas Warszawskich Targ\u00f3w Sztuki.<\/figcaption><\/figure>\n","protected":false},"excerpt":{"rendered":"<p>W tym roku na Warszawskim Targom Sztuki towarzysz\u0105 dwie wystawy.&nbsp;Wystawa g\u0142\u00f3wna to \u201eAlfabet Lekcji Rytel\u201d. Wystaw\u0105&hellip;<\/p>\n","protected":false},"author":1,"featured_media":2181,"comment_status":"closed","ping_status":"open","sticky":false,"template":"","format":"standard","meta":{"footnotes":""},"categories":[6,8],"tags":[],"class_list":["post-2180","post","type-post","status-publish","format-standard","has-post-thumbnail","hentry","category-events","category-news"],"_links":{"self":[{"href":"https:\/\/agatakus.pl\/index.php?rest_route=\/wp\/v2\/posts\/2180","targetHints":{"allow":["GET"]}}],"collection":[{"href":"https:\/\/agatakus.pl\/index.php?rest_route=\/wp\/v2\/posts"}],"about":[{"href":"https:\/\/agatakus.pl\/index.php?rest_route=\/wp\/v2\/types\/post"}],"author":[{"embeddable":true,"href":"https:\/\/agatakus.pl\/index.php?rest_route=\/wp\/v2\/users\/1"}],"replies":[{"embeddable":true,"href":"https:\/\/agatakus.pl\/index.php?rest_route=%2Fwp%2Fv2%2Fcomments&post=2180"}],"version-history":[{"count":2,"href":"https:\/\/agatakus.pl\/index.php?rest_route=\/wp\/v2\/posts\/2180\/revisions"}],"predecessor-version":[{"id":2183,"href":"https:\/\/agatakus.pl\/index.php?rest_route=\/wp\/v2\/posts\/2180\/revisions\/2183"}],"wp:featuredmedia":[{"embeddable":true,"href":"https:\/\/agatakus.pl\/index.php?rest_route=\/wp\/v2\/media\/2181"}],"wp:attachment":[{"href":"https:\/\/agatakus.pl\/index.php?rest_route=%2Fwp%2Fv2%2Fmedia&parent=2180"}],"wp:term":[{"taxonomy":"category","embeddable":true,"href":"https:\/\/agatakus.pl\/index.php?rest_route=%2Fwp%2Fv2%2Fcategories&post=2180"},{"taxonomy":"post_tag","embeddable":true,"href":"https:\/\/agatakus.pl\/index.php?rest_route=%2Fwp%2Fv2%2Ftags&post=2180"}],"curies":[{"name":"wp","href":"https:\/\/api.w.org\/{rel}","templated":true}]}}