{"id":2184,"date":"2022-12-14T16:28:00","date_gmt":"2022-12-14T15:28:00","guid":{"rendered":"https:\/\/agatakus.pl\/?p=2184"},"modified":"2023-01-29T16:36:56","modified_gmt":"2023-01-29T15:36:56","slug":"2-miejsce-agaty-kus-w-kompasie-mlodej-sztuki-2022","status":"publish","type":"post","link":"https:\/\/agatakus.pl\/?p=2184","title":{"rendered":"2 miejsce Agaty Kus w Kompasie M\u0142odej Sztuki 2022"},"content":{"rendered":"\n<p><strong>Kompas Sztuki<\/strong>&nbsp;i&nbsp;<strong>Kompas M\u0142odej Sztuki<\/strong><br>unikatowe przewodniki po rynku sztuki<\/p>\n\n\n\n<p>\u200bhttps:\/\/www.kompasmlodejsztuki.com.pl<\/p>\n\n\n\n<p>14 grudnia, podczas wernisa\u017cu wystawy obraz\u00f3w czo\u0142owych polskich m\u0142odych artyst\u00f3w w Biegas Art Gallery, zosta\u0142 wy\u0142oniony zwyci\u0119zca tegorocznej edycji rankingu! Tw\u00f3rcy zostali wytypowani przez ponad 70 galerii sztuki wsp\u00f3\u0142czesnej.Liderem 12 ju\u017c edycji &#8222;Kompasu&#8221; zosta\u0142 Karol Palczak!<\/p>\n\n\n\n<p>Kolejne miejsca w rankingu zaj\u0119li: 2. Agata Kus3. Karolina Jab\u0142o\u0144ska4. Agata S\u0142owak5. Krzysztof Nowicki6. Martyna Czech7. Norbert Delman8. Emilia Kina9. Cyryl Polaczek10. Ewelina Ko\u0142akowskaPrace mo\u017cna obejrze\u0107 w Muzeum im. Biegasa na Alejach Jerozolimskich 51 w Warszawie do 9 stycznia 2023 r.<\/p>\n\n\n\n<figure class=\"wp-block-image\"><img decoding=\"async\" src=\"https:\/\/scontent.fwaw3-2.fna.fbcdn.net\/v\/t39.30808-6\/320285271_514152267330564_5594593486944585647_n.jpg?_nc_cat=104&amp;ccb=1-7&amp;_nc_sid=730e14&amp;_nc_ohc=5lZ9wPzl6lQAX_895B8&amp;_nc_oc=AQn0Y4l6Xw5zPjfeAda5jygg6ej0JbTULtQ3rESCFLOdU27iaOsTALDoP1SLctuy_9g&amp;_nc_ht=scontent.fwaw3-2.fna&amp;oh=00_AfDvW1cfZVSsvnXtaBgY3Gtln1xriC2KoAVxR3Ia8quP5Q&amp;oe=63DBBB0C\" alt=\"Mo\u017ce by\u0107 zdj\u0119ciem przedstawiaj\u0105cym 1 osoba i stoi\"\/><\/figure>\n\n\n\n<p><\/p>\n\n\n\n<p><strong>Kompas Sztuki<\/strong>&nbsp;to ranking najlepszych polskich artyst\u00f3w wsp\u00f3\u0142czesnych, kt\u00f3ry publikowany by\u0142 od 2007 do 2020 roku w \u201eRzeczpospolitej\u201d, w dziale \u201eMoje pieni\u0105dze\u201d. Jest to przedsi\u0119wzi\u0119cie o charakterze przede wszystkim edukacyjnym, podstawow\u0105 rol\u0105 KS jest pr\u00f3ba usystematyzowania wci\u0105\u017c jeszcze kszta\u0142tuj\u0105cego si\u0119 polskiego rynku sztuki. Najpierw Kompas Sztuki powstawa\u0142 co roku, nast\u0119pnie co trzy lata &#8211; d\u0142u\u017cszy dystans czasowy pozwala lepiej odda\u0107 aktualne tendencje rynkowe.<\/p>\n\n\n\n<p><strong>Kompas M\u0142odej Sztuki<\/strong>&nbsp;ukazywa\u0142 si\u0119 od 2008 do 2020 roku, tak\u017ce na \u0142amach \u201eMoich pieni\u0119dzy\u201d, najpierw co dwa lata, od 2014 co roku. Zmiana ta zosta\u0142a podyktowana oczekiwaniami odbiorc\u00f3w sztuki, jest coraz wi\u0119ksze zainteresowanie sztuk\u0105 nowoczesn\u0105 tak\u017ce w kontek\u015bcie finansowym. Prace pocz\u0105tkuj\u0105cych malarzy s\u0105 zdecydowanie ta\u0144sze ni\u017c uznanych ju\u017c klasyk\u00f3w.<\/p>\n\n\n\n<p>Z obu Kompas\u00f3w \u2013 KS i KMS korzystaj\u0105 zar\u00f3wno kolekcjonerzy, domy aukcyjne, w\u0142a\u015bciciele galerii, inwestorzy, jak i sami arty\u015bci. Pe\u0142ni\u0105 te\u017c rol\u0119 unikatowego przewodnika dla wszystkich, kt\u00f3rzy s\u0105 nie tylko na pocz\u0105tku swojej przygody ze sztuk\u0105.<\/p>\n\n\n\n<p>\u200b<\/p>\n\n\n\n<figure class=\"wp-block-image\"><img decoding=\"async\" src=\"https:\/\/static.wixstatic.com\/media\/98e003_bdf07a44c8a8476fb6c9b072cec53d11~mv2.png\/v1\/crop\/x_686,y_0,w_2525,h_2160\/fill\/w_357,h_305,al_c,q_85,usm_0.66_1.00_0.01,enc_auto\/98e003_bdf07a44c8a8476fb6c9b072cec53d11~mv2.png\" alt=\"\"\/><\/figure>\n\n\n\n<p>Jedynym ograniczeniem jest wiek typowanych artyst\u00f3w \u2013 do 35 roku \u017cycia. W KMS udzia\u0142 bior\u0105 czo\u0142owe galerie sztuki wsp\u00f3\u0142czesnej, prywatne i publiczne. Praktycznie te same co w Kompasie Sztuki. Bior\u0105c pod uwag\u0119 ostatnie osi\u0105gni\u0119cia proponowanych artyst\u00f3w zg\u0142aszaj\u0105 po 5 nazwisk. Pierwszy tw\u00f3rca otrzymuje 5 pkt., drugi 4 pkt., trzeci 3 pkt. itd. Suma notowa\u0144 decyduje o ostatecznej pozycji wyr\u00f3\u017cnionych artyst\u00f3w. Istotny jest r\u00f3wnie\u017c wska\u017anik liczby rekomendacji, czasem taki sam przy znacznej r\u00f3\u017cnicy w punktacji. Og\u0142oszeniu wynik\u00f3w KMS towarzyszy wystawa pokonkursowa czo\u0142\u00f3wki rankingu. Odby\u0142y si\u0119 w Galerii (-1) Polskiego Komitetu Olimpijskiego oraz w Muzeum im. Boles\u0142awa Biegasa.<\/p>\n\n\n\n<p><strong>Nagrody dla lider\u00f3w KMS<\/strong><\/p>\n\n\n\n<p><strong>\u200b<\/strong><\/p>\n\n\n\n<ul class=\"wp-block-list\"><li>KMS 2012&nbsp;<strong>Radek Szlaga<\/strong>&nbsp;\u2013 nagroda pieni\u0119\u017cna, sponsor Fundacja Marka Marii Pie\u0144kowskiego<\/li><li>KMS 2014&nbsp;<strong>Ewa Juszkiewicz i Bartosz Kokosi\u0144ski<\/strong>&nbsp;\u2013 nagroda pieni\u0119\u017cna, sponsor Bank Millennium i Narodowe Centrum Kultury<\/li><li>KMS 2015&nbsp;<strong>Ewa Juszkiewicz<\/strong>&nbsp;\u2013 nagroda pieni\u0119\u017cna, sponsor Bank Millennium i Narodowe Centrum Kultury<\/li><li>KMS 2016&nbsp;<strong>Bartosz Kokosi\u0144ski<\/strong>&nbsp;\u2013 nagroda pieni\u0119\u017cna, sponsor Bank Millennium<\/li><li>KMS 2017&nbsp;<strong>Bartosz Kokosi\u0144ski<\/strong>&nbsp;\u2013 nagroda pieni\u0119\u017cna, sponsor Bank Millennium<\/li><li>KMS 2018&nbsp;<strong>Bartosz Kokosi\u0144ski<\/strong>&nbsp;\u2013 nagroda pieni\u0119\u017cna, sponsor Bank Millennium<\/li><li>KMS 2019&nbsp;<strong>Irmina Sta\u015b<\/strong>&nbsp;\u2013 tygodniowy pobyt w Nowym Jorku, sponsor S\u0142awomir G\u00f3recki<\/li><li>KMS 2020&nbsp;<strong>Agata Kus, \u0141ukasz Patelczyk<\/strong>&nbsp;\u2013 tygodniowy pobyt w Nowym Jorku, sponsor S\u0142awomir G\u00f3recki<\/li><li>KMS 2021&nbsp;<strong>\u0141ukasz Patelczyk&nbsp;<\/strong>\u2013 tygodniowy pobyt w Nowym Jorku, sponsor S\u0142awomir G\u00f3recki; indywidualna wystawa w warszawskim Muzeum im. Boles\u0142awa Biegasa<\/li><li>KMS 2021&nbsp;<strong>Krzysztof Nowicki<\/strong>&nbsp;\u2013 nagroda pieni\u0119\u017cna, wyr\u00f3\u017cnienie<\/li><\/ul>\n\n\n\n<p>\u200b<\/p>\n","protected":false},"excerpt":{"rendered":"<p>Kompas Sztuki&nbsp;i&nbsp;Kompas M\u0142odej Sztukiunikatowe przewodniki po rynku sztuki \u200bhttps:\/\/www.kompasmlodejsztuki.com.pl 14 grudnia, podczas wernisa\u017cu wystawy obraz\u00f3w czo\u0142owych&hellip;<\/p>\n","protected":false},"author":1,"featured_media":2185,"comment_status":"closed","ping_status":"open","sticky":false,"template":"","format":"standard","meta":{"footnotes":""},"categories":[6,8],"tags":[],"class_list":["post-2184","post","type-post","status-publish","format-standard","has-post-thumbnail","hentry","category-events","category-news"],"_links":{"self":[{"href":"https:\/\/agatakus.pl\/index.php?rest_route=\/wp\/v2\/posts\/2184","targetHints":{"allow":["GET"]}}],"collection":[{"href":"https:\/\/agatakus.pl\/index.php?rest_route=\/wp\/v2\/posts"}],"about":[{"href":"https:\/\/agatakus.pl\/index.php?rest_route=\/wp\/v2\/types\/post"}],"author":[{"embeddable":true,"href":"https:\/\/agatakus.pl\/index.php?rest_route=\/wp\/v2\/users\/1"}],"replies":[{"embeddable":true,"href":"https:\/\/agatakus.pl\/index.php?rest_route=%2Fwp%2Fv2%2Fcomments&post=2184"}],"version-history":[{"count":1,"href":"https:\/\/agatakus.pl\/index.php?rest_route=\/wp\/v2\/posts\/2184\/revisions"}],"predecessor-version":[{"id":2186,"href":"https:\/\/agatakus.pl\/index.php?rest_route=\/wp\/v2\/posts\/2184\/revisions\/2186"}],"wp:featuredmedia":[{"embeddable":true,"href":"https:\/\/agatakus.pl\/index.php?rest_route=\/wp\/v2\/media\/2185"}],"wp:attachment":[{"href":"https:\/\/agatakus.pl\/index.php?rest_route=%2Fwp%2Fv2%2Fmedia&parent=2184"}],"wp:term":[{"taxonomy":"category","embeddable":true,"href":"https:\/\/agatakus.pl\/index.php?rest_route=%2Fwp%2Fv2%2Fcategories&post=2184"},{"taxonomy":"post_tag","embeddable":true,"href":"https:\/\/agatakus.pl\/index.php?rest_route=%2Fwp%2Fv2%2Ftags&post=2184"}],"curies":[{"name":"wp","href":"https:\/\/api.w.org\/{rel}","templated":true}]}}