{"id":2187,"date":"2022-11-04T16:37:00","date_gmt":"2022-11-04T15:37:00","guid":{"rendered":"https:\/\/agatakus.pl\/?p=2187"},"modified":"2023-01-29T16:50:00","modified_gmt":"2023-01-29T15:50:00","slug":"agata-kus-jerzy-jarocki-uroczyste-odsloniecie-obrazu","status":"publish","type":"post","link":"https:\/\/agatakus.pl\/?p=2187","title":{"rendered":"AGATA KUS: JERZY JAROCKI \u2013 UROCZYSTE ODS\u0141ONI\u0118CIE OBRAZU"},"content":{"rendered":"\n<figure class=\"wp-block-image\"><img decoding=\"async\" src=\"https:\/\/micet.pl\/wp-content\/uploads\/2022\/10\/agata_kus_jarocki_fragment_obrazu.jpg\" alt=\"agata_kus_jarocki_fragment_obrazu\" title=\"agata_kus_jarocki_fragment_obrazu\"\/><\/figure>\n\n\n\n<p><strong>AGATA KUS: JERZY JAROCKI \u2013 UROCZYSTE ODS\u0141ONI\u0118CIE OBRAZU<\/strong><\/p>\n\n\n\n<p><strong>Pa\u017adziernik w&nbsp;Muzeum Starego Teatru MICET<\/strong>&nbsp;jest w&nbsp;tym roku miesi\u0105cem, w&nbsp;kt\u00f3rym szczeg\u00f3lnie wspominamy jednego z&nbsp;najwybitniejszych polskich re\u017cyser\u00f3w \u2013 Jerzego Jarockiego. Z&nbsp;tej okazji zorganizowali\u015bmy dla Pa\u0144stwa wystaw\u0119 czasow\u0105 AKTOR W&nbsp;TEATRZE JERZEGO JAROCKIEGO, gdzie mo\u017cemy \u015bledzi\u0107 metody pracy i&nbsp;tropy inscenizacyjne artysty, jak r\u00f3wnie\u017c inne wydarzenia towarzysz\u0105ce.<\/p>\n\n\n\n<p><strong>Jednym z&nbsp;nich jest ods\u0142oni\u0119cie portretu Jerzego Jarockiego,<\/strong>&nbsp;kt\u00f3ry&nbsp;specjalnie dla Starego Teatru namalowa\u0142a &nbsp;jedna z&nbsp;najwybitniejszych polskich artystek wsp\u00f3\u0142czesnych, Agata Kus.<\/p>\n\n\n\n<p><strong>Uroczyste ods\u0142oni\u0119cie obrazu z&nbsp;wizerunkiem re\u017cysera, &nbsp;odb\u0119dzie si\u0119 4 listopada 2022, pi\u0105tek, o&nbsp;godz. 18.00 w&nbsp;g\u00f3rnym foyer Starego Teatru, ul.&nbsp;Jagiello\u0144ska 1.<\/strong>&nbsp;Wizerunek Jerzego Jarockiego jest kolejnym w&nbsp;naszej kolekcji portretem artysty tak mocno zwi\u0105zanego, zas\u0142u\u017conego i&nbsp;kojarzonego z&nbsp;krakowskim Teatrem<\/p>\n\n\n\n<p><strong>Serdecznie zapraszamy do&nbsp;udzia\u0142u w&nbsp;tym wydarzeniu. Wst\u0119p wolny.<\/strong><\/p>\n\n\n\n<p><strong>P.S<\/strong>&nbsp;Na&nbsp;zdj\u0119ciu fragment obrazu, kt\u00f3ry&nbsp;w&nbsp;ca\u0142ej okaza\u0142o\u015bci zobacz\u0105 Pa\u0144stwo ju\u017c za&nbsp;kilka dni w&nbsp;Starym Teatrze.<\/p>\n\n\n\n<p><strong>AGATA KUS:<\/strong>&nbsp;urodzi\u0142a si\u0119 w&nbsp;1987 roku. Mieszka i&nbsp;pracuje w&nbsp;Krakowie. Jest absolwentk\u0105 i&nbsp;doktorem Wydzia\u0142u Malarstwa Akademii Sztuk Pi\u0119knych w&nbsp;Krakowie. Dyplom w&nbsp;pracowni prof.&nbsp;Leszka Misiaka obroni\u0142a w&nbsp;2012.&nbsp;Zajmuje si\u0119 g\u0142\u00f3wnie malarstwem, rysunkiem, ceramik\u0105 i&nbsp;video. Jest laureatk\u0105 wielu nagr\u00f3d i&nbsp;stypendi\u00f3w, w&nbsp;tym zwyci\u0119\u017cczyni\u0105&nbsp;Mi\u0119dzynarodowego Biennale Sztuki Medi\u00f3w WRO 2015&nbsp;we Wroc\u0142awiu. W&nbsp;roku 2017 zosta\u0142a nominowana do&nbsp;Nagrody&nbsp;\u201eSpojrzenia\u201d&nbsp;Deutsche Banku i&nbsp;Zach\u0119ty.&nbsp; W&nbsp;roku 2011 i&nbsp;2018 by\u0142a nominowana do&nbsp;stypendium szwajcarskiej Fundacji Vordemberge-Gildeward.<\/p>\n\n\n\n<p>W 2021 zdoby\u0142a pierwsze miejsce w&nbsp;rankingu Kompas M\u0142odej Sztuki publikowanego na&nbsp;\u0142amach Rzeczpospolitej.<\/p>\n\n\n\n<p><strong>Wsp\u00f3\u0142pracowa\u0142a z&nbsp;wieloma instytucjami i&nbsp;galeriami<\/strong>&nbsp;w&nbsp;Polsce, Austrii i&nbsp;Pary\u017cu. Jej obrazy znajduj\u0105 si\u0119 m. in. w&nbsp;kolekcji Muzeum Sztuki Wsp\u00f3\u0142czesnej MOCAK w&nbsp;Krakowie, Muzeum Narodowym w&nbsp;Gda\u0144sku, Galerii Bunkier Sztuki, Kolekcji mBanku oraz&nbsp;w&nbsp;licznych kolekcjach prywatnych w&nbsp;Polsce i&nbsp;zagranic\u0105.<\/p>\n\n\n\n<p><strong>Agata Kus maluje g\u0142\u00f3wnie ludzi,<\/strong>&nbsp;wpisuj\u0105c si\u0119 w&nbsp;obserwowany w&nbsp;ostatnich latach triumfalny powr\u00f3t do&nbsp;klasycznego rodzaju figuratywno\u015bci. Charakterystyczna dla jej malarstwa r\u00f3wnoczesna wielo\u015b\u0107 narracji, spojona w&nbsp;jedn\u0105 kompozycj\u0119, pozwala na&nbsp;wielow\u0105tkowe czytanie obrazu: poszczeg\u00f3lnego tematu lub syntezy ich wszystkich, uk\u0142adaj\u0105cych si\u0119 w&nbsp;nowe znaczenia. Nieoczywisto\u015b\u0107 i&nbsp;dwuznaczno\u015b\u0107 tych obraz\u00f3w otwiera wiele mo\u017cliwo\u015bci interpretacji oraz&nbsp;pod\u0105\u017cania za&nbsp;ich niezwykle fascynuj\u0105c\u0105 narracj\u0105. Artystka stosuje przy tym liczne gry formalne, jak malarskie kola\u017ce, pseudo-wycinanki, wklejki, zamazywania i&nbsp;destrukcje, sugeruj\u0105c zestawienie ze&nbsp;sob\u0105 wielu kompozycji o&nbsp;r\u00f3\u017cnej fakturze i&nbsp;technice.<\/p>\n","protected":false},"excerpt":{"rendered":"<p>AGATA KUS: JERZY JAROCKI \u2013 UROCZYSTE ODS\u0141ONI\u0118CIE OBRAZU Pa\u017adziernik w&nbsp;Muzeum Starego Teatru MICET&nbsp;jest w&nbsp;tym roku miesi\u0105cem,&hellip;<\/p>\n","protected":false},"author":1,"featured_media":2188,"comment_status":"closed","ping_status":"open","sticky":false,"template":"","format":"standard","meta":{"footnotes":""},"categories":[6,8],"tags":[],"class_list":["post-2187","post","type-post","status-publish","format-standard","has-post-thumbnail","hentry","category-events","category-news"],"_links":{"self":[{"href":"https:\/\/agatakus.pl\/index.php?rest_route=\/wp\/v2\/posts\/2187","targetHints":{"allow":["GET"]}}],"collection":[{"href":"https:\/\/agatakus.pl\/index.php?rest_route=\/wp\/v2\/posts"}],"about":[{"href":"https:\/\/agatakus.pl\/index.php?rest_route=\/wp\/v2\/types\/post"}],"author":[{"embeddable":true,"href":"https:\/\/agatakus.pl\/index.php?rest_route=\/wp\/v2\/users\/1"}],"replies":[{"embeddable":true,"href":"https:\/\/agatakus.pl\/index.php?rest_route=%2Fwp%2Fv2%2Fcomments&post=2187"}],"version-history":[{"count":1,"href":"https:\/\/agatakus.pl\/index.php?rest_route=\/wp\/v2\/posts\/2187\/revisions"}],"predecessor-version":[{"id":2189,"href":"https:\/\/agatakus.pl\/index.php?rest_route=\/wp\/v2\/posts\/2187\/revisions\/2189"}],"wp:featuredmedia":[{"embeddable":true,"href":"https:\/\/agatakus.pl\/index.php?rest_route=\/wp\/v2\/media\/2188"}],"wp:attachment":[{"href":"https:\/\/agatakus.pl\/index.php?rest_route=%2Fwp%2Fv2%2Fmedia&parent=2187"}],"wp:term":[{"taxonomy":"category","embeddable":true,"href":"https:\/\/agatakus.pl\/index.php?rest_route=%2Fwp%2Fv2%2Fcategories&post=2187"},{"taxonomy":"post_tag","embeddable":true,"href":"https:\/\/agatakus.pl\/index.php?rest_route=%2Fwp%2Fv2%2Ftags&post=2187"}],"curies":[{"name":"wp","href":"https:\/\/api.w.org\/{rel}","templated":true}]}}