{"id":2190,"date":"2022-09-30T16:51:00","date_gmt":"2022-09-30T14:51:00","guid":{"rendered":"https:\/\/agatakus.pl\/?p=2190"},"modified":"2023-01-29T16:56:13","modified_gmt":"2023-01-29T15:56:13","slug":"niespokojne-dusze-open-eyes-art-festival","status":"publish","type":"post","link":"https:\/\/agatakus.pl\/?p=2190","title":{"rendered":"Niespokojne dusze &#8211; Open Eyes Art Festival"},"content":{"rendered":"\n<h1 class=\"wp-block-heading\">\u201eNiespokojne dusze\u201d<\/h1>\n\n\n\n<p><sup>30 wrze\u015bnia 2022 r.<\/sup><\/p>\n\n\n\n<p><strong>&#8222;Niespokojne dusze&#8221;&nbsp;<\/strong><strong>&#8211; to jedna z&nbsp;wystaw Open Eyes Art Festival, kt\u00f3ra wpisuje si\u0119 w&nbsp;cykl&nbsp;<em>Obcym okiem<\/em>. Zostan\u0105 na&nbsp;niej pokazane prace siedmiu artystek i&nbsp;siedmiu artyst\u00f3w, dydaktyk\u00f3w krakowskiej Akademii Sztuk Pi\u0119knych, kt\u00f3rzy od kilku do&nbsp;kilkudziesi\u0119ciu lat pracuj\u0105 na&nbsp;wydzia\u0142ach: Malarstwa, Rze\u017aby, Grafiki, Intermedi\u00f3w.<\/strong><\/p>\n\n\n\n<p>Ekspozycja jest zbiorem indywidualnych prezentacji, w&nbsp;kt\u00f3rych arty\u015bci poddaj\u0105 autorefleksji swoj\u0105 dotychczasow\u0105 drog\u0119 tw\u00f3rcz\u0105, przybli\u017caj\u0105 w\u0142asne strategie, ukazuj\u0105 prywatne perspektywy. W&nbsp;centrum ka\u017cdej z&nbsp;nich znajduj\u0105 si\u0119 aktualne prace, kt\u00f3re dialoguj\u0105 pod k\u0105tem formalnym lub ideowym z&nbsp;tymi z&nbsp;pocz\u0105tku aktywno\u015bci w&nbsp;ASP. Pojawiaj\u0105 si\u0119 pytania: Czy w\u0105tki, kt\u00f3re by\u0142y istotne na&nbsp;pocz\u0105tku drogi tw\u00f3rczej, znajduj\u0105 cho\u0107by niewielkie odzwierciedlenie w&nbsp;obecnej praktyce? W&nbsp;jaki spos\u00f3b przebiega\u0142a ewolucja form i&nbsp;temat\u00f3w?<\/p>\n\n\n\n<p>Tadeusz Kantor, jeden z&nbsp;najwa\u017cniejszych polskich artyst\u00f3w po II wojnie \u015bwiatowej, wyk\u0142adowca ASP, powiedzia\u0142:&nbsp;<strong><em>\u201eWszystko, co tworzy\u0142em [\u2026], mia\u0142o zawsze cech\u0119 wyznania. Wyznania stawa\u0142y si\u0119 coraz bardziej osobiste. Wyznania, aby ocali\u0107 przed zapomnieniem [\u2026]. A&nbsp;potem to ci\u0105g\u0142e pragnienie czy marzenie i&nbsp;wo\u0142anie, by tw\u00f3rczo\u015b\u0107 by\u0142a wolna, podleg\u0142a tylko mnie, moim s\u0142abo\u015bciom, szale\u0144stwom, chorobom, moim kl\u0119skom, mojej samotno\u015bci\u2026\u201d.<\/em><\/strong><\/p>\n\n\n\n<p>To wyznanie, o&nbsp;kt\u00f3rym m\u00f3wi\u0142 Kantor, przekazywane za pomoc\u0105 tworzonej sztuki, zostaje tak\u017ce przeniesione na&nbsp;teren opisu i&nbsp;interpretacji poszczeg\u00f3lnych prac na&nbsp;wystawie&nbsp;<em>\u201eNiespokojne dusze\u201d.<\/em>Pojawi\u0105 si\u0119 zwi\u0119z\u0142e wyznania artyst\u00f3w, kt\u00f3rzy przybli\u017caj\u0105 odbiorcy spojrzenie na&nbsp;ich tw\u00f3rczo\u015b\u0107 i&nbsp;jej dotychczasowy przebieg.https:\/\/www.youtube.com\/embed\/XHIGGGndpig?rel=0&amp;fs=1&amp;wmode=transparent<\/p>\n\n\n\n<p><strong>W cyklu wystaw zostan\u0105 zaprezentowane prace artystek\/artyst\u00f3w:<\/strong><\/p>\n\n\n\n<p>Marta Antoniak, Bogus\u0142aw Bachorczyk, Iwona Demko, Justyna G\u00f3rowska, Agata Kus, Krzysztof Maniak, Kinga Nowak, Justyna Smole\u0144, Witold Stelmachniewicz, Grzegorz Sztwiertnia, Jan Tutaj, Natalia Wiernik, Jakub Woynarowski, Micha\u0142 Zawada.<\/p>\n\n\n\n<p>Kuratork\u0105 wystawy jest: Delfina Ja\u0142owik.<\/p>\n\n\n\n<p>Miejsce wystawy: I&nbsp;pi\u0119tro pa\u0142acu Ogi\u0144skich i&nbsp;Potulickich przy ulicy Pi\u0142sudskiego 4.<\/p>\n","protected":false},"excerpt":{"rendered":"<p>\u201eNiespokojne dusze\u201d 30 wrze\u015bnia 2022 r. &#8222;Niespokojne dusze&#8221;&nbsp;&#8211; to jedna z&nbsp;wystaw Open Eyes Art Festival, kt\u00f3ra&hellip;<\/p>\n","protected":false},"author":1,"featured_media":2191,"comment_status":"closed","ping_status":"open","sticky":false,"template":"","format":"standard","meta":{"footnotes":""},"categories":[6,8],"tags":[],"class_list":["post-2190","post","type-post","status-publish","format-standard","has-post-thumbnail","hentry","category-events","category-news"],"_links":{"self":[{"href":"https:\/\/agatakus.pl\/index.php?rest_route=\/wp\/v2\/posts\/2190","targetHints":{"allow":["GET"]}}],"collection":[{"href":"https:\/\/agatakus.pl\/index.php?rest_route=\/wp\/v2\/posts"}],"about":[{"href":"https:\/\/agatakus.pl\/index.php?rest_route=\/wp\/v2\/types\/post"}],"author":[{"embeddable":true,"href":"https:\/\/agatakus.pl\/index.php?rest_route=\/wp\/v2\/users\/1"}],"replies":[{"embeddable":true,"href":"https:\/\/agatakus.pl\/index.php?rest_route=%2Fwp%2Fv2%2Fcomments&post=2190"}],"version-history":[{"count":1,"href":"https:\/\/agatakus.pl\/index.php?rest_route=\/wp\/v2\/posts\/2190\/revisions"}],"predecessor-version":[{"id":2192,"href":"https:\/\/agatakus.pl\/index.php?rest_route=\/wp\/v2\/posts\/2190\/revisions\/2192"}],"wp:featuredmedia":[{"embeddable":true,"href":"https:\/\/agatakus.pl\/index.php?rest_route=\/wp\/v2\/media\/2191"}],"wp:attachment":[{"href":"https:\/\/agatakus.pl\/index.php?rest_route=%2Fwp%2Fv2%2Fmedia&parent=2190"}],"wp:term":[{"taxonomy":"category","embeddable":true,"href":"https:\/\/agatakus.pl\/index.php?rest_route=%2Fwp%2Fv2%2Fcategories&post=2190"},{"taxonomy":"post_tag","embeddable":true,"href":"https:\/\/agatakus.pl\/index.php?rest_route=%2Fwp%2Fv2%2Ftags&post=2190"}],"curies":[{"name":"wp","href":"https:\/\/api.w.org\/{rel}","templated":true}]}}