{"id":2339,"date":"2024-10-31T12:58:35","date_gmt":"2024-10-31T11:58:35","guid":{"rendered":"https:\/\/agatakus.pl\/?p=2339"},"modified":"2024-10-31T12:58:35","modified_gmt":"2024-10-31T11:58:35","slug":"first-time-mcsw-elektrownia-w-radomiu","status":"publish","type":"post","link":"https:\/\/agatakus.pl\/?p=2339","title":{"rendered":"First Time \/ MCSW Elektrownia w Radomiu"},"content":{"rendered":"\n<p>Wydarzenie\u00a0<strong><a href=\"https:\/\/www.facebook.com\/mcswe24\">Mazowieckie Centrum Sztuki Wsp\u00f3\u0142czesnej Elektrownia w Radomiu<\/a><\/strong>ul. Miko\u0142aja Kopernika 1, 26-600 Radom, PolandPubliczne\u00a0\u00a0\u00b7\u00a0Ka\u017cdy na Facebooku i poza nimTematem wystawy jest prze\u017cywanie czego\u015b po raz pierwszy, dotyczy to przede wszystkim czasu dojrzewania. Opowie\u015bci zamkni\u0119te w obrazach Agaty Kus odnosz\u0105 si\u0119 do tego, jak pierwsze razy odbijaj\u0105 si\u0119 w pami\u0119ci.Poniewa\u017c to zazwyczaj dzieci\u0144stwo i wiek nastoletni s\u0105 czasem, kiedy rzeczy zdarzaj\u0105 si\u0119 po raz pierwszy, to w\u0142a\u015bnie wizerunki m\u0142odych ludzi najcz\u0119\u015bciej pokazuj\u0105 niepokoje tego dziwnego czasu, kt\u00f3ry zdarza si\u0119 tylko raz w \u017cyciu, kiedy z dzieci\u0144stwa przechodzi si\u0119 w doros\u0142o\u015b\u0107. Chocia\u017c, trzeba doda\u0107, na wystawie pojawiaj\u0105 si\u0119 tak\u017ce postaci nieco starsze, jednak tak\u017ce znajduj\u0105ce si\u0119 jakby w stanie zatrzymania, na progu jakiego\u015b etapu swojej biografii.Artystka zajmuje si\u0119 pami\u0119ci\u0105 o emocjach, kt\u00f3re towarzysz\u0105 tym procesom, np. zmianom cia\u0142a wywo\u0142uj\u0105cym niepok\u00f3j u nastolatk\u00f3w, kt\u00f3re mog\u0105 owocowa\u0107 kompleksami i obsesj\u0105 poprawiania wyimaginowanych cielesnych mankament\u00f3w. Obserwuje wp\u0142yw, jaki \u201epierwsze razy w \u017cyciu\u201d maj\u0105 na kszta\u0142towanie si\u0119 osobowo\u015bci. Patrzy na potrzeb\u0119 niezale\u017cno\u015bci m\u0142odych, kt\u00f3ra czasem doprowadza do brawury i lekkomy\u015blno\u015bci. Cz\u0119sto odmalowuje problemy okresu dorastania, hu\u015btawki nastroju, stany l\u0119kowe, a tak\u017ce zagro\u017cenia czyhaj\u0105ce na niedo\u015bwiadczone osoby.Ponadto Agata Kus interesuje si\u0119 nostalgi\u0105 za okresem m\u0142odo\u015bci, tym progiem \u017cycia, kiedy wszystko jest jeszcze mo\u017cliwe. Patrzy na to, jak wspomnienia z tamtego okresu s\u0105 zatarte, zniekszta\u0142cone, a nawet bajkowe czy ubarwiane i mitologizowane. T\u0119sknota za odczuwaniem czego\u015b po raz pierwszy jest wed\u0142ug niej pragnieniem powrotu do czasu, kiedy mia\u0142o si\u0119 przysz\u0142o\u015b\u0107 przed sob\u0105, a \u015bwiat prze\u017cywa\u0142o si\u0119 z jedyn\u0105 w swoim rodzaju intensywno\u015bci\u0105.Agata Kus (ur. 1987) \u2013 malarka i rysowniczka, zajmuje si\u0119 tak\u017ce ceramik\u0105 i wideo. Studiowa\u0142a na ASP w Krakowie, w tym mie\u015bcie mieszka i pracuje. Jedna z najbardziej znanych i rozpoznawalnych artystek na polskiej scenie artystycznej. Jest laureatk\u0105 wielu nagr\u00f3d i stypendi\u00f3w, w tym zwyci\u0119\u017cczyni\u0105 Mi\u0119dzynarodowego Biennale Sztuki Medi\u00f3w WRO 2015 we Wroc\u0142awiu. W 2017 zosta\u0142a nominowana do Nagrody \u201eSpojrzenia\u201d Deutsche Banku i Zach\u0119ty. W latach 2011 i 2018 by\u0142a nominowana do stypendium szwajcarskiej Fundacji Vordemberge-Gildewart. W 2021 zaj\u0119\u0142a 1. miejsce w rankingu Kompas M\u0142odej Sztuki. Jej obrazy znajduj\u0105 si\u0119 w najwa\u017cniejszych kolekcjach sztuki wsp\u00f3\u0142czesnej, jak np. w kolekcji krakowskiego MOCAK-u, Muzeum Narodowego w Gda\u0144sku czy te\u017c mBanku oraz w licznych kolekcjach prywatnych w Polsce i zagranic\u0105.Wernisa\u017c: 13.09.2024, godz. 18.00<br>Kuratorka: Magdalena Ujma<br>Wystawa czynna do 3.11.2024<\/p>\n\n\n\n<p><\/p>\n","protected":false},"excerpt":{"rendered":"<p>Wydarzenie\u00a0Mazowieckie Centrum Sztuki Wsp\u00f3\u0142czesnej Elektrownia w Radomiuul. Miko\u0142aja Kopernika 1, 26-600 Radom, PolandPubliczne\u00a0\u00a0\u00b7\u00a0Ka\u017cdy na Facebooku i&hellip;<\/p>\n","protected":false},"author":1,"featured_media":2340,"comment_status":"closed","ping_status":"open","sticky":false,"template":"","format":"standard","meta":{"footnotes":""},"categories":[6,8],"tags":[],"class_list":["post-2339","post","type-post","status-publish","format-standard","has-post-thumbnail","hentry","category-events","category-news"],"_links":{"self":[{"href":"https:\/\/agatakus.pl\/index.php?rest_route=\/wp\/v2\/posts\/2339","targetHints":{"allow":["GET"]}}],"collection":[{"href":"https:\/\/agatakus.pl\/index.php?rest_route=\/wp\/v2\/posts"}],"about":[{"href":"https:\/\/agatakus.pl\/index.php?rest_route=\/wp\/v2\/types\/post"}],"author":[{"embeddable":true,"href":"https:\/\/agatakus.pl\/index.php?rest_route=\/wp\/v2\/users\/1"}],"replies":[{"embeddable":true,"href":"https:\/\/agatakus.pl\/index.php?rest_route=%2Fwp%2Fv2%2Fcomments&post=2339"}],"version-history":[{"count":1,"href":"https:\/\/agatakus.pl\/index.php?rest_route=\/wp\/v2\/posts\/2339\/revisions"}],"predecessor-version":[{"id":2341,"href":"https:\/\/agatakus.pl\/index.php?rest_route=\/wp\/v2\/posts\/2339\/revisions\/2341"}],"wp:featuredmedia":[{"embeddable":true,"href":"https:\/\/agatakus.pl\/index.php?rest_route=\/wp\/v2\/media\/2340"}],"wp:attachment":[{"href":"https:\/\/agatakus.pl\/index.php?rest_route=%2Fwp%2Fv2%2Fmedia&parent=2339"}],"wp:term":[{"taxonomy":"category","embeddable":true,"href":"https:\/\/agatakus.pl\/index.php?rest_route=%2Fwp%2Fv2%2Fcategories&post=2339"},{"taxonomy":"post_tag","embeddable":true,"href":"https:\/\/agatakus.pl\/index.php?rest_route=%2Fwp%2Fv2%2Ftags&post=2339"}],"curies":[{"name":"wp","href":"https:\/\/api.w.org\/{rel}","templated":true}]}}