{"id":2356,"date":"2024-09-29T13:25:00","date_gmt":"2024-09-29T11:25:00","guid":{"rendered":"https:\/\/agatakus.pl\/?p=2356"},"modified":"2024-10-31T13:30:23","modified_gmt":"2024-10-31T12:30:23","slug":"silaczki-recencja-wystawy","status":"publish","type":"post","link":"https:\/\/agatakus.pl\/?p=2356","title":{"rendered":"Si\u0142aczki &#8211; recencja wystawy"},"content":{"rendered":"\n<h1 class=\"wp-block-heading\">Wystawa \u201eSi\u0142aczki\u201d opowiada o kobietach, kt\u00f3re wsp\u00f3\u0142tworzy\u0142y histori\u0119 Krakowa<\/h1>\n\n\n\n<p>Anna Sa\u0144czuk<\/p>\n\n\n\n<p>Walczy\u0142y o siebie, w\u0142asn\u0105 niezale\u017cno\u015b\u0107 i g\u0142os, wsp\u00f3\u0142tworz\u0105c przy tym charakter, kszta\u0142t i aur\u0119 krakowskiej metropolii \u2013 od \u015bredniowiecza po rozp\u0119dzon\u0105 wsp\u00f3\u0142czesno\u015b\u0107. Pionierki Krakowa doczeka\u0142y si\u0119 w swoim mie\u015bcie wystawy z przytupem. \u201eSi\u0142aczki\u201d od 27 wrze\u015bnia zapraszaj\u0105 do Kamienicy Hipolit\u00f3w \u2013 warto pozna\u0107 bli\u017cej te niebywa\u0142e osobowo\u015bci!<\/p>\n\n\n\n<p>W spocie zapowiadaj\u0105cym wystaw\u0119 po krakowskim bruku w\u0119druj\u0105 wsp\u00f3\u0142czesne dziewczyny wcielaj\u0105ce si\u0119 w historyczne mieszkanki miasta \u2013 artystki: Zofi\u0119 Stryje\u0144sk\u0105, Mari\u0119 Jarem\u0119 oraz Kazimier\u0119 Bujwidow\u0105 \u2013 publicystk\u0119, dzia\u0142aczk\u0119 spo\u0142eczn\u0105 i protofeministk\u0119&#8230;<\/p>\n\n\n\n<p>czytaj dalej na Vogue <a href=\"https:\/\/www.vogue.pl\/a\/silaczki-to-wystawa-o-kobietach-ktore-wpisaly-sie-w-historie-krakowa\" data-type=\"URL\" data-id=\"https:\/\/www.vogue.pl\/a\/silaczki-to-wystawa-o-kobietach-ktore-wpisaly-sie-w-historie-krakowa\">https:\/\/www.vogue.pl\/a\/silaczki-to-wystawa-o-kobietach-ktore-wpisaly-sie-w-historie-krakowa<\/a><\/p>\n","protected":false},"excerpt":{"rendered":"<p>Wystawa \u201eSi\u0142aczki\u201d opowiada o kobietach, kt\u00f3re wsp\u00f3\u0142tworzy\u0142y histori\u0119 Krakowa Anna Sa\u0144czuk Walczy\u0142y o siebie, w\u0142asn\u0105 niezale\u017cno\u015b\u0107&hellip;<\/p>\n","protected":false},"author":1,"featured_media":2357,"comment_status":"closed","ping_status":"open","sticky":false,"template":"","format":"standard","meta":{"footnotes":""},"categories":[8,14],"tags":[],"class_list":["post-2356","post","type-post","status-publish","format-standard","has-post-thumbnail","hentry","category-news","category-publications"],"_links":{"self":[{"href":"https:\/\/agatakus.pl\/index.php?rest_route=\/wp\/v2\/posts\/2356","targetHints":{"allow":["GET"]}}],"collection":[{"href":"https:\/\/agatakus.pl\/index.php?rest_route=\/wp\/v2\/posts"}],"about":[{"href":"https:\/\/agatakus.pl\/index.php?rest_route=\/wp\/v2\/types\/post"}],"author":[{"embeddable":true,"href":"https:\/\/agatakus.pl\/index.php?rest_route=\/wp\/v2\/users\/1"}],"replies":[{"embeddable":true,"href":"https:\/\/agatakus.pl\/index.php?rest_route=%2Fwp%2Fv2%2Fcomments&post=2356"}],"version-history":[{"count":1,"href":"https:\/\/agatakus.pl\/index.php?rest_route=\/wp\/v2\/posts\/2356\/revisions"}],"predecessor-version":[{"id":2358,"href":"https:\/\/agatakus.pl\/index.php?rest_route=\/wp\/v2\/posts\/2356\/revisions\/2358"}],"wp:featuredmedia":[{"embeddable":true,"href":"https:\/\/agatakus.pl\/index.php?rest_route=\/wp\/v2\/media\/2357"}],"wp:attachment":[{"href":"https:\/\/agatakus.pl\/index.php?rest_route=%2Fwp%2Fv2%2Fmedia&parent=2356"}],"wp:term":[{"taxonomy":"category","embeddable":true,"href":"https:\/\/agatakus.pl\/index.php?rest_route=%2Fwp%2Fv2%2Fcategories&post=2356"},{"taxonomy":"post_tag","embeddable":true,"href":"https:\/\/agatakus.pl\/index.php?rest_route=%2Fwp%2Fv2%2Ftags&post=2356"}],"curies":[{"name":"wp","href":"https:\/\/api.w.org\/{rel}","templated":true}]}}