{"id":2359,"date":"2024-10-31T13:33:43","date_gmt":"2024-10-31T12:33:43","guid":{"rendered":"https:\/\/agatakus.pl\/?p=2359"},"modified":"2024-10-31T13:34:28","modified_gmt":"2024-10-31T12:34:28","slug":"nowe-pokolenie-i-klasycy-z-kolekcji-wojciecha-fibaka-csw-torun","status":"publish","type":"post","link":"https:\/\/agatakus.pl\/?p=2359","title":{"rendered":"Nowe pokolenie i klasycy z Kolekcji Wojciecha Fibaka- CSW Toru\u0144"},"content":{"rendered":"\n<p>Najnowsza ekspozycja w Centrum Sztuki Wsp\u00f3\u0142czesnej Znaki Czasu w Toruniu ma szans\u0119 sta\u0107 si\u0119 jednym z najwa\u017cniejszych wydarze\u0144 wystawienniczych sezonu letniego 2024 w kraju. Jest to bowiem pierwsza ods\u0142ona nowego oblicza jednej z najstarszych i najwa\u017cniejszych prywatnych kolekcji sztuki wsp\u00f3\u0142czesnej w Polsce. Nie jest przesad\u0105 stwierdzenie, \u017ce dynamiczny rozw\u00f3j rynku sztuki w naszym kraju zainicjowa\u0142 w\u0142a\u015bnie Wojciech Fibak i jego kolekcja \u00c9cole de Paris, pokazywana w kilkunastu muzeach i galeriach od ko\u0144ca lat 90. XX w. Wybitni kolekcjonerzy przyznaj\u0105 dzisiaj, \u017ce rozpocz\u0119li swoj\u0105 przygod\u0119 ze sztuk\u0105 zainspirowani w\u0142a\u015bnie osi\u0105gni\u0119ciami Wojciecha Fibaka.Na powierzchni 2000 m2 na pierwszym i drugim pi\u0119trze CSW prezentujemy ponad 200 wybitnych obraz\u00f3w i rze\u017ab artyst\u00f3w klasycznych oraz przedstawicieli Nowego pokolenia sztuki polskiej. S\u0105 w\u015br\u00f3d nich m.in. Andrzej Wr\u00f3blewski, Jan Lebenstein, Magdalena Abakanowicz, Wojciech Fangor, Jerzy Nowosielski, Leon Tarasewicz, Izabella Gustowska, Teresa P\u0105gowska, Jan Berdyszak i wielu innych klasyk\u00f3w wsp\u00f3\u0142czesno\u015bci. Eksponujemy tak\u017ce prace przedstawicieli \u015bredniego pokolenia: Wilhelma Sasnala, Marcina Maciejowskiego, Agaty Bogackiej, Jakuba Juliana Zi\u00f3\u0142kowskiego, Karola Radziszewskiego czy Aleksandry Waliszewskiej.Jednak najwi\u0119ksz\u0105 niespodziank\u0105 i atrakcj\u0105 wystawy s\u0105 prace Nowego pokolenia autorstwa Ewy Juszkiewicz, Karoliny Jab\u0142o\u0144skiej, Agaty Kus, Agaty S\u0142owak, Martyny Czech, Miko\u0142aja Sobczaka, Emilii Kiny, Tomasza Kr\u0119cickiego i innych. To ich obrazy s\u0105 w tej chwili najbardziej poszukiwane przez kolekcjoner\u00f3w, prezentowane na licznych wystawach w kraju i za granic\u0105, wygrywaj\u0105 aukcje i rankingi, wzbudzaj\u0105 najwi\u0119cej emocji. W kolekcji Wojciecha Fibaka znalaz\u0142y si\u0119 dzie\u0142a czo\u0142owych artystek i artyst\u00f3w Nowego pokolenia.Wystawa pokazuje obok siebie obrazy klasyk\u00f3w i przedstawicieli Nowej generacji \u2013 te zderzenia cz\u0119sto zaskakuj\u0105, ale te\u017c zastanawiaj\u0105 i ujawniaj\u0105 nieoczywiste powi\u0105zania: zbli\u017cone konteksty i kontynuacj\u0119 w\u0105tk\u00f3w, a je\u015bli nie dos\u0142ownie kontynuacj\u0119, to przynajmniej \u015bwiadomo\u015b\u0107 wi\u0119z\u00f3w \u0142\u0105cz\u0105cych artyst\u00f3w r\u00f3\u017cnych pokole\u0144.Przed 30 laty Wojciech Fibak zainicjowa\u0142 w Polsce swoist\u0105 mod\u0119 na kolekcjonowanie, przede wszystkich uznanych tw\u00f3rc\u00f3w polskich z kr\u0119gu \u00c9cole de Paris. Dzisiaj zajmuje go tw\u00f3rczo\u015b\u0107 Nowego pokolenia i cho\u0107 moda na t\u0119 sztuk\u0119 trwa ju\u017c od kilku lat, to kolekcja Fibaka w pewien spos\u00f3b podsumowuje i porz\u0105dkuje to zjawisko.Wystawie towarzyszy obszerny katalog oraz program edukacyjny.<\/p>\n\n\n\n<p>28.06.2024\u201306.12.2024<\/p>\n\n\n\n<figure class=\"wp-block-image size-large\"><img loading=\"lazy\" decoding=\"async\" width=\"1024\" height=\"1024\" src=\"https:\/\/agatakus.pl\/wp-content\/uploads\/2024\/10\/448407792_18326148088132983_5802051760742709331_n-1024x1024.jpg\" alt=\"\" class=\"wp-image-2361\" srcset=\"https:\/\/agatakus.pl\/wp-content\/uploads\/2024\/10\/448407792_18326148088132983_5802051760742709331_n-1024x1024.jpg 1024w, https:\/\/agatakus.pl\/wp-content\/uploads\/2024\/10\/448407792_18326148088132983_5802051760742709331_n-300x300.jpg 300w, https:\/\/agatakus.pl\/wp-content\/uploads\/2024\/10\/448407792_18326148088132983_5802051760742709331_n-400x400.jpg 400w, https:\/\/agatakus.pl\/wp-content\/uploads\/2024\/10\/448407792_18326148088132983_5802051760742709331_n.jpg 1440w\" sizes=\"auto, (max-width: 1024px) 100vw, 1024px\" \/><\/figure>\n","protected":false},"excerpt":{"rendered":"<p>Najnowsza ekspozycja w Centrum Sztuki Wsp\u00f3\u0142czesnej Znaki Czasu w Toruniu ma szans\u0119 sta\u0107 si\u0119 jednym z&hellip;<\/p>\n","protected":false},"author":1,"featured_media":2360,"comment_status":"closed","ping_status":"open","sticky":false,"template":"","format":"standard","meta":{"footnotes":""},"categories":[6,8,14],"tags":[],"class_list":["post-2359","post","type-post","status-publish","format-standard","has-post-thumbnail","hentry","category-events","category-news","category-publications"],"_links":{"self":[{"href":"https:\/\/agatakus.pl\/index.php?rest_route=\/wp\/v2\/posts\/2359","targetHints":{"allow":["GET"]}}],"collection":[{"href":"https:\/\/agatakus.pl\/index.php?rest_route=\/wp\/v2\/posts"}],"about":[{"href":"https:\/\/agatakus.pl\/index.php?rest_route=\/wp\/v2\/types\/post"}],"author":[{"embeddable":true,"href":"https:\/\/agatakus.pl\/index.php?rest_route=\/wp\/v2\/users\/1"}],"replies":[{"embeddable":true,"href":"https:\/\/agatakus.pl\/index.php?rest_route=%2Fwp%2Fv2%2Fcomments&post=2359"}],"version-history":[{"count":1,"href":"https:\/\/agatakus.pl\/index.php?rest_route=\/wp\/v2\/posts\/2359\/revisions"}],"predecessor-version":[{"id":2362,"href":"https:\/\/agatakus.pl\/index.php?rest_route=\/wp\/v2\/posts\/2359\/revisions\/2362"}],"wp:featuredmedia":[{"embeddable":true,"href":"https:\/\/agatakus.pl\/index.php?rest_route=\/wp\/v2\/media\/2360"}],"wp:attachment":[{"href":"https:\/\/agatakus.pl\/index.php?rest_route=%2Fwp%2Fv2%2Fmedia&parent=2359"}],"wp:term":[{"taxonomy":"category","embeddable":true,"href":"https:\/\/agatakus.pl\/index.php?rest_route=%2Fwp%2Fv2%2Fcategories&post=2359"},{"taxonomy":"post_tag","embeddable":true,"href":"https:\/\/agatakus.pl\/index.php?rest_route=%2Fwp%2Fv2%2Ftags&post=2359"}],"curies":[{"name":"wp","href":"https:\/\/api.w.org\/{rel}","templated":true}]}}