{"id":2366,"date":"2024-06-29T13:39:00","date_gmt":"2024-06-29T11:39:00","guid":{"rendered":"https:\/\/agatakus.pl\/?p=2366"},"modified":"2024-10-31T13:41:20","modified_gmt":"2024-10-31T12:41:20","slug":"towarzystwo-przyjaciol-betelu-wystawa","status":"publish","type":"post","link":"https:\/\/agatakus.pl\/?p=2366","title":{"rendered":"Towarzystwo Przyjaci\u00f3\u0142 Betelu &#8211; wystawa"},"content":{"rendered":"\n<p>Wydarzenie\u00a0<strong><a href=\"https:\/\/www.facebook.com\/betelpub\">Betel Klub<\/a><\/strong>\u00a0i\u00a0<strong><a href=\"https:\/\/www.facebook.com\/agata.kus.372\">Agaty Kus<\/a><\/strong><\/p>\n\n\n\n<p>Plac Szczepa\u0144ski 3, 31-011 Krak\u00f3w, <\/p>\n\n\n\n<p><\/p>\n\n\n\n<p>Wystawa kolekcji print\u00f3w prac Agaty Kus zwi\u0105zanych z zainicjowaniem dzia\u0142ania Towarzystwa Przyjaci\u00f3\u0142 Betelu.Swoje Towarzystwa maj\u0105 muzea, ogrody botaniczne maj\u0105, dzieci i ryby te\u017c maj\u0105.<br>Ju\u017c pora!B\u0119dziemy si\u0119 odznacza\u0107, honorowa\u0107, patronowa\u0107 i partnerowa\u0107.Albo nie.\u265e\u265e\u265eSpecjaln\u0105 edycj\u0119 unikatowych print\u00f3w przygotowa\u0142y dla nas KOLORY.B\u0119d\u0105 te\u017c fotografie i inne niespodzianki.<br>Otwarcie wystawy podczas urodzin Betelu, czyli ju\u017c w sobotni wiecz\u00f3r 29 czerwca!Agata Kus \u261b\u00a0<a rel=\"noreferrer noopener\" href=\"https:\/\/l.facebook.com\/l.php?u=https%3A%2F%2Fagatakus.pl%2F%3Ffbclid%3DIwZXh0bgNhZW0CMTAAAR1cK2fAJgSc8wUUEAhRDs5pqnPdjY-aQoZFocxwmZH9a2-mtXIYKKPdxKI_aem_rBSHWpL7EBS5EUud6M19Nw&amp;h=AT2shwZDh--ZzPdRBpdCyTazly-ZZFEo9Pqy6gOXMf-pvr_cS05sDIJbQ7iGnTdyUPiIWoABlEML9IoFMCiPgt6crAmZHQ5nj-dT3CDSG01Tu-c8JUJDQMKtcMlG-6IYE2HY&amp;__tn__=q&amp;c[0]=AT3FgpJVIWgJnL71HguJt0G-KKN8oYFYV55J5gzH5QZLZW45c3xvHK7WnyZ4gFi6Xqr7zN-QHdoZAo4vzsJ-0Lz0hizyW83BsCbHvsWfhsxnZZM587kvGqQ69tmdsrMNdBnbdbjoqIV88doeXYUmBjJiYKtrMMUAItGdJQ\" target=\"_blank\">https:\/\/agatakus.pl\/<\/a><br>KOLORY \u261b\u00a0<a rel=\"noreferrer noopener\" href=\"https:\/\/l.facebook.com\/l.php?u=https%3A%2F%2Fkolory.co%2F%3Ffbclid%3DIwZXh0bgNhZW0CMTAAAR2INE6-huz9Zzux5LiwVPlGaeydBWYMNlLYnjBeqN8kfHuAHy9YWldZOFM_aem_csPFEPNPj8RdK8o0SrRBtg&amp;h=AT2m3iWED7pZqotPKoZqCZdanloTWR0MKL5Gb4OJfyjFmBs3VKhR9dOVbLsejzhvc69WofpuOoYp4H0hco70tErkj9SKev1FSsFj5eZ0aGZB5PP0uwYiRXHlm-ytUf7p2I4w&amp;__tn__=q&amp;c[0]=AT3FgpJVIWgJnL71HguJt0G-KKN8oYFYV55J5gzH5QZLZW45c3xvHK7WnyZ4gFi6Xqr7zN-QHdoZAo4vzsJ-0Lz0hizyW83BsCbHvsWfhsxnZZM587kvGqQ69tmdsrMNdBnbdbjoqIV88doeXYUmBjJiYKtrMMUAItGdJQ\" target=\"_blank\">https:\/\/kolory.co\/<\/a><br>Urodziny Betelu + koncert Oberkas Travel \u261b\u00a0<a href=\"https:\/\/www.facebook.com\/events\/1207922946767574\/?__cft__[0]=AZWdXXWdlFShMUk0BtsLobhW_bKkz-N_8-TapiXYBQ8_yCQKB-SRSQ2T0o_fExk97Rwdnk1nlgR-xwe1q8_hOW3YZKWwMCwWsE3TSgUTl4445eXMU_9zk_7ZwafrbmEeEFGr3Z-lhCkjdqjyRuBIQbS3&amp;__tn__=q\">https:\/\/www.facebook.com\/events\/1207922946767574<\/a><\/p>\n","protected":false},"excerpt":{"rendered":"<p>Wydarzenie\u00a0Betel Klub\u00a0i\u00a0Agaty Kus Plac Szczepa\u0144ski 3, 31-011 Krak\u00f3w, Wystawa kolekcji print\u00f3w prac Agaty Kus zwi\u0105zanych z&hellip;<\/p>\n","protected":false},"author":1,"featured_media":2367,"comment_status":"closed","ping_status":"open","sticky":false,"template":"","format":"standard","meta":{"footnotes":""},"categories":[6,8],"tags":[],"class_list":["post-2366","post","type-post","status-publish","format-standard","has-post-thumbnail","hentry","category-events","category-news"],"_links":{"self":[{"href":"https:\/\/agatakus.pl\/index.php?rest_route=\/wp\/v2\/posts\/2366","targetHints":{"allow":["GET"]}}],"collection":[{"href":"https:\/\/agatakus.pl\/index.php?rest_route=\/wp\/v2\/posts"}],"about":[{"href":"https:\/\/agatakus.pl\/index.php?rest_route=\/wp\/v2\/types\/post"}],"author":[{"embeddable":true,"href":"https:\/\/agatakus.pl\/index.php?rest_route=\/wp\/v2\/users\/1"}],"replies":[{"embeddable":true,"href":"https:\/\/agatakus.pl\/index.php?rest_route=%2Fwp%2Fv2%2Fcomments&post=2366"}],"version-history":[{"count":1,"href":"https:\/\/agatakus.pl\/index.php?rest_route=\/wp\/v2\/posts\/2366\/revisions"}],"predecessor-version":[{"id":2368,"href":"https:\/\/agatakus.pl\/index.php?rest_route=\/wp\/v2\/posts\/2366\/revisions\/2368"}],"wp:featuredmedia":[{"embeddable":true,"href":"https:\/\/agatakus.pl\/index.php?rest_route=\/wp\/v2\/media\/2367"}],"wp:attachment":[{"href":"https:\/\/agatakus.pl\/index.php?rest_route=%2Fwp%2Fv2%2Fmedia&parent=2366"}],"wp:term":[{"taxonomy":"category","embeddable":true,"href":"https:\/\/agatakus.pl\/index.php?rest_route=%2Fwp%2Fv2%2Fcategories&post=2366"},{"taxonomy":"post_tag","embeddable":true,"href":"https:\/\/agatakus.pl\/index.php?rest_route=%2Fwp%2Fv2%2Ftags&post=2366"}],"curies":[{"name":"wp","href":"https:\/\/api.w.org\/{rel}","templated":true}]}}