{"id":2369,"date":"2023-11-11T13:45:00","date_gmt":"2023-11-11T12:45:00","guid":{"rendered":"https:\/\/agatakus.pl\/?p=2369"},"modified":"2024-10-31T13:49:27","modified_gmt":"2024-10-31T12:49:27","slug":"the-witch-na-okladce-white-nights-urszuli-honek-nominowane-do-bookera","status":"publish","type":"post","link":"https:\/\/agatakus.pl\/?p=2369","title":{"rendered":"The Witch na ok\u0142adce White Nights Urszuli Honek, nominowane do Bookera"},"content":{"rendered":"\n<p>A haunting series of 13 interconnected stories concerning the various tragedies and misfortunes that befall a group of people in a village in Poland\u2019s Beskid Mountains<\/p>\n\n\n\n<p>Whether you\u2019re new to\u00a0<a href=\"https:\/\/thebookerprizes.com\/the-booker-library\/books\/white-nights\"><em>White Nights<\/em><\/a>\u00a0or have read it and would like to explore it more deeply, here is our comprehensive guide, featuring insights from critics, our judges and the book\u2019s author and translator, as well as discussion points and suggestions for further reading&#8230;<\/p>\n\n\n\n<p><\/p>\n\n\n\n<p>czytaj wi\u0119cej na https:\/\/thebookerprizes.com\/the-booker-library\/features\/reading-guide-white-nights-by-urszula-honek<\/p>\n\n\n\n<p><\/p>\n\n\n\n<p><strong>Urszula Honek<\/strong>\u00a0(ur. 1987) \u2013 autorka tom\u00f3w poezji\u00a0<em>Sporysz<\/em>,\u00a0<em>Pod wezwaniem<\/em>\u00a0i\u00a0<em>Zimowanie\u00a0<\/em>oraz zbioru opowiada\u0144\u00a0<em>Bia\u0142e noce<\/em>. Publikowa\u0142a m.in. w \u201ePi\u015bmie\u201d, \u201eDwutygodniku\u201d i \u201eTygodniku Powszechnym\u201d. Laureatka Grand Prix Konkursu Poetyckiego im. Rainera Marii Rilkego, Nagrody Krakowa Miasta Literatury UNESCO, Nagrody im. Adama W\u0142odka oraz Nagrody im. Stanis\u0142awa Bara\u0144czaka w\u00a0ramach Pozna\u0144skiej Nagrody Literackiej. Za\u00a0<em>Bia\u0142e noce<\/em>\u00a0otrzyma\u0142a Nagrod\u0119 im. Ko\u015bcielskich i\u00a0Nagrod\u0119 Conrada oraz nominacje do Nagrody Bookera<strong>,\u00a0<\/strong>mi\u0119dzynarodowej nagrody Grand Continent 2022, Nagrody Literackiej im. Witolda Gombrowicza i\u00a0Paszportu \u201ePolityki\u201d.\u00a0\u00a0Pochodzi z\u00a0Rac\u0142awic ko\u0142o Gorlic.<br>\u00a0<\/p>\n","protected":false},"excerpt":{"rendered":"<p>A haunting series of 13 interconnected stories concerning the various tragedies and misfortunes that befall a&hellip;<\/p>\n","protected":false},"author":1,"featured_media":2370,"comment_status":"closed","ping_status":"open","sticky":false,"template":"","format":"standard","meta":{"footnotes":""},"categories":[6,8,14],"tags":[],"class_list":["post-2369","post","type-post","status-publish","format-standard","has-post-thumbnail","hentry","category-events","category-news","category-publications"],"_links":{"self":[{"href":"https:\/\/agatakus.pl\/index.php?rest_route=\/wp\/v2\/posts\/2369","targetHints":{"allow":["GET"]}}],"collection":[{"href":"https:\/\/agatakus.pl\/index.php?rest_route=\/wp\/v2\/posts"}],"about":[{"href":"https:\/\/agatakus.pl\/index.php?rest_route=\/wp\/v2\/types\/post"}],"author":[{"embeddable":true,"href":"https:\/\/agatakus.pl\/index.php?rest_route=\/wp\/v2\/users\/1"}],"replies":[{"embeddable":true,"href":"https:\/\/agatakus.pl\/index.php?rest_route=%2Fwp%2Fv2%2Fcomments&post=2369"}],"version-history":[{"count":1,"href":"https:\/\/agatakus.pl\/index.php?rest_route=\/wp\/v2\/posts\/2369\/revisions"}],"predecessor-version":[{"id":2371,"href":"https:\/\/agatakus.pl\/index.php?rest_route=\/wp\/v2\/posts\/2369\/revisions\/2371"}],"wp:featuredmedia":[{"embeddable":true,"href":"https:\/\/agatakus.pl\/index.php?rest_route=\/wp\/v2\/media\/2370"}],"wp:attachment":[{"href":"https:\/\/agatakus.pl\/index.php?rest_route=%2Fwp%2Fv2%2Fmedia&parent=2369"}],"wp:term":[{"taxonomy":"category","embeddable":true,"href":"https:\/\/agatakus.pl\/index.php?rest_route=%2Fwp%2Fv2%2Fcategories&post=2369"},{"taxonomy":"post_tag","embeddable":true,"href":"https:\/\/agatakus.pl\/index.php?rest_route=%2Fwp%2Fv2%2Ftags&post=2369"}],"curies":[{"name":"wp","href":"https:\/\/api.w.org\/{rel}","templated":true}]}}