{"id":2372,"date":"2023-08-01T13:51:00","date_gmt":"2023-08-01T11:51:00","guid":{"rendered":"https:\/\/agatakus.pl\/?p=2372"},"modified":"2024-10-31T13:54:56","modified_gmt":"2024-10-31T12:54:56","slug":"sztuka-to-ja-citilighty-krzysztofa-marchlaka-z-portretami-polskich-artystow","status":"publish","type":"post","link":"https:\/\/agatakus.pl\/?p=2372","title":{"rendered":"Sztuka to ja &#8211; citilighty Krzysztofa Marchlaka z portretami polskich artyst\u00f3w"},"content":{"rendered":"\n<p>&#8222;Krzysztof Marchlak. Sztuka to ja&#8221; czyli krakowskim szlakiem fotografii Krzysztofa Marchlaka wraz z lokalizacjami<img loading=\"lazy\" decoding=\"async\" height=\"16\" width=\"16\" alt=\"\ud83d\udccc\" src=\"https:\/\/static.xx.fbcdn.net\/images\/emoji.php\/v9\/tac\/1\/16\/1f4cc.png\"> Wystawa w przestrzeni miejskiej potrwa do 31.08.23.<\/p>\n\n\n\n<p>Kolejn\u0105 krakowsk\u0105 artystk\u0105, kt\u00f3rej portret z cyklu &#8222;Sztuka to ja&#8221; mo\u017cecie znale\u017a\u0107 w centrum Krakowa jest Agata Kus <img loading=\"lazy\" decoding=\"async\" height=\"16\" width=\"16\" alt=\"\ud83d\udc95\" src=\"https:\/\/static.xx.fbcdn.net\/images\/emoji.php\/v9\/t68\/1\/16\/1f495.png\">Agata Kus (ur. 1987) \u2013 absolwentka i doktor Akademii Sztuk Pi\u0119knych im. Jana Matejki w Krakowie. Zajmuje si\u0119 g\u0142\u00f3wnie malarstwem, rysunkiem, ceramik\u0105 i wideo. Jest laureatk\u0105 wielu nagr\u00f3d i stypendi\u00f3w, w tym zwyci\u0119\u017cczyni\u0105 Mi\u0119dzynarodowego Biennale Sztuki Medi\u00f3w WRO 2015 we Wroc\u0142awiu. Wsp\u00f3\u0142pracowa\u0142a z wieloma instytucjami i galeriami w Polsce, Austrii i Francji. Jej obrazy znajduj\u0105 si\u0119 mi\u0119dzy innymi w Kolekcji MOCAK-u, Muzeum Narodowym w Gda\u0144sku, Galerii Bunkier Sztuki, Kolekcji mBanku oraz w licznych kolekcjach prywatnych w Polsce i za granic\u0105. Jej nowe prace b\u0119dzie mo\u017cna zobaczy\u0107 we wrze\u015bniu na wystawie w Thomas Erben Gallery w Nowym Yorku.<img loading=\"lazy\" decoding=\"async\" height=\"16\" width=\"16\" alt=\"\ud83d\udd38\" src=\"https:\/\/static.xx.fbcdn.net\/images\/emoji.php\/v9\/t72\/1\/16\/1f538.png\"><a rel=\"noreferrer noopener\" href=\"https:\/\/l.facebook.com\/l.php?u=https%3A%2F%2Fagatakus.pl%2F%3Ffbclid%3DIwZXh0bgNhZW0CMTAAAR18VS03E3ApL22-KiyX4FYW-QIiPfLMcGiqMLHK-U6MQSADqIRxOgckvqw_aem_bhT0x0K8pQRshK-e6Xt7sw&amp;h=AT0RSMFNt3msJ3rxUVwPMxHU2VWN8BeDNtkiRU-qMo3dkWOFvLGsA3rI3uZywOI0VB78HZTMp-LqJ0Baq_fwQM6_-kvNvg0ODMh4gxmUZcxhb3eEIKEp3z0PQps5yDRa-7MZ&amp;__tn__=-UK-y-R&amp;c[0]=AT29pgj7BqBEa2RMeqgin1NzLXLxzV0Nb6Dl5rkqhEdsNC6jfukIidk57NqxhTU4mlNxdvRRwzNI8x_k6jRWZWClw1WX8i6XRUSmvBEFW6KpAEAFdWR0bEMYrB_6ic_KVid-ZADQKVCBBZScYudXN2m0j4K911csRHscI547e4QZgmHtl63yCqaCMGN3148VLMavoJFlL90AEo-9GmEm1ONi039GWXAe0vYytaS-Cjj7wAw\" target=\"_blank\">https:\/\/agatakus.pl\/<\/a>\/\/Another Krakow artist whose portrait in the series 'Art is Me&#8217; you can find in the center of Krakow is Agata Kus <img loading=\"lazy\" decoding=\"async\" height=\"16\" width=\"16\" alt=\"\ud83d\udc95\" src=\"https:\/\/static.xx.fbcdn.net\/images\/emoji.php\/v9\/t68\/1\/16\/1f495.png\">Agata Kus (b. 1987) \u2013 alumna of the Academy of Fine Arts in Krakow, PhD. She works mainly in painting, drawing, ceramics and video. She is the recipient of numerous awards and scholarships, and was the winner of the WRO 2015 International Media Art Biennale in Wroc\u0142aw. She has collaborated with many institutions and galleries in Poland, Austria and France. Her paintings can be found, among others, in the MOCAK Collection, the National Museum in Gda\u0144sk, the Bunkier Sztuki Gallery, the mBank Collection and in numerous private collections in Poland and abroad. Her new works will be on display in September at an exhibition at Thomas Erben Gallery in New York.<img loading=\"lazy\" decoding=\"async\" height=\"16\" width=\"16\" alt=\"\ud83d\udd38\" src=\"https:\/\/static.xx.fbcdn.net\/images\/emoji.php\/v9\/t72\/1\/16\/1f538.png\"><a rel=\"noreferrer noopener\" href=\"https:\/\/l.facebook.com\/l.php?u=https%3A%2F%2Fagatakus.pl%2F%3Ffbclid%3DIwZXh0bgNhZW0CMTAAAR026oj0Wk1YiEWrWkAOvhY-m6yZ7BILx9dlwwvhEDS5iqTzOJ12TzZFWOc_aem_ELYUX1VzKbUblReQBXmmRg&amp;h=AT0RSMFNt3msJ3rxUVwPMxHU2VWN8BeDNtkiRU-qMo3dkWOFvLGsA3rI3uZywOI0VB78HZTMp-LqJ0Baq_fwQM6_-kvNvg0ODMh4gxmUZcxhb3eEIKEp3z0PQps5yDRa-7MZ&amp;__tn__=-UK-y-R&amp;c[0]=AT29pgj7BqBEa2RMeqgin1NzLXLxzV0Nb6Dl5rkqhEdsNC6jfukIidk57NqxhTU4mlNxdvRRwzNI8x_k6jRWZWClw1WX8i6XRUSmvBEFW6KpAEAFdWR0bEMYrB_6ic_KVid-ZADQKVCBBZScYudXN2m0j4K911csRHscI547e4QZgmHtl63yCqaCMGN3148VLMavoJFlL90AEo-9GmEm1ONi039GWXAe0vYytaS-Cjj7wAw\" target=\"_blank\">https:\/\/agatakus.pl\/<\/a>_Wystawa realizowana jest w ramach Stypendium Tw\u00f3rczego Miasta Krakowa 2023 | The exhibition has been organised as part of Krakow Creative Scholarship 2023_Krzysztof Marchlak, portret Agaty Kus z cyklu &#8222;Sztuka to ja&#8221; | portrait of Agata Kus from the series &#8222;Art is Me&#8221;, 2023, courtesy K. Marchlak<\/p>\n","protected":false},"excerpt":{"rendered":"<p>&#8222;Krzysztof Marchlak. Sztuka to ja&#8221; czyli krakowskim szlakiem fotografii Krzysztofa Marchlaka wraz z lokalizacjami Wystawa w&hellip;<\/p>\n","protected":false},"author":1,"featured_media":2373,"comment_status":"closed","ping_status":"open","sticky":false,"template":"","format":"standard","meta":{"footnotes":""},"categories":[6,8],"tags":[],"class_list":["post-2372","post","type-post","status-publish","format-standard","has-post-thumbnail","hentry","category-events","category-news"],"_links":{"self":[{"href":"https:\/\/agatakus.pl\/index.php?rest_route=\/wp\/v2\/posts\/2372","targetHints":{"allow":["GET"]}}],"collection":[{"href":"https:\/\/agatakus.pl\/index.php?rest_route=\/wp\/v2\/posts"}],"about":[{"href":"https:\/\/agatakus.pl\/index.php?rest_route=\/wp\/v2\/types\/post"}],"author":[{"embeddable":true,"href":"https:\/\/agatakus.pl\/index.php?rest_route=\/wp\/v2\/users\/1"}],"replies":[{"embeddable":true,"href":"https:\/\/agatakus.pl\/index.php?rest_route=%2Fwp%2Fv2%2Fcomments&post=2372"}],"version-history":[{"count":1,"href":"https:\/\/agatakus.pl\/index.php?rest_route=\/wp\/v2\/posts\/2372\/revisions"}],"predecessor-version":[{"id":2374,"href":"https:\/\/agatakus.pl\/index.php?rest_route=\/wp\/v2\/posts\/2372\/revisions\/2374"}],"wp:featuredmedia":[{"embeddable":true,"href":"https:\/\/agatakus.pl\/index.php?rest_route=\/wp\/v2\/media\/2373"}],"wp:attachment":[{"href":"https:\/\/agatakus.pl\/index.php?rest_route=%2Fwp%2Fv2%2Fmedia&parent=2372"}],"wp:term":[{"taxonomy":"category","embeddable":true,"href":"https:\/\/agatakus.pl\/index.php?rest_route=%2Fwp%2Fv2%2Fcategories&post=2372"},{"taxonomy":"post_tag","embeddable":true,"href":"https:\/\/agatakus.pl\/index.php?rest_route=%2Fwp%2Fv2%2Ftags&post=2372"}],"curies":[{"name":"wp","href":"https:\/\/api.w.org\/{rel}","templated":true}]}}