{"id":2380,"date":"2024-11-22T12:56:00","date_gmt":"2024-11-22T11:56:00","guid":{"rendered":"https:\/\/agatakus.pl\/?p=2380"},"modified":"2025-10-10T13:05:24","modified_gmt":"2025-10-10T11:05:24","slug":"vanitas-vibes-w-bwa-krosno","status":"publish","type":"post","link":"https:\/\/agatakus.pl\/?p=2380","title":{"rendered":"VANITAS VIBES w BWA Krosno"},"content":{"rendered":"\n<p><strong>Wystawa: Vanitas Vibes<\/strong><\/p>\n\n\n\n<p><strong>Artystka: Agata Kus<\/strong><\/p>\n\n\n\n<p><strong>Kuratorka: Magdalena Ujma<\/strong><\/p>\n\n\n\n<p><strong>Czas trwania: 22 listopada 2024 &#8211; 12 stycznia 2025<\/strong><\/p>\n\n\n\n<p><strong>Wernisa\u017c: 22 listopada, godz. 18:00<\/strong><\/p>\n\n\n\n<p>Wystawa Agaty Kus w Kro\u015bnie jest powrotem do miasta, z kt\u00f3rego artystka pochodzi. Pojawiaj\u0105 si\u0119 na niej obrazy z ostatnich lat, po\u015bwi\u0119cone jej ulubionym tematom, powracaj\u0105cym jak refren w jej tw\u00f3rczo\u015bci. Jednym z nich jest \u201evanitas\u201d.<\/p>\n\n\n\n<p>Vanitas to stary termin, pochodz\u0105cy z \u0142aciny i popularny w historii sztuki. Oznacza \u201emarno\u015b\u0107\u201d i odwo\u0142uje si\u0119 do przemijalno\u015bci doczesnego \u017cycia, kt\u00f3ra polega na tym, \u017ce nawet najpi\u0119kniejsze kwiaty wi\u0119dn\u0105, a cia\u0142a si\u0119 starzej\u0105. Pozostaje tylko pami\u0119\u0107. Z tego egzystencjalnego odkrycia ludzie wyci\u0105gaj\u0105 przeciwstawne wnioski: pod\u0105\u017caj\u0105 albo w stron\u0119 zabawy \u2013 \u017ceby zabawi\u0107 si\u0119 na \u015bmier\u0107, albo ascezy \u2013 \u017ceby godnie przygotowa\u0107 si\u0119 do ko\u0144ca.<\/p>\n\n\n\n<p>Agata Kus pokazuje i jedno, i drugie: zatrzymuje si\u0119 przed ulotnymi stanami uniesie\u0144 na knajpianych imprezach, ale te\u017c widzi mozolne wysi\u0142ki zmierzaj\u0105ce do upi\u0119kszania cia\u0142a, na kt\u00f3rym nie wida\u0107 jeszcze \u015blad\u00f3w staro\u015bci, ale ta ju\u017c si\u0119 czai gdzie\u015b za rogiem. Przy tym nie ma w jej malarstwie nawet cienia moralistyki. Jest raczej poczucie cichej grozy czyhaj\u0105cej pod mieni\u0105c\u0105 si\u0119 barwami powierzchni\u0105 tego \u015bwiata. Pokazuje malownicz\u0105 przyrod\u0119, ale nad wszystkim wisi z\u0142owieszcze s\u0142o\u0144ce koloru indygo.<\/p>\n\n\n\n<p>\u201eVibes\u201d w tytule jej wystawy oznacza pewn\u0105 atmosfer\u0119, kt\u00f3r\u0105 mo\u017cna wyczu\u0107 nawet si\u0119 nad ni\u0105 nie zastanawiaj\u0105c. Nie pozostaje nam nic innego, jak wej\u015b\u0107 w jej \u015bwiat.<\/p>\n\n\n\n<p>*<\/p>\n\n\n\n<p>Agata Kus (ur. 1987) \u2013 malarka i rysowniczka, zajmuje si\u0119 tak\u017ce ceramik\u0105 i wideo. Studiowa\u0142a na ASP w Krakowie, w tym mie\u015bcie mieszka i pracuje. Jedna z najbardziej znanych i rozpoznawalnych artystek na polskiej scenie artystycznej. Jest laureatk\u0105 wielu nagr\u00f3d i stypendi\u00f3w, w tym zwyci\u0119\u017cczyni\u0105 Mi\u0119dzynarodowego Biennale Sztuki Medi\u00f3w WRO 2015 we Wroc\u0142awiu. W 2017 zosta\u0142a nominowana do Nagrody \u201eSpojrzenia\u201d Deutsche Banku i Zach\u0119ty. W latach 2011 i 2018 by\u0142a nominowana do stypendium szwajcarskiej Fundacji Vordemberge-Gildewart. W 2021 zaj\u0119\u0142a 1. miejsce w rankingu Kompas M\u0142odej Sztuki. Jest tak\u017ce laureatk\u0105 Nagrody im. Kazimierza Ostrowskiego za rok 2024. Jej obrazy znajduj\u0105 si\u0119 w najwa\u017cniejszych kolekcjach sztuki wsp\u00f3\u0142czesnej, jak np. w kolekcji krakowskiego MOCAK-u, Muzeum Narodowego w Gda\u0144sku czy te\u017c mBanku oraz w licznych kolekcjach prywatnych w Polsce i zagranic\u0105.<\/p>\n\n\n\n<p><\/p>\n\n\n\n<p><a href=\"\/galerie-624-agata_kus_vanitas_vibes_wernisaz.html\" target=\"_blank\" rel=\"noreferrer noopener\">Agata Kus &#8222;Vanitas Vibes&#8221; &#8211; wernisa\u017c<\/a><\/p>\n","protected":false},"excerpt":{"rendered":"<p>Wystawa: Vanitas Vibes Artystka: Agata Kus Kuratorka: Magdalena Ujma Czas trwania: 22 listopada 2024 &#8211; 12&hellip;<\/p>\n","protected":false},"author":1,"featured_media":2381,"comment_status":"closed","ping_status":"open","sticky":false,"template":"","format":"standard","meta":{"footnotes":""},"categories":[6,8],"tags":[],"class_list":["post-2380","post","type-post","status-publish","format-standard","has-post-thumbnail","hentry","category-events","category-news"],"_links":{"self":[{"href":"https:\/\/agatakus.pl\/index.php?rest_route=\/wp\/v2\/posts\/2380","targetHints":{"allow":["GET"]}}],"collection":[{"href":"https:\/\/agatakus.pl\/index.php?rest_route=\/wp\/v2\/posts"}],"about":[{"href":"https:\/\/agatakus.pl\/index.php?rest_route=\/wp\/v2\/types\/post"}],"author":[{"embeddable":true,"href":"https:\/\/agatakus.pl\/index.php?rest_route=\/wp\/v2\/users\/1"}],"replies":[{"embeddable":true,"href":"https:\/\/agatakus.pl\/index.php?rest_route=%2Fwp%2Fv2%2Fcomments&post=2380"}],"version-history":[{"count":1,"href":"https:\/\/agatakus.pl\/index.php?rest_route=\/wp\/v2\/posts\/2380\/revisions"}],"predecessor-version":[{"id":2382,"href":"https:\/\/agatakus.pl\/index.php?rest_route=\/wp\/v2\/posts\/2380\/revisions\/2382"}],"wp:featuredmedia":[{"embeddable":true,"href":"https:\/\/agatakus.pl\/index.php?rest_route=\/wp\/v2\/media\/2381"}],"wp:attachment":[{"href":"https:\/\/agatakus.pl\/index.php?rest_route=%2Fwp%2Fv2%2Fmedia&parent=2380"}],"wp:term":[{"taxonomy":"category","embeddable":true,"href":"https:\/\/agatakus.pl\/index.php?rest_route=%2Fwp%2Fv2%2Fcategories&post=2380"},{"taxonomy":"post_tag","embeddable":true,"href":"https:\/\/agatakus.pl\/index.php?rest_route=%2Fwp%2Fv2%2Ftags&post=2380"}],"curies":[{"name":"wp","href":"https:\/\/api.w.org\/{rel}","templated":true}]}}