{"id":2409,"date":"2025-05-17T14:00:00","date_gmt":"2025-05-17T12:00:00","guid":{"rendered":"https:\/\/agatakus.pl\/?p=2409"},"modified":"2025-10-10T14:01:58","modified_gmt":"2025-10-10T12:01:58","slug":"1995-chaos-i-bezruch-bwa-ostrowiec-swietokrzyski","status":"publish","type":"post","link":"https:\/\/agatakus.pl\/?p=2409","title":{"rendered":"1995 \u2013 Chaos i bezruch, BWA Ostrowiec \u015awi\u0119tokrzyski"},"content":{"rendered":"\n<h3 class=\"wp-block-heading\">1995 \u2013 Chaos i bezruch<br><br>Kurator: Pawe\u0142 Witkowski<br>17 maja &#8211; 11 lipca 2025<br>BWA Ostrowiec \u015awi\u0119tokrzyski<br><img decoding=\"async\" width=\"270\" src=\"https:\/\/mcswelektrownia.pl\/files\/freestyle\/belka_22.png\" alt=\"\"><\/h3>\n\n\n\n<p>Wystawa \u201e1995 \u2013 Chaos i Bezruch\u201d to opowie\u015b\u0107 o okresie przej\u015bciowym \u2013 roku, w kt\u00f3rym narodzi\u0142o si\u0119 BWA w Ostrowcu \u015awi\u0119tokrzyskim, a Polska przechodzi\u0142a g\u0142\u0119bokie przemiany polityczne, spo\u0142eczne i kulturowe. To wtedy, w cieniu transformacji ustrojowej, rodzi\u0142y si\u0119 nowe j\u0119zyki artystyczne, a sztuka zyskiwa\u0142a coraz wi\u0119ksz\u0105 swobod\u0119 wyrazu i nowe pola znacze\u0144.<br><br>Jubileuszowa wystawa z okazji 30-lecia BWA w Ostrowcu \u015awi\u0119tokrzyskim stanowi doskona\u0142\u0105 okazj\u0119 do zaprezentowania bogactwa zbior\u00f3w, kt\u00f3re od 2007 roku gromadzi Mazowieckie Centrum Sztuki Wsp\u00f3\u0142czesnej Elektrownia w Radomiu. Ekspozycja umo\u017cliwi szerokiej publiczno\u015bci kontakt z najcenniejszymi dzie\u0142ami \u2013 fundamentem tej kolekcji.<br><br>Prezentowane prace s\u0105 tylko wizyt\u00f3wk\u0105 Mazowieckiego Centrum Sztuki Wsp\u00f3\u0142czesnej Elektrownia w Radomiu, ale r\u00f3wnie\u017c \u015bwiadectwem artystycznego dorobku 30 polskich artystek i artyst\u00f3w wsp\u00f3\u0142czesnych. W\u015br\u00f3d eksponat\u00f3w znajd\u0105 si\u0119 zar\u00f3wno dzie\u0142a uznanych tw\u00f3rc\u00f3w i tw\u00f3rczy\u0144, kt\u00f3rzy wyznaczali nowe \u015bcie\u017cki w sztuce, jak i przedstawicieli m\u0142odszego pokolenia. Ta r\u00f3\u017cnorodna prezentacja jest podr\u00f3\u017c\u0105 przez style, techniki i tematy \u2013 od klasyki po nowoczesno\u015b\u0107, od malarstwa po rze\u017ab\u0119 i fotografi\u0119. Tytu\u0142 1995 jest symbolicznym punktem na osi czasu polskiej sztuki i po\u0142\u0105czeniem tego, co by\u0142o przed, i tego, co wydarzy\u0142o si\u0119 po tej dacie w polskiej sztuce.<br><br>Punktem wyj\u015bcia i jednocze\u015bnie inspiracj\u0105 dla tytu\u0142u wystawy jest praca Jadwigi Sawickiej Chaos i bezruch (1995). Obraz nale\u017cy do grona jej charakterystycznych prac z tekstem. Realizacje artystki s\u0105 reakcj\u0105 na opresyjny \u015bwiat hase\u0142 i produkt\u00f3w popkultury. S\u0105 nieustaj\u0105co aktualne.<br>Wystawa nie ma charakteru linearanej opowie\u015bci \u2013 nie prowadzi przez daty ani rozdzia\u0142y, nie podsuwa gotowych interpretacji. Zamiast tego zaprasza do wej\u015bcia w rytm obraz\u00f3w, napi\u0119\u0107 i skojarze\u0144. Dzie\u0142a zosta\u0142y zestawione intuicyjnie \u2013 wed\u0142ug energii, kontrast\u00f3w, nastroj\u00f3w i wewn\u0119trznych dialog\u00f3w, kt\u00f3re tocz\u0105 si\u0119 mi\u0119dzy nimi. Niekt\u00f3re prace rezonuj\u0105 ze sob\u0105 barw\u0105, inne form\u0105 lub emocj\u0105. S\u0105 tu zestawienia ciche i gwa\u0142towne, przewrotne i melancholijne, kt\u00f3re nie wymagaj\u0105 kontekstu \u2013 tylko uwa\u017cno\u015bci.<br><br>Zapraszamy do odkrywania tych wa\u017cnych dzie\u0142, do refleksji nad tym, jak sztuka odzwierciedla zmieniaj\u0105ce si\u0119 spo\u0142ecze\u0144stwo i jak wp\u0142ywa na nasze \u017cycie. Ka\u017cdy z obiekt\u00f3w to nie tylko obraz czy rze\u017aba \u2013 to \u015bwiadek historii, emocji i tw\u00f3rczych idei, kt\u00f3re mog\u0105 inspirowa\u0107 i pobudza\u0107 wyobra\u017ani\u0119.<br><br><strong>Artystki i arty\u015bci: Sylwester Ambroziak, Miros\u0142aw Ba\u0142ka, Anna Baumgart, Marcin Berdyszak, Tomasz Ciecierski, Martyna Czech, Dawid Czycz, Norbert Delman, Marta Deskur, Ryszard Grzyb, Marek Kijewski, Katarzyna Kuku\u0142a, Piotr Kurka, Agata Kus, Pawe\u0142 Kowalewski, Natalia Lach-Lachowicz, Piotr Luty\u0144ski, Marcin Maciejowki, Aldona Mickiewicz, W\u0142odzimierz Pawlak, Jadwiga Sawicka, Pawe\u0142 Susid, Marek Szcz\u0119sny, Leon Tarasewicz, Tomasz Tatarczyk, Dariusz Vasina, Zbigniew Warpechowski, Marcin Zawicki, Rajmund Ziemski<\/strong><\/p>\n\n\n\n<p><strong>BWA Ostrowiec \u015awi\u0119tokrzyski<br>ul. Siennie\u0144ska 54, 27-400 Ostrowiec \u015awi\u0119tokrzyski<br><a href=\"http:\/\/www.bwa.ostrowiec.pl\/\">www.bwa.ostrowiec.pl<\/a><\/strong><\/p>\n","protected":false},"excerpt":{"rendered":"<p>1995 \u2013 Chaos i bezruch Kurator: Pawe\u0142 Witkowski17 maja &#8211; 11 lipca 2025BWA Ostrowiec \u015awi\u0119tokrzyski Wystawa&hellip;<\/p>\n","protected":false},"author":1,"featured_media":2410,"comment_status":"closed","ping_status":"open","sticky":false,"template":"","format":"standard","meta":{"footnotes":""},"categories":[6,8],"tags":[],"class_list":["post-2409","post","type-post","status-publish","format-standard","has-post-thumbnail","hentry","category-events","category-news"],"_links":{"self":[{"href":"https:\/\/agatakus.pl\/index.php?rest_route=\/wp\/v2\/posts\/2409","targetHints":{"allow":["GET"]}}],"collection":[{"href":"https:\/\/agatakus.pl\/index.php?rest_route=\/wp\/v2\/posts"}],"about":[{"href":"https:\/\/agatakus.pl\/index.php?rest_route=\/wp\/v2\/types\/post"}],"author":[{"embeddable":true,"href":"https:\/\/agatakus.pl\/index.php?rest_route=\/wp\/v2\/users\/1"}],"replies":[{"embeddable":true,"href":"https:\/\/agatakus.pl\/index.php?rest_route=%2Fwp%2Fv2%2Fcomments&post=2409"}],"version-history":[{"count":1,"href":"https:\/\/agatakus.pl\/index.php?rest_route=\/wp\/v2\/posts\/2409\/revisions"}],"predecessor-version":[{"id":2411,"href":"https:\/\/agatakus.pl\/index.php?rest_route=\/wp\/v2\/posts\/2409\/revisions\/2411"}],"wp:featuredmedia":[{"embeddable":true,"href":"https:\/\/agatakus.pl\/index.php?rest_route=\/wp\/v2\/media\/2410"}],"wp:attachment":[{"href":"https:\/\/agatakus.pl\/index.php?rest_route=%2Fwp%2Fv2%2Fmedia&parent=2409"}],"wp:term":[{"taxonomy":"category","embeddable":true,"href":"https:\/\/agatakus.pl\/index.php?rest_route=%2Fwp%2Fv2%2Fcategories&post=2409"},{"taxonomy":"post_tag","embeddable":true,"href":"https:\/\/agatakus.pl\/index.php?rest_route=%2Fwp%2Fv2%2Ftags&post=2409"}],"curies":[{"name":"wp","href":"https:\/\/api.w.org\/{rel}","templated":true}]}}