{"id":2412,"date":"2025-04-25T14:05:00","date_gmt":"2025-04-25T12:05:00","guid":{"rendered":"https:\/\/agatakus.pl\/?p=2412"},"modified":"2025-10-10T14:10:41","modified_gmt":"2025-10-10T12:10:41","slug":"y-palac-sztuki-krakers-2025","status":"publish","type":"post","link":"https:\/\/agatakus.pl\/?p=2412","title":{"rendered":"&#8222;Y&#8221;- Pa\u0142ac Sztuki, KRAKERS 2025"},"content":{"rendered":"\n<p>,,y&#8221;<\/p>\n\n\n\n<p><br><img loading=\"lazy\" decoding=\"async\" height=\"16\" width=\"16\" alt=\"\ud83c\udfdb\" src=\"https:\/\/static.xx.fbcdn.net\/images\/emoji.php\/v9\/t89\/1\/16\/1f3db.png\">\u00a0Pa\u0142ac Sztuki, Plac Szczepa\u0144ski 4<img loading=\"lazy\" decoding=\"async\" height=\"16\" width=\"16\" alt=\"\ud83d\udddd\" src=\"https:\/\/static.xx.fbcdn.net\/images\/emoji.php\/v9\/td\/1\/16\/1f5dd.png\">\u00a0wernisa\u017c: 24.04 \u2013 19:00 (wst\u0119p wolny | oficjalne otwarcie Cracow Art Week KRAKERS 2025)<img loading=\"lazy\" decoding=\"async\" height=\"16\" width=\"16\" alt=\"\ud83d\uddbc\" src=\"https:\/\/static.xx.fbcdn.net\/images\/emoji.php\/v9\/t4e\/1\/16\/1f5bc.png\">\u00a0w dniach 25.04-12.05 wystawa b\u0119dzie czynna:<br>wtorek-niedziela \u2013 10:00-18.00 | poniedzia\u0142ek \u2013 nieczynne<br>(bilet normalny: 20 z\u0142 | ulgowe: 10-15 z\u0142)<\/p>\n\n\n\n<p>\u00a0osoba kuratorska: Kamil Kuitkowski<\/p>\n\n\n\n<p>\u00a0osoby artystyczne: Kacper Broniszewski, Konrad Guba\u0142a, Karolina Jarz\u0119bak, Wiktoria Kieniksman, Jan Kuku\u0142ka, Agata Kus, Edyta Olszewska, Patrycja Pi\u0119tka, Agata Polak, Pawe\u0142 Sobczak, \u0141ukasz Surowiec, Miko\u0142aj Starowieyski, Jakub Julian Zi\u00f3\u0142kowski<\/p>\n\n\n\n<p><br>W jednym z typowo pretensjonalnych program\u00f3w o sztuce z lat 90., filmie Obraz Ko\u0144ca \u015awiata, Franciszek Starowieyski przywo\u0142uje sw\u00f3j powracaj\u0105cy od 1945 roku sen: \u201eWchodz\u0119 do domu, kt\u00f3ry jest ju\u017c tylko duchem domu (&#8230;) W tym domu nie ma skrzypni\u0119\u0107, trzask\u00f3w, szmer\u00f3w, kt\u00f3re s\u0105 przecie\u017c oddechem \u017cywego domu. Ani nie ma zapach\u00f3w, cho\u0107by nawet najzwyklejszych: drewna, tynku, dymu. Jest opuszczony, nie zachowa\u0142y si\u0119 nawet \u015blady tych, kt\u00f3rzy go opu\u015bcili. Pusto, jakby w moim \u015bnie pozosta\u0142o tylko znaczenie domu. (&#8230;) Patrz\u0119 tam, gdzie chcia\u0142em dotrze\u0107 \u2013 na pi\u0119tro, pod dach \u2013 ale dachu nie ma. Jest pustka nieba (&#8230;) i w tym kadrze otwartego nad do\u0142em dachu jawi si\u0119 obraz \u015bwiata po jego ko\u0144cu.\u201dWaga tego koszmaru dla Starowieyskiego wydaje si\u0119 szczeg\u00f3lnie interesuj\u0105ca, gdy czyta si\u0119 go nie tyle w kontek\u015bcie jego tw\u00f3rczo\u015bci, ile wobec przestrzeni jego \u017cycia. Straszno\u015b\u0107 \u201edomu b\u0119d\u0105cego ju\u017c tylko znaczeniem domu\u201d rodzi si\u0119 w opozycji do mieszkania-pracowni Starowieyskiego \u2013 tworzonej z kolekcji przedmiot\u00f3w z r\u00f3\u017cnych epok, zabytkowych mebli, dziwnych artefakt\u00f3w, ko\u015bci i czaszek. Ta kunstkamera buduje obraz typowej heterotopii, kt\u00f3ra \u2013 jak m\u00f3wi\u0142 Foucault \u2013 jest: \u201eczym\u015b w rodzaju kontr-miejsc (contre-emplacements), rodzajem efektywnie odgrywanej utopii, w kt\u00f3rej wszystkie inne rzeczywiste miejsca (emplacements), jakie mo\u017cna znale\u017a\u0107 w ramach kultury, s\u0105 jednocze\u015bnie reprezentowane, kontestowane i odwracane.\u201dWizualne otoczenia uformowane przez Starowieyskiego mo\u017cna czyta\u0107 zar\u00f3wno jako niemal\u017ce \u201edragow\u0105\u201d pr\u00f3b\u0119 powrotu do utraconego, jak i swoisty dandyzm \u2013 pozwalaj\u0105cy odcina\u0107 si\u0119 od rzeczywisto\u015bci i daj\u0105cy pole do nieustannego konstruowania to\u017csamo\u015bci na w\u0142asnych, unikatowych warunkach. Po 1945 roku nie tylko \u015bwiat radykalnie si\u0119 przekszta\u0142ci\u0142, ale tak\u017ce w Polsce znikn\u0119\u0142a klasa spo\u0142eczna, z kt\u00f3rej Starowieyski pochodzi\u0142. W tej wyrwie po arystokracji mog\u0142y rozgo\u015bci\u0107 si\u0119 wszystkie inne formy spo\u0142eczne i estetyczne. Tak zrodzi\u0142y si\u0119 zupe\u0142nie nowe gabinety osobliwo\u015bci.(\u015ar\u00f3d)wystawa y wyrasta z jednego z nich. Sw\u00f3j tytu\u0142 wyprowadza z charakterystycznej litery w nazwisku artysty \u2013 \u201ey\u201d \u2013 kt\u00f3ra ju\u017c na tym poziomie sytuuje go gdzie\u015b pomi\u0119dzy: obecnym a minionym, zwyk\u0142ym a niezwyk\u0142ym. Prace zaproszonych os\u00f3b artystycznych niejako infekuj\u0105 i wplataj\u0105 si\u0119 w struktur\u0119 przedmiot\u00f3w zgromadzonych przez Starowieyskiego. Pozornie wydaj\u0105 si\u0119 by\u0107 sta\u0142ym elementem zbioru, jednak poprzez swoje mniej lub bardziej wyra\u017ane niedopasowanie, indywidualne rysy, ujawniaj\u0105 performatywno\u015b\u0107 ca\u0142ej struktury. Performatywno\u015b\u0107 nieustannie aktualizowan\u0105 \u2013 dzi\u0119ki kt\u00f3rej gesty trzynastu os\u00f3b artystycznych niejako pod\u0105\u017caj\u0105 razem z gestami Starowieyskiego, reaguj\u0105c na w\u0142asne i wsp\u00f3\u0142czesne, ma\u0142e i wielkie apokalipsy.<\/p>\n\n\n\n<figure class=\"wp-block-image size-large\"><img loading=\"lazy\" decoding=\"async\" width=\"1024\" height=\"768\" src=\"https:\/\/agatakus.pl\/wp-content\/uploads\/2025\/10\/494741404_10227224992642972_6381098952619105422_n-1024x768.jpg\" alt=\"\" class=\"wp-image-2415\" srcset=\"https:\/\/agatakus.pl\/wp-content\/uploads\/2025\/10\/494741404_10227224992642972_6381098952619105422_n-1024x768.jpg 1024w, https:\/\/agatakus.pl\/wp-content\/uploads\/2025\/10\/494741404_10227224992642972_6381098952619105422_n-300x225.jpg 300w, https:\/\/agatakus.pl\/wp-content\/uploads\/2025\/10\/494741404_10227224992642972_6381098952619105422_n-1536x1152.jpg 1536w, https:\/\/agatakus.pl\/wp-content\/uploads\/2025\/10\/494741404_10227224992642972_6381098952619105422_n.jpg 2048w\" sizes=\"auto, (max-width: 1024px) 100vw, 1024px\" \/><\/figure>\n","protected":false},"excerpt":{"rendered":"<p>,,y&#8221; \u00a0Pa\u0142ac Sztuki, Plac Szczepa\u0144ski 4\u00a0wernisa\u017c: 24.04 \u2013 19:00 (wst\u0119p wolny | oficjalne otwarcie Cracow Art&hellip;<\/p>\n","protected":false},"author":1,"featured_media":2413,"comment_status":"closed","ping_status":"open","sticky":false,"template":"","format":"standard","meta":{"footnotes":""},"categories":[6,8],"tags":[],"class_list":["post-2412","post","type-post","status-publish","format-standard","has-post-thumbnail","hentry","category-events","category-news"],"_links":{"self":[{"href":"https:\/\/agatakus.pl\/index.php?rest_route=\/wp\/v2\/posts\/2412","targetHints":{"allow":["GET"]}}],"collection":[{"href":"https:\/\/agatakus.pl\/index.php?rest_route=\/wp\/v2\/posts"}],"about":[{"href":"https:\/\/agatakus.pl\/index.php?rest_route=\/wp\/v2\/types\/post"}],"author":[{"embeddable":true,"href":"https:\/\/agatakus.pl\/index.php?rest_route=\/wp\/v2\/users\/1"}],"replies":[{"embeddable":true,"href":"https:\/\/agatakus.pl\/index.php?rest_route=%2Fwp%2Fv2%2Fcomments&post=2412"}],"version-history":[{"count":2,"href":"https:\/\/agatakus.pl\/index.php?rest_route=\/wp\/v2\/posts\/2412\/revisions"}],"predecessor-version":[{"id":2416,"href":"https:\/\/agatakus.pl\/index.php?rest_route=\/wp\/v2\/posts\/2412\/revisions\/2416"}],"wp:featuredmedia":[{"embeddable":true,"href":"https:\/\/agatakus.pl\/index.php?rest_route=\/wp\/v2\/media\/2413"}],"wp:attachment":[{"href":"https:\/\/agatakus.pl\/index.php?rest_route=%2Fwp%2Fv2%2Fmedia&parent=2412"}],"wp:term":[{"taxonomy":"category","embeddable":true,"href":"https:\/\/agatakus.pl\/index.php?rest_route=%2Fwp%2Fv2%2Fcategories&post=2412"},{"taxonomy":"post_tag","embeddable":true,"href":"https:\/\/agatakus.pl\/index.php?rest_route=%2Fwp%2Fv2%2Ftags&post=2412"}],"curies":[{"name":"wp","href":"https:\/\/api.w.org\/{rel}","templated":true}]}}