{"id":2433,"date":"2025-04-24T16:11:11","date_gmt":"2025-04-24T14:11:11","guid":{"rendered":"https:\/\/agatakus.pl\/?p=2433"},"modified":"2025-10-10T16:14:29","modified_gmt":"2025-10-10T14:14:29","slug":"nostalgia-poszukiwacze-gasnacych-gwiazd-mocak","status":"publish","type":"post","link":"https:\/\/agatakus.pl\/?p=2433","title":{"rendered":"\u201eNostalgia. Poszukiwacze gasn\u0105cych gwiazd&#8221; MOCAK"},"content":{"rendered":"\n<p>\/\/ for English please scroll down \u2193<\/p>\n\n\n\n<p><img loading=\"lazy\" decoding=\"async\" height=\"16\" width=\"16\" alt=\"\u25fe\" src=\"https:\/\/static.xx.fbcdn.net\/images\/emoji.php\/v9\/t6b\/1\/16\/25fe.png\">&nbsp;Wystawa: \u201eNostalgia. Poszukiwacze gasn\u0105cych gwiazd&#8221;<br><img loading=\"lazy\" decoding=\"async\" height=\"16\" width=\"16\" alt=\"\u25fe\" src=\"https:\/\/static.xx.fbcdn.net\/images\/emoji.php\/v9\/t6b\/1\/16\/25fe.png\">&nbsp;Osoby artystyczne: Marta Antoniak, Martyna Borowiecka, Dawid Czycz, Krzysztof Gil, Marcin Janusz, Natalia Kopytko, Tomasz Kulka, Agata Kus, Aleksandra Liput, Micha\u0142 Myszkowski, Justyna M\u0119drala, Aleksandra Nenko, Pawe\u0142 Olszczy\u0144ski, Patrycja Pi\u0119tka, Zuzanna Roma\u0144ska, Wojciech Ireneusz Sobczyk, Patryk Staruch, Paulina Stasik, \u0141ukasz Stok\u0142osa, Zuzanna Szary, Mateusz Szczypi\u0144ski, Katarzyna Wyszkowska<br><img loading=\"lazy\" decoding=\"async\" height=\"16\" width=\"16\" alt=\"\u25fe\" src=\"https:\/\/static.xx.fbcdn.net\/images\/emoji.php\/v9\/t6b\/1\/16\/25fe.png\">&nbsp;Wernisa\u017c: 24.4.2025, godz. 18<br><img loading=\"lazy\" decoding=\"async\" height=\"16\" width=\"16\" alt=\"\u25fe\" src=\"https:\/\/static.xx.fbcdn.net\/images\/emoji.php\/v9\/t6b\/1\/16\/25fe.png\">&nbsp;Data wystawy: 25.4.2025 &#8211; 14.9.2025<br><img loading=\"lazy\" decoding=\"async\" height=\"16\" width=\"16\" alt=\"\u25fe\" src=\"https:\/\/static.xx.fbcdn.net\/images\/emoji.php\/v9\/t6b\/1\/16\/25fe.png\">&nbsp;Kuratorki: Miros\u0142awa Ba\u0142azy, Martyna Sobczyk<br><img loading=\"lazy\" decoding=\"async\" height=\"16\" width=\"16\" alt=\"\u25fe\" src=\"https:\/\/static.xx.fbcdn.net\/images\/emoji.php\/v9\/t6b\/1\/16\/25fe.png\">&nbsp;Koordynatorka: Aleksandra \u017belichowska<br><img loading=\"lazy\" decoding=\"async\" height=\"16\" width=\"16\" alt=\"\u25fe\" src=\"https:\/\/static.xx.fbcdn.net\/images\/emoji.php\/v9\/t6b\/1\/16\/25fe.png\">&nbsp;Miejsce: Poziom O<\/p>\n\n\n\n<p>Nostalgia, jako uczucie straty, w swojej refleksyjnej wersji wyra\u017ca si\u0119 w ambiwalentnej emocji rozpadaj\u0105cej si\u0119 na t\u0119sknot\u0119 i poczucie przynale\u017cno\u015bci. Prezentowane malarstwo, instalacje i rze\u017aby 22 os\u00f3b artystycznych zwi\u0105zanych z Krakowem powsta\u0142y jako pr\u00f3ba stworzenia schronienia dla wspomnie\u0144 i s\u0105 reminiscencjami z okresu dzieci\u0119cego, kt\u00f3re mog\u0105 dawa\u0107 ukojenie. Wystawa to podr\u00f3\u017c do czas\u00f3w beztroski, gdy wyobra\u017ani\u0119 tworzyli Kr\u00f3l Lew i Bouli, r\u00f3wnie prawdziwi jak widok podw\u00f3rka czy szkolny korytarz.<\/p>\n\n\n\n<p>\/\/<\/p>\n\n\n\n<p><img loading=\"lazy\" decoding=\"async\" height=\"16\" width=\"16\" alt=\"\u25fe\" src=\"https:\/\/static.xx.fbcdn.net\/images\/emoji.php\/v9\/t6b\/1\/16\/25fe.png\">&nbsp;Exhibition: 'Nostalgia: Seekers of Fading Stars&#8217;<br><img loading=\"lazy\" decoding=\"async\" height=\"16\" width=\"16\" alt=\"\u25fe\" src=\"https:\/\/static.xx.fbcdn.net\/images\/emoji.php\/v9\/t6b\/1\/16\/25fe.png\">&nbsp;Artists: Marta Antoniak, Martyna Borowiecka, Dawid Czycz, Krzysztof Gil, Marcin Janusz, Natalia Kopytko, Tomasz Kulka, Agata Kus, Aleksandra Liput, Justyna M\u0119drala, Micha\u0142 Myszkowski, Ola Nenko, Pawe\u0142 Olszczy\u0144ski, Patrycja Pi\u0119tka, Zuzanna Roma\u0144ska, Wojciech Ireneusz Sobczyk, Patryk Staruch, Paulina Stasik, \u0141ukasz Stok\u0142osa, Zuzanna Szary, Mateusz Szczypi\u0144ski, Katarzyna Wyszkowska<br><img loading=\"lazy\" decoding=\"async\" height=\"16\" width=\"16\" alt=\"\u25fe\" src=\"https:\/\/static.xx.fbcdn.net\/images\/emoji.php\/v9\/t6b\/1\/16\/25fe.png\">&nbsp;Opening date: 24.4.2025, 6 pm<br><img loading=\"lazy\" decoding=\"async\" height=\"16\" width=\"16\" alt=\"\u25fe\" src=\"https:\/\/static.xx.fbcdn.net\/images\/emoji.php\/v9\/t6b\/1\/16\/25fe.png\">&nbsp;Exhibition date: 25.4.2025 &#8211; 14.9.2025<br><img loading=\"lazy\" decoding=\"async\" height=\"16\" width=\"16\" alt=\"\u25fe\" src=\"https:\/\/static.xx.fbcdn.net\/images\/emoji.php\/v9\/t6b\/1\/16\/25fe.png\">&nbsp;Curators: Miros\u0142awa Ba\u0142azy, Martyna Sobczyk<br><img loading=\"lazy\" decoding=\"async\" height=\"16\" width=\"16\" alt=\"\u25fe\" src=\"https:\/\/static.xx.fbcdn.net\/images\/emoji.php\/v9\/t6b\/1\/16\/25fe.png\">&nbsp;Co-ordinator: Aleksandra \u017belichowska<br><img loading=\"lazy\" decoding=\"async\" height=\"16\" width=\"16\" alt=\"\u25fe\" src=\"https:\/\/static.xx.fbcdn.net\/images\/emoji.php\/v9\/t6b\/1\/16\/25fe.png\">&nbsp;Venue: Level O<\/p>\n\n\n\n<p>Nostalgia, a feeling of loss, in its reflective manifestation is expressed as an ambivalent emotion, splintering into a sense of longing and a sense of belonging. The paintings, installations and sculptures presented by 22 artists associated with Krak\u00f3w were an attempt to create a refuge for memories; they bring reminiscences from childhood that can offer solace. The exhibition is a journey to a carefree time, when imagination was created by the Lion King and Bouli \u2013 just as real as the view of the backyard or the school corridor.<\/p>\n\n\n\n<p>___________<\/p>\n\n\n\n<p>Patron Galerii Re | Re Gallery Patron: RE-Bau<br>Patroni medialni | Media Patrons: Chilli Zet, Gazeta Wyborcza, White MAD, Tygodnik Powszechny, LABEL, MINT Magazine, Krak\u00f3w Culture Karnet, IN YOUR POCKET<\/p>\n\n\n\n<p>Wystawa towarzyszy 4. Krakowskim Spotkaniom Artystycznym &#8211; To\u017csamo\u015b\u0107 idei. | The exhibition accompanies the 4th Krak\u00f3w Art Encounters 2025 \u2013 Identity of Ideas<\/p>\n\n\n\n<p>___________<\/p>\n\n\n\n<p>Muzeum Sztuki Wsp\u00f3\u0142czesnej w Krakowie MOCAK \u2013 Instytucja Kultury miasta Krakowa | MOCAK The Museum of Contemporary Art in Krakow \u2013 A Cultural Institution of the City of Krakow<br>___________<\/p>\n\n\n\n<p><a href=\"https:\/\/l.facebook.com\/l.php?u=http%3A%2F%2Fwww.mocak.pl%2F%3Ffbclid%3DIwZXh0bgNhZW0CMTAAYnJpZBEwTURyb2oyRDBjdURZbjdUNQEexgbyypJvo2Uz-CiVxFUSeklRYX1uPvoGGEPt8rrKUXFqLYZ_oJNkzquJ-u4_aem_eWm3RkVNStXLNaqwnvXlAA&amp;h=AT3LzOQv0iHQhy557Vwlo_SxI_8P1H2FTQDvNttbfe4CdSF1j9RJtPYgwoknzjG46YhHPCQTGIOeMEVhwyvc44vjthMpfcTfKg8zHTlzbYPIc7xKPsiqmOcT3qWJegkOkIKeP7UEM9rnmXzi&amp;__tn__=q&amp;c[0]=AT3CdEBarSaNnbwviLjYhn3GvPIAucHNZpL-CfEkpVFNF5wZOf2pMsmftsLFxlmr5dlFvN6n_kmBah_T1DsVX8cdVRkMp8ksTFiCRKxa4Efc0tgu14grC96_UMqb_gw9iP9kWDcEx0f4KxMV0dulFOmjbhxLk49hU-U\" rel=\"noreferrer noopener\" target=\"_blank\">www.mocak.pl<\/a><\/p>\n\n\n\n<p>___________<\/p>\n\n\n\n<p>Wykorzystana praca | Work by : Patryk Staruch, Czekanie na deszcz, 2023, olej na p\u0142\u00f3tnie, 230 x 160 cm, kolekcja D. Tarnawy | Patryk Staruch, Waiting for the Rain, 2023, oil on canvas, 230 x 160 cm, collection of D. Tarnawa,<\/p>\n","protected":false},"excerpt":{"rendered":"<p>\/\/ for English please scroll down \u2193 &nbsp;Wystawa: \u201eNostalgia. Poszukiwacze gasn\u0105cych gwiazd&#8221;&nbsp;Osoby artystyczne: Marta Antoniak, Martyna&hellip;<\/p>\n","protected":false},"author":1,"featured_media":2434,"comment_status":"closed","ping_status":"open","sticky":false,"template":"","format":"standard","meta":{"footnotes":""},"categories":[6,8],"tags":[],"class_list":["post-2433","post","type-post","status-publish","format-standard","has-post-thumbnail","hentry","category-events","category-news"],"_links":{"self":[{"href":"https:\/\/agatakus.pl\/index.php?rest_route=\/wp\/v2\/posts\/2433","targetHints":{"allow":["GET"]}}],"collection":[{"href":"https:\/\/agatakus.pl\/index.php?rest_route=\/wp\/v2\/posts"}],"about":[{"href":"https:\/\/agatakus.pl\/index.php?rest_route=\/wp\/v2\/types\/post"}],"author":[{"embeddable":true,"href":"https:\/\/agatakus.pl\/index.php?rest_route=\/wp\/v2\/users\/1"}],"replies":[{"embeddable":true,"href":"https:\/\/agatakus.pl\/index.php?rest_route=%2Fwp%2Fv2%2Fcomments&post=2433"}],"version-history":[{"count":1,"href":"https:\/\/agatakus.pl\/index.php?rest_route=\/wp\/v2\/posts\/2433\/revisions"}],"predecessor-version":[{"id":2435,"href":"https:\/\/agatakus.pl\/index.php?rest_route=\/wp\/v2\/posts\/2433\/revisions\/2435"}],"wp:featuredmedia":[{"embeddable":true,"href":"https:\/\/agatakus.pl\/index.php?rest_route=\/wp\/v2\/media\/2434"}],"wp:attachment":[{"href":"https:\/\/agatakus.pl\/index.php?rest_route=%2Fwp%2Fv2%2Fmedia&parent=2433"}],"wp:term":[{"taxonomy":"category","embeddable":true,"href":"https:\/\/agatakus.pl\/index.php?rest_route=%2Fwp%2Fv2%2Fcategories&post=2433"},{"taxonomy":"post_tag","embeddable":true,"href":"https:\/\/agatakus.pl\/index.php?rest_route=%2Fwp%2Fv2%2Ftags&post=2433"}],"curies":[{"name":"wp","href":"https:\/\/api.w.org\/{rel}","templated":true}]}}