{"id":2445,"date":"2025-05-30T17:24:02","date_gmt":"2025-05-30T15:24:02","guid":{"rendered":"https:\/\/agatakus.pl\/?p=2445"},"modified":"2025-10-10T17:27:48","modified_gmt":"2025-10-10T15:27:48","slug":"z-toba-to-nawet-na-festyn-pojde-okladka-tomu-darka-foksa","status":"publish","type":"post","link":"https:\/\/agatakus.pl\/?p=2445","title":{"rendered":"\u201eZ tob\u0105 to nawet na festyn p\u00f3jd\u0119\u201d- ok\u0142adka tomu Darka Foksa"},"content":{"rendered":"\n<p>Wydawnictwo WBPiCAK z Poznania i Ksi\u0119garnia Hiszpa\u0144ska zapraszaj\u0105 na spotkanie autorskie z Darkiem Foksem wok\u00f3\u0142 jego najnowszej ksi\u0105\u017cki poetyckiej \u2013 \u201eZ tob\u0105 to nawet na festyn p\u00f3jd\u0119\u201d. Rozmow\u0119 poprowadzi Karol Por\u0119ba.<br>_<\/p>\n\n\n\n<p>W ksi\u0105\u017cce \u201eZ tob\u0105 to nawet na festyn p\u00f3jd\u0119\u201d najwi\u0119cej miejsca zajmuj\u0105 wiersze o budynkach i ulicach, kt\u00f3re zosta\u0142y wyodr\u0119bnione spo\u015br\u00f3d bardzo licznej grupy budynk\u00f3w i ulic, g\u0142\u00f3wnie wroc\u0142awskich, i s\u0105 \u015bci\u015ble powi\u0105zane z gospodarcz\u0105 oraz demograficzn\u0105 sytuacj\u0105 miasta.<\/p>\n\n\n\n<p>W niekt\u00f3rych tekstach autor zasugerowa\u0142 pewne tropy i analogie u\u0142atwiaj\u0105ce umiejscowienie ich podmiotu w kontek\u015bcie dotychczasowych podmiot\u00f3w dolno\u015bl\u0105skich, krajowych, europejskich i \u015bwiatowych, co oczywi\u015bcie w \u017caden spos\u00f3b nie wyczerpuje tego interesuj\u0105cego i wieloaspektowego zagadnienia, jakim jest wiersz (a mo\u017ce nawet poemat) o mie\u015bcie.<\/p>\n\n\n\n<p>R\u00f3wnie wa\u017cna dla zrozumienia tej poezji jest pr\u00f3ba odkrycia \u2013cz\u0119sto skomplikowana i wymagaj\u0105ca \u017cmudnych kwerend archiwalnych, inwestycji w pami\u0119\u0107 oraz jej solidnego do\u0142adowania \u2013 tego, co niegdy\u015b w mie\u015bcie by\u0142o, ale znikn\u0119\u0142o.<\/p>\n\n\n\n<p>Te wszystkie (z za\u0142o\u017cenia fragmentaryczne) rozpoznania czytelnicze powinny jako\u015b pom\u00f3c w uchwyceniu istoty relacji poeta \u2013 miasto \u2013 kobieta.<br>_<\/p>\n\n\n\n<p>Darek Foks (ur. w 1966 r.) \u2013 poeta, prozaik i filmowiec. Wielokrotnie nominowany do najwa\u017cniejszych polskich nagr\u00f3d literackich. Laureat m.in. Wroc\u0142awskiej Nagrody Poetyckiej Silesius za ca\u0142okszta\u0142t tw\u00f3rczo\u015bci. Redaktor naczelny \u201eTw\u00f3rczo\u015bci\u201d. Ostatnio opublikowa\u0142 zbi\u00f3r wierszy \u201eHegel i ty\u201d oraz powie\u015b\u0107 \u201eWenus z Dessau\u201d.<\/p>\n\n\n\n<figure class=\"wp-block-image size-large\"><img loading=\"lazy\" decoding=\"async\" width=\"1024\" height=\"576\" src=\"https:\/\/agatakus.pl\/wp-content\/uploads\/2025\/10\/500297591_1131519199015782_6025775920552773678_n-1024x576.jpg\" alt=\"\" class=\"wp-image-2446\" srcset=\"https:\/\/agatakus.pl\/wp-content\/uploads\/2025\/10\/500297591_1131519199015782_6025775920552773678_n-1024x576.jpg 1024w, https:\/\/agatakus.pl\/wp-content\/uploads\/2025\/10\/500297591_1131519199015782_6025775920552773678_n-300x169.jpg 300w, https:\/\/agatakus.pl\/wp-content\/uploads\/2025\/10\/500297591_1131519199015782_6025775920552773678_n-1536x864.jpg 1536w, https:\/\/agatakus.pl\/wp-content\/uploads\/2025\/10\/500297591_1131519199015782_6025775920552773678_n.jpg 2048w\" sizes=\"auto, (max-width: 1024px) 100vw, 1024px\" \/><\/figure>\n","protected":false},"excerpt":{"rendered":"<p>Wydawnictwo WBPiCAK z Poznania i Ksi\u0119garnia Hiszpa\u0144ska zapraszaj\u0105 na spotkanie autorskie z Darkiem Foksem wok\u00f3\u0142 jego&hellip;<\/p>\n","protected":false},"author":1,"featured_media":154,"comment_status":"closed","ping_status":"open","sticky":false,"template":"","format":"standard","meta":{"footnotes":""},"categories":[6,8,14],"tags":[],"class_list":["post-2445","post","type-post","status-publish","format-standard","has-post-thumbnail","hentry","category-events","category-news","category-publications"],"_links":{"self":[{"href":"https:\/\/agatakus.pl\/index.php?rest_route=\/wp\/v2\/posts\/2445","targetHints":{"allow":["GET"]}}],"collection":[{"href":"https:\/\/agatakus.pl\/index.php?rest_route=\/wp\/v2\/posts"}],"about":[{"href":"https:\/\/agatakus.pl\/index.php?rest_route=\/wp\/v2\/types\/post"}],"author":[{"embeddable":true,"href":"https:\/\/agatakus.pl\/index.php?rest_route=\/wp\/v2\/users\/1"}],"replies":[{"embeddable":true,"href":"https:\/\/agatakus.pl\/index.php?rest_route=%2Fwp%2Fv2%2Fcomments&post=2445"}],"version-history":[{"count":1,"href":"https:\/\/agatakus.pl\/index.php?rest_route=\/wp\/v2\/posts\/2445\/revisions"}],"predecessor-version":[{"id":2447,"href":"https:\/\/agatakus.pl\/index.php?rest_route=\/wp\/v2\/posts\/2445\/revisions\/2447"}],"wp:featuredmedia":[{"embeddable":true,"href":"https:\/\/agatakus.pl\/index.php?rest_route=\/wp\/v2\/media\/154"}],"wp:attachment":[{"href":"https:\/\/agatakus.pl\/index.php?rest_route=%2Fwp%2Fv2%2Fmedia&parent=2445"}],"wp:term":[{"taxonomy":"category","embeddable":true,"href":"https:\/\/agatakus.pl\/index.php?rest_route=%2Fwp%2Fv2%2Fcategories&post=2445"},{"taxonomy":"post_tag","embeddable":true,"href":"https:\/\/agatakus.pl\/index.php?rest_route=%2Fwp%2Fv2%2Ftags&post=2445"}],"curies":[{"name":"wp","href":"https:\/\/api.w.org\/{rel}","templated":true}]}}