{"id":2456,"date":"2025-10-09T17:37:03","date_gmt":"2025-10-09T15:37:03","guid":{"rendered":"https:\/\/agatakus.pl\/?p=2456"},"modified":"2025-10-10T17:39:03","modified_gmt":"2025-10-10T15:39:03","slug":"opowiem-wam-o-polsnach-muzeum-narodowe-w-gdansku-zielona-brama","status":"publish","type":"post","link":"https:\/\/agatakus.pl\/?p=2456","title":{"rendered":"Opowiem Wam o p\u00f3\u0142snach, Muzeum Narodowe w Gda\u0144sku, Zielona Brama"},"content":{"rendered":"\n<h1 class=\"wp-block-heading\">Opowiem Wam o p\u00f3\u0142snach (ods\u0142ona II)<\/h1>\n\n\n\n<p><strong><\/strong>&nbsp;For English scroll down<\/p>\n\n\n\n<p><strong>Wernisa\u017c: 10 pa\u017adziernika 2025, pi\u0105tek, godz. 18.00<\/strong><br><strong>Oddzia\u0142 Muzeum Narodowego w Gda\u0144sku \u2013 Zielona Brama<br><\/strong><strong><br>Jak komentuj\u0105 wsp\u00f3\u0142czesny \u015bwiat m\u0142ode artystki i arty\u015bci? Od 10 pa\u017adziernika w oddziale Zielona Brama Muzeum Narodowego w Gda\u0144sku kolejna okazja, \u017ceby pozna\u0107 ich punkt widzenia. Druga ods\u0142ona wystawy z kolekcji przekazanej muzeum przez mBank skupi si\u0119 na rzeczywisto\u015bci&nbsp;<\/strong><strong>emocji, mitu, intuicji, wyobra\u017ce\u0144 i pami\u0119ci. To g\u0142os pokolenia, kt\u00f3re w sztuce poszukuje nie tylko formy, ale i sensu.<\/strong><\/p>\n\n\n\n<p>\u201eOpowiem Wam o p\u00f3\u0142snach\u201d to druga ods\u0142ona wystawy z kolekcji mBanku przekazanej Muzeum Narodowemu w Gda\u0144sku. To pierwsza w Polsce sytuacja, w kt\u00f3rej korporacyjna kolekcja wsp\u00f3\u0142czesnej sztuki zosta\u0142a w ca\u0142o\u015bci przekazana publicznej instytucji muzealnej.<\/p>\n\n\n\n<p>Kolekcja powsta\u0142a w latach 2020\u20132024 w ramach programu \u201em jak malarstwo\u201d, zainicjowanego przez mBank. Selekcji dzie\u0142 dokonywa\u0142a Komisja Zakup\u00f3w pod przewodnictwem dziennikarza i krytyka sztuki Piotra Sarzy\u0144skiego, w sk\u0142adzie: Piotr Bazylko, Marta Antoniak, Marek Bartelik, Rafa\u0142 Kamecki, Julia Materna, Karolina Nowak-Sarbi\u0144ska i Wojciech Szyma\u0144ski. Pod uwag\u0119 brano dwa formalne kryteria: wiek artysty do 35. roku \u017cycia oraz medium malarskie \u2013 przy czym to drugie traktowane by\u0142o elastycznie, z uwzgl\u0119dnieniem dzia\u0142a\u0144 interdyscyplinarnych i eksperymentalnych. Efektem tych dzia\u0142a\u0144 jest dynamiczna, niejednorodna kolekcja, kt\u00f3ra nie narzuca jednej interpretacji, lecz ukazuje bogactwo wra\u017cliwo\u015bci i r\u00f3\u017cnorodno\u015b\u0107 j\u0119zyk\u00f3w m\u0142odej sztuki. Obejmuje zar\u00f3wno prace artystek i artyst\u00f3w o ju\u017c ugruntowanej pozycji, jak i tych, kt\u00f3rzy dopiero wkraczaj\u0105 na scen\u0119 artystyczn\u0105, a zostali dostrze\u017ceni m.in. podczas konkurs\u00f3w, wystaw dyplomowych i przegl\u0105d\u00f3w uczelnianych.<\/p>\n\n\n\n<p>Kuratorzy wystawy \u2013 Piotr Sarzy\u0144ski i Maja Murawska \u2013 zdecydowali si\u0119 podzieli\u0107 prezentacj\u0119 kolekcji na dwie ods\u0142ony. Pierwsza \u201eOpowiem Wam o sobie\/o nas\u201d skupia\u0142a si\u0119 na w\u0105tkach osobistych, emocjonalnych i spo\u0142ecznych. Druga ods\u0142ona kontynuuje i pog\u0142\u0119bia opowie\u015b\u0107 rozpocz\u0119t\u0105 w pierwszej ods\u0142onie, ukazuj\u0105c r\u00f3\u017cnorodno\u015b\u0107 formaln\u0105 i tematyczn\u0105 jednej z najciekawszych kolekcji m\u0142odego polskiego malarstwa ostatnich lat. Prezentowane prace tworz\u0105 portret pokolenia, kt\u00f3re dojrzewa\u0142o artystycznie w \u015bwiecie zdominowanym przez kryzysy klimatyczne, spo\u0142eczne i emocjonalne, a jednocze\u015bnie stara\u0142o si\u0119 odnale\u017a\u0107 w nim w\u0142asny j\u0119zyk i wra\u017cliwo\u015b\u0107. Wernisa\u017c wystawy odb\u0119dzie si\u0119 10 pa\u017adziernika o godz. 18.00, a wystawa potrwa do 22 marca 2026 roku.<\/p>\n\n\n\n<p>\u201eOpowiem Wam o p\u00f3\u0142snach\u201d prezentuje wyb\u00f3r dzie\u0142, kt\u00f3re dotykaj\u0105 rzeczywisto\u015bci poprzez emocj\u0119, mit, intuicj\u0119, wyobra\u017cenie i pami\u0119\u0107. Malarstwo, traktowane tu jako medium otwarte, ch\u0142onne i wieloznaczne, staje si\u0119 sposobem obrazowania tego, co trudno uchwytne, ale jednocze\u015bnie dobrze znane \u2013 stan\u00f3w przej\u015bciowych i napi\u0119\u0107 mi\u0119dzy \u015bwiatem wewn\u0119trznym i zewn\u0119trznym. W tej ods\u0142onie wystawy szczeg\u00f3lnie widoczne s\u0105 postawy eksperymentalne: abstrakcja przeplata si\u0119 z opowie\u015bci\u0105, malarskie gesty z narracj\u0105, a obraz z obiektem. Niekt\u00f3re prace czerpi\u0105 z j\u0119zyka mitycznych przypowie\u015bci, wsp\u00f3\u0142czesnych ba\u015bni i emocjonalnych autoopowie\u015bci; inne wykorzystuj\u0105 ironi\u0119 i estetyk\u0119 kultury masowej, przetwarzaj\u0105c jej kody wizualne w osobiste komentarze. Nie brakuje tak\u017ce dzie\u0142 nawi\u0105zuj\u0105cych do krajobrazu, ekologii czy relacji cz\u0142owieka z przyrod\u0105 \u2013 ukazanych z r\u00f3\u017cnych perspektyw: kontemplacyjnej, krytycznej, poetyckiej. Szczeg\u00f3ln\u0105 uwag\u0119 przyci\u0105gaj\u0105 prace wykraczaj\u0105ce poza ramy klasycznego obrazu, tworzone z u\u017cyciem tekstyli\u00f3w, przedmiot\u00f3w codziennego u\u017cytku, ceramiki czy materia\u0142\u00f3w nietrwa\u0142ych, kt\u00f3re podwa\u017caj\u0105 granice mi\u0119dzy malarstwem, rze\u017ab\u0105 a instalacj\u0105. Ta r\u00f3\u017cnorodno\u015b\u0107 nie oznacza jednak przypadkowo\u015bci. Wsp\u00f3lnym mianownikiem pozostaje introspektywne podej\u015bcie do \u015bwiata, skupienie na jednostkowym do\u015bwiadczeniu, relacyjno\u015bci i potrzebie zakorzenienia. To g\u0142os pokolenia, kt\u00f3re w sztuce poszukuje nie tylko formy, ale i sensu.<\/p>\n\n\n\n<p>P\u00f3\u0142sen to moment, w kt\u00f3rym \u015bwiat jeszcze nie zbudzi\u0142 si\u0119 do ko\u0144ca, ale ju\u017c nie \u015bni. To stan rozmycia i zawieszenia, w kt\u00f3rym rzeczy znane przybieraj\u0105 nowe kszta\u0142ty, a wspomnienia i wyobra\u017cenia przenikaj\u0105 si\u0119 z codzienno\u015bci\u0105. Taka w\u0142a\u015bnie w swoim za\u0142o\u017ceniu jest wystawa \u201eOpowiem Wam o p\u00f3\u0142snach\u201d \u2013 intymna i osobista, a zarazem otwarta na wsp\u00f3lne do\u015bwiadczenie, zawieszona gdzie\u015b pomi\u0119dzy jaw\u0105 a snem, emocj\u0105 a obrazem.<\/p>\n\n\n\n<p><strong>Osoby artystyczne, kt\u00f3rych prace mo\u017cna zobaczy\u0107 na wystawie, to<\/strong>: Marta Antoniak, Karolina Balcer, Edna Baud, Tomek Baran, J\u0119drzej Bie\u0144ko, Dobros\u0142awa Borka\u0142a, Martyna Borowiecka, Boles\u0142aw Chromry, Jakub Gli\u0144ski, Krzysztof Gil, Maria Gil, Karolina Jab\u0142o\u0144ska, Marcin Janusz, Marcin Jasik, Karolina Jarz\u0119bak, Emilia Jechna, Katarzyna Jarz\u0105b, Natalia Karczewska, Alicja Kubicka, Kamil Kukla, Katarzyna Kuku\u0142a, Agata Kus, Radim Koros, Julia Kowalska, Tomasz Kr\u0119cicki, Nikita Krzy\u017canowska, Konrad Krzy\u017canowski, Linda Lach, Ula Madera, Krzysztof M\u0119tel, Jan Mo\u017cd\u017cy\u0144ski, Katarzyna Olma, Karol Palczak, Ma\u0142gorzata Pawlak, Szawe\u0142 P\u0142\u00f3ciennik, Grzegorz Pieniak, Mateusz Piestrak, Cezary Poniatowski, Cyryl Polaczek, Zuza Roma\u0144ska, Mateusz Sarzy\u0144ski, Miko\u0142aj Sobczak, Paulina Sosi\u0144ska, Patryk Staruch, Paulina Stasik, \u0141ukasz Stok\u0142osa, Zuzanna Szary, Szymon Szewczyk, Stach Szumski, Ma\u0142gorzata Werla, Sebastian Winkler, Joanna Wo\u015b, Natalia Za\u0142uska, Konrad \u017bukowski.<\/p>\n\n\n\n<p><strong><br>Kuratorzy:<\/strong>&nbsp;Piotr Sarzy\u0144ski, Maja Murawska \u2013 Muzeum Narodowe w Gda\u0144sku<br><strong>Identyfikacja wizualna i opracowanie graficzne wystawy:<\/strong>&nbsp;Micha\u0142 Pecko<br><strong>T\u0142umaczenia:&nbsp;<\/strong>Anna Zbr\u00f3g<br><strong>Korekta:&nbsp;<\/strong>Agnieszka Kochanowska<br><strong>Dzia\u0142 Konserwacji:&nbsp;<\/strong>Anna G\u00f3rna, C\u00e1tia Viegas Weso\u0142owska<br><strong>Dzia\u0142 Inwentarzy:&nbsp;<\/strong>Kalina Krasowska, S\u0142awomira Bigaj, Sylwia Parais, Miros\u0142aw Szwabowicz<br><strong>Promocja i komunikacja:&nbsp;<\/strong>Paulina Szwaj, Justyna Sobotka, Klaudia Ficak, Pawe\u0142 Burian<br><strong>E<\/strong><strong>dukacja:&nbsp;<\/strong>Noemi Etush, Kamila Glazer<br><strong>Wsp\u00f3\u0142praca:<\/strong>&nbsp;Ma\u0142gorzata Ruszkowska, Gabriela Brdej, Aleksandra Grzonkowska, Mariusz Grym, Ma\u0142gorzata Maciakowska, Pawe\u0142 Powirski, Anna Wojdat-Zieli\u0144ska, Daniel Starzy\u0144ski, Joanna Librowska, Monika Raszewska, Lidia Gringmann<br><strong>Rzemie\u015blnicy:<\/strong>&nbsp;Piotr Pietraszek, Wojciech Procki, Krzysztof Ruci\u0144ski, Alfred Szkudlarek, S\u0142awomir Wojtkowski<br><strong>Opiekunki publiczno\u015bci:<\/strong>&nbsp;Katarzyna Dule\u0144ska, Agata Kruszli\u0144ska, Anna Paprocka, Marzena Studzi\u0144ska, Anna Stypu\u0142kowska, Anna Zugaj<br><strong>Wsp\u00f3\u0142praca ze strony mBanku<\/strong>: Sandra Kowalska, Krzysztof Drozd<\/p>\n\n\n\n<hr class=\"wp-block-separator has-alpha-channel-opacity\"\/>\n\n\n\n<p><strong>Program wydarze\u0144 towarzysz\u0105cych wystawie<\/strong><\/p>\n\n\n\n<p><strong>PA\u0179DZIERNIK:<\/strong><\/p>\n\n\n\n<p>11.10.2025 (sobota), godz.: 13:00<\/p>\n\n\n\n<p><strong>Oprowadzanie kuratorskie po wystawie \u201eOpowiem Wam o p\u00f3\u0142snach\u201d<\/strong><\/p>\n\n\n\n<p>Maja Murawska oraz Piotr Sarzy\u0144ski<\/p>\n\n\n\n<p>17.10.2025 (pi\u0105tek), godz.: 13:00<\/p>\n\n\n\n<p><strong>Dekonstrukcje sztuki. Spotkanie dla Generacji 60+<\/strong><\/p>\n\n\n\n<p>Noemi Etush, Kamila Glazer<\/p>\n\n\n\n<p>17.10.2025 (pi\u0105tek), godz.: 17:30<\/p>\n\n\n\n<p><strong>Opowiem Wam.<\/strong>&nbsp;<strong>Boles\u0142aw Chromry<\/strong><\/p>\n\n\n\n<p>24.10.2025 (pi\u0105tek), godz.: 17:30<\/p>\n\n\n\n<p><strong>Opowiem Wam.<\/strong>&nbsp;<strong>Samuel Nowak<\/strong><\/p>\n\n\n\n<p>26.10.2025, godz.: 11:00<\/p>\n\n\n\n<p><strong>\u0106wiczenia ze sztuki. Warsztaty rodzinne (7-12 lat) | \u0106wiczenia z patrzenia<\/strong><\/p>\n\n\n\n<p><strong>LISTOPAD:<\/strong><\/p>\n\n\n\n<p>16.11.2025, godz.: 11:00<\/p>\n\n\n\n<p><strong>\u0106wiczenia ze sztuki. Warsztaty rodzinne (7-12 lat) | \u0106wiczenia z tworzenia<\/strong><\/p>\n\n\n\n<p>Noemi Etush, Kamila Glazer<\/p>\n\n\n\n<p>21.11.2025 (pi\u0105tek), godz.: 17:30<\/p>\n\n\n\n<p><strong>Opowiem Wam.<\/strong>&nbsp;<strong>Kora Kowalska<\/strong><\/p>\n\n\n\n<p>29.11.2025 (sobota), godz.: 13:00<\/p>\n\n\n\n<p><strong>Wystawa w ciszy. Do\u015bwiadczenie dla doros\u0142ych<\/strong><\/p>\n\n\n\n<p>Noemi Etush, Kamila Glazer<\/p>\n\n\n\n<p><strong>GRUDZIE\u0143:<\/strong><\/p>\n\n\n\n<p>05.11.2025 (pi\u0105tek), godz.: 17:30<\/p>\n\n\n\n<p><strong>Opowiem Wam. Radim Koros<\/strong><\/p>\n\n\n\n<p>12.12.2025 (pi\u0105tek), godz.: 13:00<\/p>\n\n\n\n<p><strong>Dekonstrukcje sztuki. Spotkanie dla Generacji 60+<\/strong><\/p>\n\n\n\n<p>Noemi Etush, Kamila Glazer<\/p>\n\n\n\n<p>12.11.2025 (pi\u0105tek), godz.: 17:30<\/p>\n\n\n\n<p><strong>Opowiem Wam. Helena Draganik<\/strong><\/p>\n\n\n\n<p>13.12.2025 (sobota), godz.: 11:00<\/p>\n\n\n\n<p><strong>Oprowadzanie kuratorskie po wystawie \u201eOpowiem Wam o p\u00f3\u0142snach\u201d<\/strong><\/p>\n\n\n\n<p>Maja Murawska<\/p>\n\n\n\n<p>14.12.2025, godz.: 11:00<\/p>\n\n\n\n<p><strong>\u0106wiczenia ze sztuki. Warsztaty rodzinne (7-12 lat) | \u0106wiczenia z kolekcjonowania<\/strong><\/p>\n\n\n\n<p>Noemi Etush, Kamila Glazer<\/p>\n\n\n\n<p>14.12.2025, godz.: 12:00<\/p>\n\n\n\n<p><strong>Oprowadzanie w j\u0119zyku angielskim<\/strong>&nbsp;<strong>po wystawie \u201eOpowiem Wam o p\u00f3\u0142snach\u201d<\/strong><\/p>\n\n\n\n<p>Monika Odalska<\/p>\n\n\n\n<p>14.12.2025, godz.: 13:00<\/p>\n\n\n\n<p><strong>Oprowadzanie w Polskim J\u0119zyku Migowym<\/strong>&nbsp;<strong>po wystawie \u201eOpowiem Wam o p\u00f3\u0142snach\u201d<\/strong><\/p>\n\n\n\n<p>Monika Olejnik<\/p>\n\n\n\n<p><strong>STYCZE\u0143:<\/strong><\/p>\n\n\n\n<p>24.01.2026 (sobota), godz.: 13:00<\/p>\n\n\n\n<p><strong>Wystawa w ciszy. Do\u015bwiadczenie dla doros\u0142ych<\/strong><\/p>\n\n\n\n<p>Noemi Etush, Kamila Glazer<\/p>\n\n\n\n<p>25.01.2026, godz.: 11:00<\/p>\n\n\n\n<p><strong>\u0106wiczenia ze sztuki. Warsztaty rodzinne (7-12 lat) | \u0106wiczenia z patrzenia<\/strong><\/p>\n\n\n\n<p>Noemi Etush, Kamila Glazer<\/p>\n\n\n\n<p><strong>LUTY:<\/strong><\/p>\n\n\n\n<p>07.02.2026 (sobota), godz.: 13:00<\/p>\n\n\n\n<p><strong>Oprowadzanie kuratorskie po wystawie \u201eOpowiem Wam o p\u00f3\u0142snach\u201d<\/strong><\/p>\n\n\n\n<p>Maja Murawska<\/p>\n\n\n\n<p>13.02.2026 (pi\u0105tek), godz.: 13:00<\/p>\n\n\n\n<p><strong>Dekonstrukcje sztuki. Spotkanie dla Generacji 60+<\/strong><\/p>\n\n\n\n<p>Noemi Etush, Kamila Glazer<\/p>\n\n\n\n<p>15.02.2026, godz.: 11:00<\/p>\n\n\n\n<p><strong>\u0106wiczenia ze sztuki. Warsztaty rodzinne (7-12 lat) | \u0106wiczenia z tworzenia<\/strong><\/p>\n\n\n\n<p>Noemi Etush, Kamila Glazer<\/p>\n\n\n\n<p><strong>MARZEC:<\/strong><\/p>\n\n\n\n<p>14.03.2026 (sobota), godz.: 13:00<\/p>\n\n\n\n<p><strong>Wystawa w ciszy. Do\u015bwiadczenie dla doros\u0142ych<\/strong><\/p>\n\n\n\n<p>Noemi Etush, Kamila Glazer<\/p>\n\n\n\n<p>15.03.2026, godz.: 11:00<\/p>\n\n\n\n<p><strong>\u0106wiczenia ze sztuki. Warsztaty rodzinne (7-12 lat) | \u0106wiczenia z kolekcjonowania<\/strong><\/p>\n\n\n\n<p>Noemi Etush, Kamila Glazer<\/p>\n\n\n\n<p>22.03.2026 (sobota), godz.: 13:00<\/p>\n\n\n\n<p><strong>Oprowadzanie kuratorskie po wystawie \u201eOpowiem Wam o p\u00f3\u0142snach\u201d<\/strong><\/p>\n\n\n\n<p>Maja Murawska<\/p>\n\n\n\n<figure class=\"wp-block-image\"><a href=\"https:\/\/www.mng.gda.pl\/wp-content\/uploads\/2025\/09\/pasek_logo.jpg\"><img decoding=\"async\" src=\"https:\/\/www.mng.gda.pl\/wp-content\/uploads\/2025\/09\/pasek_logo.jpg\" alt=\"\" class=\"wp-image-22420\"\/><\/a><\/figure>\n\n\n\n<hr class=\"wp-block-separator has-alpha-channel-opacity\"\/>\n\n\n\n<p><strong><br>Let Me Tell You About Halfdreams<\/strong><\/p>\n\n\n\n<p><strong>\u2018Let Me Tell You About Halfdreams\u2019, the second part of the exhibition drawn from the mBank Collection donated to the National Museum in Gda\u0144sk, continues and deepens the narrative initiated in the first part, \u2018Let Me Tell You About Myself\/About Us\u2019. Together, these exhibitions reveal the formal and thematic richness of one of the most compelling collections of young Polish painting in recent years. The works on display form a portrait of a generation that came of age artistically in a world dominated by climate, social and emotional crises, while at the same time striving to find its own language and sensibility.<\/strong><\/p>\n\n\n\n<p>The exhibition \u2018Let Me Tell You About Halfdreams\u2019 presents a selection of works that engage with reality through emotion, myth, intuition, imagination and memory. Here, painting is treated as an open, receptive and multifaceted medium that becomes a means of articulating what is elusive yet deeply familiar: those transitional states and tensions between the inner and outer worlds. This instalment particularly highlights experimental approaches, with abstraction intertwining with storytelling, painterly gestures with narrative and images with objects. Some pieces draw on the language of mythical tales, contemporary fables and emotional self-narratives, while others employ irony and the aesthetics of mass culture to transform its visual codes into personal commentaries. The exhibition also features works referencing landscape, ecology, and humanity\u2019s relationship with nature, explored from contemplative, critical, and poetic perspectives. Of particular note are the works that transcend the confines of the traditional canvas by incorporating textiles, everyday objects, ceramics, and ephemeral materials, thereby blurring the boundaries between painting, sculpture, and installation.<\/p>\n\n\n\n<p>However, this diversity does not imply randomness. A shared denominator is an introspective approach to the world, a focus on individual experience, relationships, and the need for a sense of belonging. It is the voice of a generation that seeks meaning as well as form in art.<\/p>\n\n\n\n<p>A waking dream is the moment when the world has not yet fully awakened, but is no longer asleep. It is a state of blurring and suspension, where the familiar takes on new forms and memory and imagination intertwine with everyday life. This is precisely the concept behind the exhibition \u2018Let Me Tell You About Waking Dreams\u2019 \u2013 it is both intimate and personal, yet open to collective experience. It exists somewhere between waking and dreaming, emotion and image.<\/p>\n\n\n\n<p>The artists featured in the exhibition include: Marta Antoniak, Karolina Balcer, Edna Baud, Tomek Baran, J\u0119drzej Bie\u0144ko, Dobros\u0142awa Borka\u0142a, Martyna Borowiecka, Boles\u0142aw Chromry, Jakub Gli\u0144ski, Krzysztof Gil, Maria Gil, Karolina Jab\u0142o\u0144ska, Marcin Janusz, Marcin Jasik, Karolina Jarz\u0119bak, Emilia Jechna, Katarzyna Jarz\u0105b, Natalia Karczewska, Alicja Kubicka, Kamil Kukla, Katarzyna Kuku\u0142a, Agata Kus, Radim Koros, Julia Kowalska, Tomasz Kr\u0119cicki, Nikita Krzy\u017canowska, Konrad Krzy\u017canowski, Linda Lach, Ula Madera, Krzysztof M\u0119tel, Jan Mo\u017cd\u017cy\u0144ski, Katarzyna Olma, Karol Palczak, Ma\u0142gorzata Pawlak, Szawe\u0142 P\u0142\u00f3ciennik, Grzegorz Pieniak, Mateusz Piestrak, Cezary Poniatowski, Cyryl Polaczek, Zuza Roma\u0144ska, Mateusz Sarzy\u0144ski, Miko\u0142aj Sobczak, Paulina Sosi\u0144ska, Patryk Staruch, Paulina Stasik, \u0141ukasz Stok\u0142osa, Zuzanna Szary, Szymon Szewczyk, Stach Szumski, Ma\u0142gorzata Werla, Sebastian Winkler, Joanna Wo\u015b, Natalia Za\u0142uska, Konrad \u017bukowski.<\/p>\n\n\n\n<p>Thanks to an unprecedented donation from mBank, the National Museum in Gda\u0144sk has enriched its collection with this unique body of work. This is the first time that a corporate collection of contemporary art has been fully transferred to a public museum in Poland. This significant gesture represents an important step in building a lasting bridge between the private sector and public institutions.<\/p>\n\n\n\n<p>The collection was assembled between 2020 and 2024 as part of the&nbsp;<em>P for Painting<\/em>&nbsp;(<em>m jak malarstwo<\/em>) programme, which was initiated by mBank. The Acquisitions Committee, chaired by journalist and art critic Piotr Sarzy\u0144ski, selected the works. The committee comprised the following members: Piotr Bazylko, Marta Antoniak, Marek Bartelik, Rafa\u0142 Kamecki, Julia Materna, Karolina Nowak-Sarbi\u0144ska and Wojciech Szyma\u0144ski. Two formal criteria were taken into account: the age of the artist, who had to be under 35 years old, and the medium of painting. The latter, however, was treated flexibly, with consideration given to interdisciplinary and experimental practices.<\/p>\n\n\n\n<p>The result is a dynamic, diverse collection that does not impose a single interpretation, but instead reveals the richness of sensibilities and the variety of languages of young art. It encompasses works by both established artists and those who are new to the art scene, recognised through competitions, degree shows and university exhibitions, among other things.<\/p>\n\n\n\n<p><strong>Curators:<\/strong>&nbsp;Piotr Sarzy\u0144ski, Maja Murawska \u2013 National Museum in Gda\u0144sk<br><strong>Visual identity and exhibition design:<\/strong>&nbsp;Micha\u0142 Pecko<br><strong>Translations:<\/strong>&nbsp;Anna Zbr\u00f3g<br><strong>Proofreading and editing:<\/strong>&nbsp;Agnieszka Kochanowska<br><strong>Conservation Department:<\/strong>&nbsp;Anna G\u00f3rna, C\u00e1tia Viegas Weso\u0142owska<br><strong>Inventory Department:<\/strong>&nbsp;Kalina Krasowska, S\u0142awomira Bigaj, Sylwia Parais, Miros\u0142aw Szwabowicz<br><strong>Promotion and communications:<\/strong>&nbsp;Paulina Szwaj, Justyna Sobotka, Pawe\u0142 Burian<br><strong>Education:&nbsp;<\/strong>Noemi Etush, Kamila Glazer<br><strong>Collaboration:<\/strong>&nbsp;Ma\u0142gorzata Ruszkowska, Gabriela Brdej, Aleksandra Grzonkowska, Mariusz Grym, Ma\u0142gorzata Maciakowska, Pawe\u0142 Powirski, Anna Wojdat-Zieli\u0144ska, Daniel Starzy\u0144ski, Joanna Librowska, Monika Raszewska, Lidia Gringmann<br><strong>Craftsmen:<\/strong>&nbsp;Piotr Pietraszek, Wojciech Procki, Krzysztof Ruci\u0144ski, Alfred Szkudlarek, S\u0142awomir Wojtkowski<br><strong>Audience guides:<\/strong>&nbsp;Katarzyna Dule\u0144ska, Agata Kruszli\u0144ska, Anna Paprocka, Marzena Studzi\u0144ska, Anna Stypu\u0142kowska, Anna Zugaj<br><strong>mBank team collaboration:<\/strong>&nbsp;Sandra Kowalska, Krzysztof Drozd<\/p>\n","protected":false},"excerpt":{"rendered":"<p>Opowiem Wam o p\u00f3\u0142snach (ods\u0142ona II) &nbsp;For English scroll down Wernisa\u017c: 10 pa\u017adziernika 2025, pi\u0105tek, godz.&hellip;<\/p>\n","protected":false},"author":1,"featured_media":2457,"comment_status":"closed","ping_status":"open","sticky":false,"template":"","format":"standard","meta":{"footnotes":""},"categories":[1],"tags":[],"class_list":["post-2456","post","type-post","status-publish","format-standard","has-post-thumbnail","hentry","category-bez-kategorii"],"_links":{"self":[{"href":"https:\/\/agatakus.pl\/index.php?rest_route=\/wp\/v2\/posts\/2456","targetHints":{"allow":["GET"]}}],"collection":[{"href":"https:\/\/agatakus.pl\/index.php?rest_route=\/wp\/v2\/posts"}],"about":[{"href":"https:\/\/agatakus.pl\/index.php?rest_route=\/wp\/v2\/types\/post"}],"author":[{"embeddable":true,"href":"https:\/\/agatakus.pl\/index.php?rest_route=\/wp\/v2\/users\/1"}],"replies":[{"embeddable":true,"href":"https:\/\/agatakus.pl\/index.php?rest_route=%2Fwp%2Fv2%2Fcomments&post=2456"}],"version-history":[{"count":1,"href":"https:\/\/agatakus.pl\/index.php?rest_route=\/wp\/v2\/posts\/2456\/revisions"}],"predecessor-version":[{"id":2458,"href":"https:\/\/agatakus.pl\/index.php?rest_route=\/wp\/v2\/posts\/2456\/revisions\/2458"}],"wp:featuredmedia":[{"embeddable":true,"href":"https:\/\/agatakus.pl\/index.php?rest_route=\/wp\/v2\/media\/2457"}],"wp:attachment":[{"href":"https:\/\/agatakus.pl\/index.php?rest_route=%2Fwp%2Fv2%2Fmedia&parent=2456"}],"wp:term":[{"taxonomy":"category","embeddable":true,"href":"https:\/\/agatakus.pl\/index.php?rest_route=%2Fwp%2Fv2%2Fcategories&post=2456"},{"taxonomy":"post_tag","embeddable":true,"href":"https:\/\/agatakus.pl\/index.php?rest_route=%2Fwp%2Fv2%2Ftags&post=2456"}],"curies":[{"name":"wp","href":"https:\/\/api.w.org\/{rel}","templated":true}]}}