{"id":2503,"date":"2025-04-11T20:28:20","date_gmt":"2025-04-11T18:28:20","guid":{"rendered":"https:\/\/agatakus.pl\/?p=2503"},"modified":"2025-10-10T20:29:15","modified_gmt":"2025-10-10T18:29:15","slug":"wawel-inny-wymiar-mikrob-na-wawelu","status":"publish","type":"post","link":"https:\/\/agatakus.pl\/?p=2503","title":{"rendered":"WAWEL. INNY WYMIAR. &#8211; mikrob. na Wawelu"},"content":{"rendered":"\n<pre class=\"wp-block-code\"><code>\n<\/code><\/pre>\n\n\n\n<p>Wawel. Inny Wymiar. <\/p>\n\n\n\n<p>Miniaturowa instalacja ukryta w szklanej gablocie \u0142\u0105czy historyczn\u0105 komnat\u0119 wawelsk\u0105 z nowoczesn\u0105, bia\u0142\u0105 przestrzeni\u0105 galeryjn\u0105 . To artystyczna interwencja przygotowana przez\u00a0<a href=\"https:\/\/www.instagram.com\/mikrob.gallery\/\">@mikrob.gallery<\/a>, w kt\u00f3rej dzie\u0142a wsp\u00f3\u0142czesnych krakowskich artyst\u00f3w:<\/p>\n\n\n\n<p>Agata Kus<\/p>\n\n\n\n<p>Marcin Maciejowski<\/p>\n\n\n\n<p>Aleksandra Waliszewska<\/p>\n\n\n\n<p>Karol Palczak<\/p>\n\n\n\n<p>\u0141ukasz Stok\u0142osa<\/p>\n\n\n\n<p>Magdalena Jurek<\/p>\n\n\n\n<p>Kinga Nowak<\/p>\n\n\n\n<p><\/p>\n\n\n\n<p> w skali 1:12 spotykaj\u0105 si\u0119 z tradycj\u0105 Zamku Kr\u00f3lewskiego.<\/p>\n\n\n\n<p>Makieta pozwala zajrze\u0107 za kulisy pracy muzeum \u2699\ufe0f, pokazuj\u0105c jak powstaje wystawa i jak wygl\u0105da codzienno\u015b\u0107 muzealnik\u00f3w \ud83e\udde4.<\/p>\n\n\n\n<p>Warto odwiedzi\u0107 zamkow\u0105 baszt\u0119, by zobaczy\u0107 wystaw\u0119 \u201eMiasteczko wawelskie\u201d i odkry\u0107 \u201eInny wymiar\u201d sztuki \u2014 tej dawnej i wsp\u00f3\u0142czesnej, wsp\u00f3\u0142obecnych w jednej przestrzeni.<\/p>\n\n\n\n<p>Kuratorka: Bogumi\u0142a Wi\u015bniewska<\/p>\n\n\n\n<!-- Instagram Reel embed -->\n<blockquote class=\"instagram-media\"\n  data-instgrm-permalink=\"https:\/\/www.instagram.com\/p\/DI5jQnJoOBu\/\"\n  data-instgrm-version=\"14\"\n  style=\"background:#fff;border:0;margin:0 auto;max-width:720px;width:100%;\">\n<\/blockquote>\n<script async src=\"https:\/\/www.instagram.com\/embed.js\"><\/script>\n\n","protected":false},"excerpt":{"rendered":"<p>Wawel. Inny Wymiar. Miniaturowa instalacja ukryta w szklanej gablocie \u0142\u0105czy historyczn\u0105 komnat\u0119 wawelsk\u0105 z nowoczesn\u0105, bia\u0142\u0105&hellip;<\/p>\n","protected":false},"author":1,"featured_media":2504,"comment_status":"closed","ping_status":"open","sticky":false,"template":"","format":"standard","meta":{"footnotes":""},"categories":[1],"tags":[],"class_list":["post-2503","post","type-post","status-publish","format-standard","has-post-thumbnail","hentry","category-bez-kategorii"],"_links":{"self":[{"href":"https:\/\/agatakus.pl\/index.php?rest_route=\/wp\/v2\/posts\/2503","targetHints":{"allow":["GET"]}}],"collection":[{"href":"https:\/\/agatakus.pl\/index.php?rest_route=\/wp\/v2\/posts"}],"about":[{"href":"https:\/\/agatakus.pl\/index.php?rest_route=\/wp\/v2\/types\/post"}],"author":[{"embeddable":true,"href":"https:\/\/agatakus.pl\/index.php?rest_route=\/wp\/v2\/users\/1"}],"replies":[{"embeddable":true,"href":"https:\/\/agatakus.pl\/index.php?rest_route=%2Fwp%2Fv2%2Fcomments&post=2503"}],"version-history":[{"count":2,"href":"https:\/\/agatakus.pl\/index.php?rest_route=\/wp\/v2\/posts\/2503\/revisions"}],"predecessor-version":[{"id":2506,"href":"https:\/\/agatakus.pl\/index.php?rest_route=\/wp\/v2\/posts\/2503\/revisions\/2506"}],"wp:featuredmedia":[{"embeddable":true,"href":"https:\/\/agatakus.pl\/index.php?rest_route=\/wp\/v2\/media\/2504"}],"wp:attachment":[{"href":"https:\/\/agatakus.pl\/index.php?rest_route=%2Fwp%2Fv2%2Fmedia&parent=2503"}],"wp:term":[{"taxonomy":"category","embeddable":true,"href":"https:\/\/agatakus.pl\/index.php?rest_route=%2Fwp%2Fv2%2Fcategories&post=2503"},{"taxonomy":"post_tag","embeddable":true,"href":"https:\/\/agatakus.pl\/index.php?rest_route=%2Fwp%2Fv2%2Ftags&post=2503"}],"curies":[{"name":"wp","href":"https:\/\/api.w.org\/{rel}","templated":true}]}}