{"id":2510,"date":"2025-04-03T21:19:57","date_gmt":"2025-04-03T19:19:57","guid":{"rendered":"https:\/\/agatakus.pl\/?p=2510"},"modified":"2025-10-10T21:40:38","modified_gmt":"2025-10-10T19:40:38","slug":"wystawa-bujnosc-sztuka-kobiet-w-xxi-w-w-narodowym-muzeum-sztuki-w-kiszyniowie","status":"publish","type":"post","link":"https:\/\/agatakus.pl\/?p=2510","title":{"rendered":"Wystawa \u201eBujno\u015b\u0107. Sztuka kobiet w XXI w.\u201d w Narodowym Muzeum Sztuki w\u00a0Kiszyniowie"},"content":{"rendered":"\n<div style=\"border:1px solid #e5e5e5;border-radius:12px;padding:20px;margin:16px 0;background:#fff\">\n  <div style=\"font-size:12px;letter-spacing:.08em;text-transform:uppercase;color:#777\">Artyku\u0142<\/div>\n  <div style=\"margin:.25em 0 .5em;font-size:20px;line-height:1.25\">Bujno\u015b\u0107. Sztuka kobiet w XXI wieku<\/div>\n  <p style=\"margin:0 0 1em;color:#555\">\n    W Narodowym Muzeum Sztuki Mo\u0142dawii w Kiszyniowie. Kliknij, by otworzy\u0107 pe\u0142ny tekst na culture.pl.\n  <\/p>\n  <a href=\"https:\/\/culture.pl\/pl\/artykul\/bujnosc-sztuka-kobiet-w-xxi-wieku-w-narodowym-muzeum-sztuki-moldawii-w-kiszyniowie\"\n     target=\"_blank\" rel=\"noopener\"\n     style=\"display:inline-block;padding:10px 16px;border-radius:8px;background:#111;color:#fff;text-decoration:none\">\n     Otw\u00f3rz artyku\u0142\n  <\/a>\n<\/div>\n\n\n\n<p><strong>4 kwietnia 2025 roku w Mo\u0142dawii otwarta zostanie wystawa \u201eBujno\u015b\u0107. Sztuka kobiet w XXI w.\u201d prezentuj\u0105ca prace 16 artystek m\u0142odej i najm\u0142odszej sceny kulturalnej w Polsce. Projekt celebrowa\u0107 b\u0119dzie kobiec\u0105 rado\u015b\u0107 \u017cycia, wolno\u015b\u0107 i si\u0142\u0119,&nbsp;<\/strong><strong>ale te\u017c tw\u00f3rcz\u0105 energi\u0119 i poczucie wsp\u00f3lnoty. Wydarzenie, kt\u00f3re odb\u0119dzie si\u0119 w Narodowym Muzeum Sztuki w Kiszyniowie jest cz\u0119\u015bci\u0105 zagranicznego programu kulturalnego Polskiej Prezydencji w Radzie UE i potrwa do 18 maja 2025 roku.<\/strong><\/p>\n\n\n\n<figure class=\"wp-block-image size-large\"><img loading=\"lazy\" decoding=\"async\" width=\"819\" height=\"1024\" src=\"https:\/\/agatakus.pl\/wp-content\/uploads\/2025\/04\/490345865_1020444916939634_1734855556270337746_n-819x1024.jpg\" alt=\"\" class=\"wp-image-2515\" srcset=\"https:\/\/agatakus.pl\/wp-content\/uploads\/2025\/04\/490345865_1020444916939634_1734855556270337746_n-819x1024.jpg 819w, https:\/\/agatakus.pl\/wp-content\/uploads\/2025\/04\/490345865_1020444916939634_1734855556270337746_n-240x300.jpg 240w, https:\/\/agatakus.pl\/wp-content\/uploads\/2025\/04\/490345865_1020444916939634_1734855556270337746_n-1229x1536.jpg 1229w, https:\/\/agatakus.pl\/wp-content\/uploads\/2025\/04\/490345865_1020444916939634_1734855556270337746_n.jpg 1638w\" sizes=\"auto, (max-width: 819px) 100vw, 819px\" \/><\/figure>\n\n\n\n<h2 class=\"wp-block-heading\">Prace 16 polskich artystek w Mo\u0142dawii<\/h2>\n\n\n\n<p>Na wystawie kuratorowanej przez Dorot\u0119 Monkiewicz zaprezentowane zostan\u0105 prace szesnastu polskich artystek reprezentuj\u0105cych m\u0142od\u0105 i najm\u0142odsz\u0105 scen\u0119 artystyczn\u0105 w Polsce. Ich tw\u00f3rczo\u015b\u0107, silnie zakorzeniona w do\u015bwiadczeniu cielesnym, emocjonalnym i duchowym, podejmuje temat kobiecej rado\u015bci \u017cycia, seksualno\u015bci, p\u0142odno\u015bci oraz blisko\u015bci z natur\u0105 \u2013 zar\u00f3wno t\u0105 o\u017cywion\u0105, jak i nieo\u017cywion\u0105. Artystki pos\u0142uguj\u0105 si\u0119 zr\u00f3\u017cnicowanymi formami wyrazu \u2013 od malarstwa i rze\u017aby, przez techniki r\u0119kodzielnicze, a\u017c po dzia\u0142ania inspirowane domow\u0105 codzienno\u015bci\u0105 \u2013 tworz\u0105c opowie\u015b\u0107 o kobieco\u015bci jako sile p\u0142yn\u0105cej z przyjemno\u015bci, zmys\u0142owo\u015bci i tw\u00f3rczego spe\u0142nienia.<\/p>\n\n\n\n<p>Wsp\u00f3lnym mianownikiem ich prac jest&nbsp;<em>jouissance<\/em>&nbsp;\u2013 francuskie s\u0142owo oznaczaj\u0105ce g\u0142\u0119bok\u0105 przyjemno\u015b\u0107, kt\u00f3r\u0105 opisa\u0142a filozofka H\u00e9l\u00e8ne Cixous. To w\u0142a\u015bnie ona stanie si\u0119 kluczem do pokazania kobieco\u015bci w wielu wymiarach: intelektualnym, fizycznym i duchowym. Wystawa poka\u017ce, \u017ce&nbsp;<em>jouissance<\/em>&nbsp;to nie tylko \u017ar\u00f3d\u0142o kobiecej wolno\u015bci i si\u0142y, ale te\u017c tw\u00f3rczej energii i poczucia wsp\u00f3lnoty.<\/p>\n\n\n\n<h5 class=\"wp-block-heading\">Wystawa \u201eBujno\u015b\u0107. Sztuka kobiet w XXI w.\u201d, fot. Kuba Celej \/ IAM<\/h5>\n\n\n\n<figure class=\"wp-block-image size-large\"><img loading=\"lazy\" decoding=\"async\" width=\"1024\" height=\"819\" src=\"https:\/\/agatakus.pl\/wp-content\/uploads\/2025\/04\/489910390_1020445423606250_7239387637666041693_n-1024x819.jpg\" alt=\"\" class=\"wp-image-2517\" srcset=\"https:\/\/agatakus.pl\/wp-content\/uploads\/2025\/04\/489910390_1020445423606250_7239387637666041693_n-1024x819.jpg 1024w, https:\/\/agatakus.pl\/wp-content\/uploads\/2025\/04\/489910390_1020445423606250_7239387637666041693_n-300x240.jpg 300w, https:\/\/agatakus.pl\/wp-content\/uploads\/2025\/04\/489910390_1020445423606250_7239387637666041693_n-1536x1229.jpg 1536w, https:\/\/agatakus.pl\/wp-content\/uploads\/2025\/04\/489910390_1020445423606250_7239387637666041693_n.jpg 2048w\" sizes=\"auto, (max-width: 1024px) 100vw, 1024px\" \/><\/figure>\n\n\n\n<h2 class=\"wp-block-heading\">Cztery wymiary kobiecego do\u015bwiadczenia i tw\u00f3rczo\u015bci<\/h2>\n\n\n\n<p>Wystawa \u201eBujno\u015b\u0107. Sztuka kobiet w XXI w.\u201d sk\u0142ada si\u0119 z czterech cz\u0119\u015bci tematycznych:&nbsp;<strong>\u201eCodzienno\u015b\u0107\u201d<\/strong>,&nbsp;<strong>\u201eNarracje\u201d<\/strong>,&nbsp;<strong>\u201eSzeptuchy\u201d<\/strong>&nbsp;i&nbsp;<strong>\u201eCielesna geometria\u201d<\/strong>&nbsp;\u2013 ka\u017cda z nich ukazuje inny wymiar kobiecego do\u015bwiadczenia i tw\u00f3rczo\u015bci, od \u017cycia codziennego po duchowo\u015b\u0107, mit i zmys\u0142ow\u0105 abstrakcj\u0119.<\/p>\n\n\n\n<ul class=\"wp-block-list\">\n<li><strong>Codzienno\u015b\u0107<\/strong><\/li>\n<\/ul>\n\n\n\n<p>Wystawa zacznie si\u0119 od opowie\u015bci o codziennym \u017cyciu kobiet w Polsce \u2013 pokazanej przez pryzmat malarstwa.&nbsp;<strong>Agata Kus&nbsp;<\/strong>przedstawi sceny z artystycznego Krakowa,&nbsp;<strong>Marta Nadolle<\/strong>&nbsp;skupi si\u0119 na realiach \u017cycia nauczycielki w Warszawie, Karolina Balcer opowie o rodzinnych napi\u0119ciach za pomoc\u0105 kuchennych przedmiot\u00f3w, a&nbsp;<strong>Ma\u0142gorzata Mirga-Tas<\/strong>&nbsp;poka\u017ce obrazy inspirowane \u017cyciem romskiej spo\u0142eczno\u015bci w Czarnej G\u00f3rze.<\/p>\n\n\n\n<ul class=\"wp-block-list\">\n<li><strong>Narracje<\/strong><\/li>\n<\/ul>\n\n\n\n<p>Kolejne prace to artystyczne wizje przysz\u0142o\u015bci i przepisane na nowo historie.&nbsp;<strong>Ania Grzyma\u0142a<\/strong>&nbsp;stworzy ba\u015bniowy \u015bwiat rz\u0105dzony przez kobiety, a&nbsp;<strong>Julia Woronowicz<\/strong>&nbsp;poka\u017ce alternatywn\u0105 wersj\u0119 historii Polski \u2013 z silnymi kobiecymi bohaterkami, takimi jak s\u0142owia\u0144skie wojowniczki.&nbsp;<strong>Viola Plaga-G\u0142owacka&nbsp;<\/strong>opowie o walce kobiet o swoje prawa, wykorzystuj\u0105c motyw rycerek i smok\u00f3w jako metafor\u0119 protest\u00f3w.<\/p>\n\n\n\n<ul class=\"wp-block-list\">\n<li><strong>Szeptuchy<\/strong><\/li>\n<\/ul>\n\n\n\n<p>Wa\u017cnym motywem wystawy b\u0119d\u0105 tak\u017ce szeptuchy \u2013 kobiety obdarzone wiedz\u0105, \u0142\u0105cz\u0105ce si\u0119 z natur\u0105 i symbolizuj\u0105ce si\u0142\u0119, wolno\u015b\u0107 i niezale\u017cno\u015b\u0107. W tej cz\u0119\u015bci zobaczymy m.in. ogromne papierowe wycinanki&nbsp;<strong>Niny Paszkowski<\/strong>, obrazy&nbsp;<strong>Natalii Ba\u017cowskiej<\/strong>, w kt\u00f3rych cia\u0142o kobiety stapia si\u0119 z natur\u0105, rze\u017aby&nbsp;<strong>Aleksandry Liput<\/strong>, tajemnicze bohaterki obraz\u00f3w&nbsp;<strong>Martyny Borowieckiej<\/strong>&nbsp;oraz wampiryczne kobiece postacie w malarstwie&nbsp;<strong>Doroty Ku\u017anik<\/strong>.<\/p>\n\n\n\n<ul class=\"wp-block-list\">\n<li><strong>Cielesna geometria<\/strong><\/li>\n<\/ul>\n\n\n\n<p>Artystki poka\u017c\u0105 te\u017c, \u017ce geometria nie musi by\u0107 sztywna i matematyczna \u2013 mo\u017cna nada\u0107 jej ludzki, cielesny wymiar.&nbsp;<strong>Kinga Popiela&nbsp;<\/strong>w swoich obrazach skupi si\u0119 na ruchach i odruchach ludzkiego cia\u0142a.&nbsp;<strong>Anna Panek<\/strong>&nbsp;wykorzysta geometryczn\u0105 abstrakcj\u0119, ale stworzon\u0105 r\u0119cznie \u2013 przez zszywanie kolorowych materia\u0142\u00f3w.&nbsp;<strong>Martyna \u015acibior&nbsp;<\/strong>si\u0119gnie po nietypowy materia\u0142 \u2013 lakier do paznokci, kt\u00f3ry kojarzy si\u0119 z cielesno\u015bci\u0105 i kobieco\u015bci\u0105. Natomiast&nbsp;<strong>Agata Bogacka<\/strong>&nbsp;zaprezentuje najdelikatniejsz\u0105, mi\u0119kk\u0105 form\u0119 abstrakcji \u2013 poprzez subtelne, zmys\u0142owe i pe\u0142ne ukrytego napi\u0119cia malarstwo.<\/p>\n\n\n\n<p><\/p>\n","protected":false},"excerpt":{"rendered":"<p>Artyku\u0142 Bujno\u015b\u0107. Sztuka kobiet w XXI wieku W Narodowym Muzeum Sztuki Mo\u0142dawii w Kiszyniowie. Kliknij, by&hellip;<\/p>\n","protected":false},"author":1,"featured_media":2514,"comment_status":"closed","ping_status":"open","sticky":false,"template":"","format":"standard","meta":{"footnotes":""},"categories":[6,8],"tags":[],"class_list":["post-2510","post","type-post","status-publish","format-standard","has-post-thumbnail","hentry","category-events","category-news"],"_links":{"self":[{"href":"https:\/\/agatakus.pl\/index.php?rest_route=\/wp\/v2\/posts\/2510","targetHints":{"allow":["GET"]}}],"collection":[{"href":"https:\/\/agatakus.pl\/index.php?rest_route=\/wp\/v2\/posts"}],"about":[{"href":"https:\/\/agatakus.pl\/index.php?rest_route=\/wp\/v2\/types\/post"}],"author":[{"embeddable":true,"href":"https:\/\/agatakus.pl\/index.php?rest_route=\/wp\/v2\/users\/1"}],"replies":[{"embeddable":true,"href":"https:\/\/agatakus.pl\/index.php?rest_route=%2Fwp%2Fv2%2Fcomments&post=2510"}],"version-history":[{"count":3,"href":"https:\/\/agatakus.pl\/index.php?rest_route=\/wp\/v2\/posts\/2510\/revisions"}],"predecessor-version":[{"id":2516,"href":"https:\/\/agatakus.pl\/index.php?rest_route=\/wp\/v2\/posts\/2510\/revisions\/2516"}],"wp:featuredmedia":[{"embeddable":true,"href":"https:\/\/agatakus.pl\/index.php?rest_route=\/wp\/v2\/media\/2514"}],"wp:attachment":[{"href":"https:\/\/agatakus.pl\/index.php?rest_route=%2Fwp%2Fv2%2Fmedia&parent=2510"}],"wp:term":[{"taxonomy":"category","embeddable":true,"href":"https:\/\/agatakus.pl\/index.php?rest_route=%2Fwp%2Fv2%2Fcategories&post=2510"},{"taxonomy":"post_tag","embeddable":true,"href":"https:\/\/agatakus.pl\/index.php?rest_route=%2Fwp%2Fv2%2Ftags&post=2510"}],"curies":[{"name":"wp","href":"https:\/\/api.w.org\/{rel}","templated":true}]}}