{"id":252,"date":"2015-03-01T20:10:24","date_gmt":"2015-03-01T19:10:24","guid":{"rendered":"http:\/\/agatakus.pl\/?p=252"},"modified":"2015-11-21T20:15:43","modified_gmt":"2015-11-21T19:15:43","slug":"projekt-polowanie","status":"publish","type":"post","link":"https:\/\/agatakus.pl\/?p=252","title":{"rendered":"PROJEKT POLOWANIE"},"content":{"rendered":"<header class=\"entry-header\">\n<h1 class=\"entry-title\"><a href=\"https:\/\/projektpolowanie.wordpress.com\/2015\/03\/03\/polowanie-glowna-odslona-13-22-03-2015\/\" rel=\"bookmark\">POLOWANIE. G\u0141\u00d3WNA ODS\u0141ONA.\u00a013-22.03.2015<\/a><\/h1>\n<div class=\"entry-content clear\">\n<p>Szanowni Pa\u0144stwo!<\/p>\n<p>Wernisa\u017c wystawy ju\u017c <strong>13 marca o godz. 19:00 przy ul. Romanowicza 4<\/strong> w Krakowie.<\/p>\n<p>Ekspozycja zostanie zbudowana w postindustrialnej przestrzeni fabryki. Jak odnajdzie si\u0119 w niej temat relacji cz\u0142owieka z natur\u0105, cz\u0142owieka-\u0142owcy? Przyjd\u017acie i zobaczcie koniecznie!<\/p>\n<p>Kolejne wydarzenia ju\u017c <strong>21 i 22 marca w Pauza In Garden<\/strong> przy MOSie (Krak\u00f3w, ul. Rajska) \u2013&gt; warsztaty z etnobotanikiem Markiem Styczy\u0144skim, dwa wyk\u0142ady profesor\u00f3w nauk przyrodniczych o \u201cza\u201d i \u201cprzeciw\u201d \u0142owiectwu oraz panel dyskusyjny z udzia\u0142em my\u015bliwych i przeciwnik\u00f3w \u0142owiectwa.<\/p>\n<\/div>\n<\/header>\n<div class=\"entry-content clear\">\n<p>\u0141owiectwo i jego interpretacje to pole, na kt\u00f3rym uwidacznia si\u0119 aktualny stan relacji cz\u0142owieka z\u00a0jego \u015brodowiskiem naturalnym. Dawniej polowanie stanowi\u0142o podstaw\u0119 ludzkiej egzystencji. Dzi\u015b,\u00a0wyzute z tej roli, pozbawione ca\u0142kowicie znaczenia gospodarczego \u2013dlaczego wci\u0105\u017c jest podtrzymywane?<\/p>\n<p>My\u015bliwi podkre\u015blaj\u0105 potrzeb\u0119 kontrolowania populacji zwierz\u0105t \u0142ownych i opieki nad nimi. Reguluj\u0105, selekcjonuj\u0105, rozmna\u017caj\u0105, uzupe\u0142niaj\u0105, karmi\u0105. Stoj\u0105 na stra\u017cy r\u00f3wnowagi ekologicznej, samodzielnie definiuj\u0105c jej kategorie. \u0141owiectwo to jednak nie samo gospodarowanie zwierzyn\u0105 \u2013 pod poj\u0119ciem tym mie\u015bci si\u0119 ca\u0142a bogato rozbudowana subkultura. Tradycje, zwyczaje, zasady etyczne, specyficzna estetyka \u2013 to wszystko pokazuje, \u017ce motorem dzia\u0142a\u0144\/dzia\u0142alno\u015bci my\u015bliwych nie\u00a0s\u0105 tylko ekologiczne wzgl\u0119dy.<\/p>\n<p>&nbsp;<\/p>\n<p>Dlaczego i jak konieczno\u015b\u0107 \u017cyciowa zosta\u0142a zast\u0105piona przez ideologi\u0119 ekologiczn\u0105? Co sprawi\u0142o, \u017ce\u00a0model stawiaj\u0105cy cz\u0142owieka w roli opiekuna przyrody sta\u0142 si\u0119 powszechnie przyj\u0119tym przez pa\u0144stwo i prawo?<\/p>\n<p>Celem projektu jest pokazanie \u0142owiectwa z r\u00f3\u017cnych perspektyw i wzbudzenie publicznej debaty na\u00a0jego temat. Chcemy przede wszystkim postawi\u0107 wymienione tu pytania, niekoniecznie znale\u017a\u0107 na\u00a0nie odpowied\u017a.<\/p>\n<\/div>\n","protected":false},"excerpt":{"rendered":"<p>POLOWANIE. G\u0141\u00d3WNA ODS\u0141ONA.\u00a013-22.03.2015 Szanowni Pa\u0144stwo! Wernisa\u017c wystawy ju\u017c 13 marca o godz. 19:00 przy ul. Romanowicza&hellip;<\/p>\n","protected":false},"author":1,"featured_media":253,"comment_status":"closed","ping_status":"open","sticky":false,"template":"","format":"standard","meta":{"footnotes":""},"categories":[6,8],"tags":[],"class_list":["post-252","post","type-post","status-publish","format-standard","has-post-thumbnail","hentry","category-events","category-news"],"_links":{"self":[{"href":"https:\/\/agatakus.pl\/index.php?rest_route=\/wp\/v2\/posts\/252","targetHints":{"allow":["GET"]}}],"collection":[{"href":"https:\/\/agatakus.pl\/index.php?rest_route=\/wp\/v2\/posts"}],"about":[{"href":"https:\/\/agatakus.pl\/index.php?rest_route=\/wp\/v2\/types\/post"}],"author":[{"embeddable":true,"href":"https:\/\/agatakus.pl\/index.php?rest_route=\/wp\/v2\/users\/1"}],"replies":[{"embeddable":true,"href":"https:\/\/agatakus.pl\/index.php?rest_route=%2Fwp%2Fv2%2Fcomments&post=252"}],"version-history":[{"count":1,"href":"https:\/\/agatakus.pl\/index.php?rest_route=\/wp\/v2\/posts\/252\/revisions"}],"predecessor-version":[{"id":254,"href":"https:\/\/agatakus.pl\/index.php?rest_route=\/wp\/v2\/posts\/252\/revisions\/254"}],"wp:featuredmedia":[{"embeddable":true,"href":"https:\/\/agatakus.pl\/index.php?rest_route=\/wp\/v2\/media\/253"}],"wp:attachment":[{"href":"https:\/\/agatakus.pl\/index.php?rest_route=%2Fwp%2Fv2%2Fmedia&parent=252"}],"wp:term":[{"taxonomy":"category","embeddable":true,"href":"https:\/\/agatakus.pl\/index.php?rest_route=%2Fwp%2Fv2%2Fcategories&post=252"},{"taxonomy":"post_tag","embeddable":true,"href":"https:\/\/agatakus.pl\/index.php?rest_route=%2Fwp%2Fv2%2Ftags&post=252"}],"curies":[{"name":"wp","href":"https:\/\/api.w.org\/{rel}","templated":true}]}}