{"id":282,"date":"2014-09-01T21:02:51","date_gmt":"2014-09-01T19:02:51","guid":{"rendered":"http:\/\/agatakus.pl\/?p=282"},"modified":"2015-11-23T14:05:52","modified_gmt":"2015-11-23T13:05:52","slug":"44-fama-2014trojzab-neptunanagroda-dla-najlepszego-wydarzenia-artystycznego-festiwalu","status":"publish","type":"post","link":"https:\/\/agatakus.pl\/?p=282","title":{"rendered":"44. FAMA- 2014|TR\u00d3JZ\u0104B NEPTUNA|NAGRODA DLA NAJLEPSZEGO WYDARZENIA ARTYSTYCZNEGO FESTIWALU"},"content":{"rendered":"<p><a id=\"js_40\" class=\"\" tabindex=\"0\" href=\"https:\/\/www.facebook.com\/fama.festiwal\" data-hovercard=\"\/ajax\/hovercard\/page.php?id=144325638990233\">FAMA FESTIWAL<\/a>\u00a02014|TR\u00d3JZ\u0104B NEPTUNA|NAGRODA DLA NAJLEPSZEGO WYDARZENIA ARTYSTYCZNEGO FESTIWALU &#8211; DLA AUTOR\u00d3W WYSTAWY HABITAT| FUNDATOR &#8211; MARSZA\u0141EK WOJEW\u00d3DZTWA ZACHODNIOPOMORSKIEGO|<\/p>\n<p><a href=\"http:\/\/agatakus.pl\/wp-content\/uploads\/2015\/11\/10396971_711190318930642_7473556915829798126_o.jpg\"><img loading=\"lazy\" decoding=\"async\" class=\"aligncenter size-large wp-image-283\" src=\"https:\/\/agatakus.pl\/wp-content\/uploads\/2015\/11\/10396971_711190318930642_7473556915829798126_o-1024x373.jpg\" alt=\"10396971_711190318930642_7473556915829798126_o\" width=\"1024\" height=\"373\" srcset=\"https:\/\/agatakus.pl\/wp-content\/uploads\/2015\/11\/10396971_711190318930642_7473556915829798126_o-1024x373.jpg 1024w, https:\/\/agatakus.pl\/wp-content\/uploads\/2015\/11\/10396971_711190318930642_7473556915829798126_o-300x109.jpg 300w\" sizes=\"auto, (max-width: 1024px) 100vw, 1024px\" \/><\/a> <a href=\"http:\/\/agatakus.pl\/wp-content\/uploads\/2015\/11\/10633998_683705251718933_3034640288619262156_o.jpg\"><img loading=\"lazy\" decoding=\"async\" class=\"alignnone size-medium wp-image-284\" src=\"https:\/\/agatakus.pl\/wp-content\/uploads\/2015\/11\/10633998_683705251718933_3034640288619262156_o-300x225.jpg\" alt=\"10633998_683705251718933_3034640288619262156_o\" width=\"300\" height=\"225\" srcset=\"https:\/\/agatakus.pl\/wp-content\/uploads\/2015\/11\/10633998_683705251718933_3034640288619262156_o-300x225.jpg 300w, https:\/\/agatakus.pl\/wp-content\/uploads\/2015\/11\/10633998_683705251718933_3034640288619262156_o-1024x768.jpg 1024w, https:\/\/agatakus.pl\/wp-content\/uploads\/2015\/11\/10633998_683705251718933_3034640288619262156_o.jpg 1154w\" sizes=\"auto, (max-width: 300px) 100vw, 300px\" \/><\/a><\/p>\n<p>Fama to najwi\u0119ksze interdyscyplinarne wydarzenie m\u0142odej sztuki i kultury. Chcemy umo\u017cliwi\u0107 ci <strong><span class=\"oswald\">DEBIUT<\/span><\/strong> oraz konfrontacj\u0119 z innymi tw\u00f3rcami z Polski i Europy. Przede wszystkim jednak, chcemy zaprosi\u0107 ci\u0119 do \u015awinouj\u015bcia, \u017ceby\u015b na w\u0142asnej sk\u00f3rze odczu\u0142 atmosfer\u0119 tego wyj\u0105tkowego wydarzenia. Fama dopuszcza ka\u017cd\u0105 form\u0119 tw\u00f3rczej ekspresji, a program festiwalu pozostaje otwarty na spontaniczne inicjatywy uczestnik\u00f3w do ostatniego dnia jego trwania.<\/p>\n<p>Fama jest jedynym w Polsce artystycznym wydarzeniem <strong><span class=\"oswald\">INTERDYSCYPLINARNYM<\/span><\/strong>, kt\u00f3re jest jednocze\u015bnie nastawione na doskonalenie warsztatu m\u0142odych tw\u00f3rc\u00f3w. \u0141\u0105czy ona muzyk\u0119 powa\u017cn\u0105, jazzow\u0105, zespo\u0142y muzyczne wszystkich gatunk\u00f3w, wokalist\u00f3w, tancerzy, teatry, kabarety, interdyscyplinarne grupy tw\u00f3rcze, film, fotografi\u0119, happener\u00f3w i performer\u00f3w, artyst\u00f3w sztuk wizualnych, pisarzy i poet\u00f3w, dziennikarzy, krytyk\u00f3w sztuki, animator\u00f3w kultury i inspicjent\u00f3w. Jej celem jest prezentacja najzdolniejszych tw\u00f3rc\u00f3w m\u0142odego pokolenia i tworzenie platformy dla corocznego szkolenia i konfrontacji. Program Famy to prezentacja autorskiego dorobku uczestnik\u00f3w, realizacja projekt\u00f3w premierowych, sekcje warsztatowe w poszczeg\u00f3lnych dziedzinach oraz prezentacja renomowanych artyst\u00f3w sceny polskiej i \u015bwiatowej.<\/p>\n<p>Nad sekcjami warsztatowymi czuwaj\u0105 <strong><span class=\"oswald\">PEDAGODZY<\/span><\/strong>. W minionych edycjach festiwalu byli to: wiolonczelista i dyrygent Adam Klocek, jazzman W\u0142odek Pawlik, pianista i kompozytor Janusz Grzywacz, wokalistka Anna Serafi\u0144ska, fotograf Tomek Sikora, artysta kabaretowy W\u0142adys\u0142aw Sikora, re\u017cyserzy i aktorzy teatralni \u2013 Marek Ko\u015bci\u00f3\u0142ek, Jarek Filipski, Bibianna Chimiak, Piotr Starzy\u0144ski, pisarze Darek Foks i Natasza Goerke, tancerze Jarek Staniek i Emil K\u0119pski, artysta plastyk i performer Jaros\u0142aw Koziara, krytyczka sztuki Magda Ujma, pisarz i dziennikarz Artur Daniel Liskowacki, dziennikarka radiowa Katarzyna Wolnik-Sayna. Dla os\u00f3b zakwalifikowanych udzia\u0142 w warsztatach jest bezp\u0142atny. Dodatkowo, w przestrzeni miasta realizowane s\u0105 dzia\u0142ania animacyjno-artystyczne oraz warsztaty producenckie, szkol\u0105ce przysz\u0142ych inspicjent\u00f3w i realizator\u00f3w wydarze\u0144 artystycznych. Festiwal ko\u0144czy si\u0119 Koncertem Fina\u0142owym oraz przyznaniem nagr\u00f3d.<\/p>\n<p>Od kilku lat Fama w\u0142\u0105cza do swojego programu tak\u017ce <strong><span class=\"oswald\">WYDARZENIA SPECJALNE<\/span><\/strong> \u2013 artyst\u00f3w renomowanych i nagradzanych, kt\u00f3rzy mog\u0105 sta\u0107 si\u0119 inspiracj\u0105 dla m\u0142odego pokolenia tw\u00f3rc\u00f3w. Podczas ostatnich edycji w \u015awinouj\u015bciu go\u015bcili m.in.: muzycy i wokali\u015bci \u2013 Anna Serafi\u0144ska z zespo\u0142em Groove Machine, Ewa Bem, Skubas, Andrzej Smolik, Bajzel, Jorgos Skolias, Josh Lawrence, Jan Ptaszyn Wr\u00f3blewski, Rykarda Parasol, zespo\u0142y \u2013 Voo Voo, Vo\u0142osi, Atom String Quartet, Niwea, Sobaki v Kosmose, SzaZaZe (Szamburski, Zakrocki, Zemler), Profesjonalizm (sekstet jazzowy Marcina Maseckiego), pisarze i pisarki \u2013 Marian Pilot, Bohdan Zadura, Andrzej Stasiuk, Mariusz Szczygie\u0142, Krzysztof Varga, Janusz Rudnicki, W\u0142odzimierz Nowak, Artur Daniel Liskowacki, Pawe\u0142 Dunin-W\u0105sowicz, Filip Springer, Jurij Andruchowycz, O\u0142eksandr Irwanec, Serhij \u017badan, Hubert Klimko-Dobrzaniecki, Dorota Warakomska, Natasza Goerke, Ma\u0142gorzata Rejmer, teatry \u2013 Kana i KTO oraz Orkiestra Kameralna Polskiego Radia Amadeus pod dyrekcj\u0105 Agnieszki Duczmal i Baltic Neopolis Orchestra (Adam Klocek \u2013 wiolonczela, Tomasz Tomaszewski \u2013 koncertmistrz).<\/p>\n<p><strong><span class=\"oswald\">HISTORI\u0118 FAMY<\/span><\/strong> tworz\u0105 takie osoby i grupy, jak: Magda Umer, Marek Grechuta, Jacek Kaczmarski, Agnieszka Duczmal, Jan Sawka, Jacek Kleyff, Krzysztof Knittel, Grzegorz Ciechowski, Olga Lipi\u0144ska, Marek Dyjak, Mariusz Lubomski, Renata Przemyk, Maciej Stuhr, Kinga Preis, Wojciech Ko\u015bcielniak, Sambor Dudzi\u0144ski, zesp\u00f3\u0142 Raz Dwa Trzy, Teatr \u00d3smego Dnia, Salon Niezale\u017cnych, Kabaret Potem, artysta sztuk wizualnych i performer Robert Ku\u015bmirowski, a w ostatnich latach \u2013 Iwona Loranc, Joanna Lewandowska, Mela Koteluk, Piotr Rogucki i zesp\u00f3\u0142 Coma, Kamil Bednarek i StarGuardMuffin, zespo\u0142y Trzy Dni P\u00f3\u017aniej, Dziewczyny, Sorry Boys, Fusionator, Disparates, Mi\u0105\u017csz, Clock Machine, The Toobes, FairyTaleShow, Poprzytula, trio jazzowe Levity, Teatr Realistyczny, Teatr Krzyk, Grupa Artystyczna Teraz Poli\u017c, Teatr Improwizowany Klancyk, kabaret S\u0142uchajcie, kabaret Szarpanina, standuper i improwizator Micha\u0142 Kempa, Sekcja Muzyczna Ko\u0142\u0142\u0105tajowskiej Ku\u017ani Prawdziwych M\u0119\u017cczyzn z Ol\u0105, malarka Agata Kus. Obecnie uczestnicy Famy zwyci\u0119\u017caj\u0105 najwa\u017cniejsze konkursy w dziedzinie kultury: Paszporty Polityki, Przegl\u0105d Piosenki Aktorskiej we Wroc\u0142awiu, Mi\u0119dzynarodowy Festiwal Teatralny Malta w Poznaniu i in.<\/p>\n<p>Fam\u0119 tworz\u0105 organizatorzy, instytucje wspieraj\u0105ce, debiutuj\u0105cy arty\u015bci, pedagodzy i autorytety polskiej kultury, obs\u0142uga techniczna oraz mecenasi kultury. Festiwal odbywa si\u0119 od <strong><span class=\"oswald\">1965<\/span><\/strong> roku w cyklu corocznym w \u015awinouj\u015bciu. W latach 1978-1982 z powodu braku zgody w\u0142adz festiwal nie odbywa\u0142 si\u0119.<\/p>\n<p><span class=\"oswald\"><strong>SCENY FESTIWALU<\/strong>:<\/span> Amfiteatr, Miejski Dom Kultury, Muszla Koncertowa, Hala w Basenie P\u00f3\u0142nocnym, Galeria Miejsce sztuki44, Jazz Club Scena, Cafe Centrala, Restauracja Konstelacja oraz plenery i sceny \u201ealternatywne\u201d: pla\u017ca, promenada, ulice miasta, sklepy, targi i osiedla miejskie.<\/p>\n","protected":false},"excerpt":{"rendered":"<p>FAMA FESTIWAL\u00a02014|TR\u00d3JZ\u0104B NEPTUNA|NAGRODA DLA NAJLEPSZEGO WYDARZENIA ARTYSTYCZNEGO FESTIWALU &#8211; DLA AUTOR\u00d3W WYSTAWY HABITAT| FUNDATOR &#8211; MARSZA\u0141EK&hellip;<\/p>\n","protected":false},"author":1,"featured_media":467,"comment_status":"closed","ping_status":"open","sticky":false,"template":"","format":"standard","meta":{"footnotes":""},"categories":[6,8],"tags":[],"class_list":["post-282","post","type-post","status-publish","format-standard","has-post-thumbnail","hentry","category-events","category-news"],"_links":{"self":[{"href":"https:\/\/agatakus.pl\/index.php?rest_route=\/wp\/v2\/posts\/282","targetHints":{"allow":["GET"]}}],"collection":[{"href":"https:\/\/agatakus.pl\/index.php?rest_route=\/wp\/v2\/posts"}],"about":[{"href":"https:\/\/agatakus.pl\/index.php?rest_route=\/wp\/v2\/types\/post"}],"author":[{"embeddable":true,"href":"https:\/\/agatakus.pl\/index.php?rest_route=\/wp\/v2\/users\/1"}],"replies":[{"embeddable":true,"href":"https:\/\/agatakus.pl\/index.php?rest_route=%2Fwp%2Fv2%2Fcomments&post=282"}],"version-history":[{"count":1,"href":"https:\/\/agatakus.pl\/index.php?rest_route=\/wp\/v2\/posts\/282\/revisions"}],"predecessor-version":[{"id":286,"href":"https:\/\/agatakus.pl\/index.php?rest_route=\/wp\/v2\/posts\/282\/revisions\/286"}],"wp:featuredmedia":[{"embeddable":true,"href":"https:\/\/agatakus.pl\/index.php?rest_route=\/wp\/v2\/media\/467"}],"wp:attachment":[{"href":"https:\/\/agatakus.pl\/index.php?rest_route=%2Fwp%2Fv2%2Fmedia&parent=282"}],"wp:term":[{"taxonomy":"category","embeddable":true,"href":"https:\/\/agatakus.pl\/index.php?rest_route=%2Fwp%2Fv2%2Fcategories&post=282"},{"taxonomy":"post_tag","embeddable":true,"href":"https:\/\/agatakus.pl\/index.php?rest_route=%2Fwp%2Fv2%2Ftags&post=282"}],"curies":[{"name":"wp","href":"https:\/\/api.w.org\/{rel}","templated":true}]}}