{"id":340,"date":"2014-06-01T14:19:23","date_gmt":"2014-06-01T12:19:23","guid":{"rendered":"http:\/\/agatakus.pl\/?p=340"},"modified":"2016-11-10T18:48:02","modified_gmt":"2016-11-10T17:48:02","slug":"gadajacy-pies-nr-27","status":"publish","type":"post","link":"https:\/\/agatakus.pl\/?p=340","title":{"rendered":"GADAJ\u0104CY PIES, NR. 27"},"content":{"rendered":"<p>M\u0141ODZI OBLE\u015aNI NA GADAJ\u0104CYM PSIE, NR. 27<\/p>\n<p>Video: Wr\u00f3\u017c Mieczys\u0142aw, Agata Kus, Marcin \u015awietlicki<\/p>\n<p>&nbsp;<\/p>\n<p><b>Gadaj\u0105cy Pies<\/b> \u2013 pismo m\u00f3wione prowadzone przez <a title=\"Piotr Bikont\" href=\"https:\/\/pl.wikipedia.org\/wiki\/Piotr_Bikont\">Piotra Bikonta<\/a> i <a title=\"Maciej Piotr Prus\" href=\"https:\/\/pl.wikipedia.org\/wiki\/Maciej_Piotr_Prus\">Macieja Piotra Prusa<\/a>. Impreza odbywa si\u0119 co miesi\u0105c w krakowskim klubie <a class=\"new\" title=\"Pi\u0119kny Pies (strona nie istnieje)\" href=\"https:\/\/pl.wikipedia.org\/w\/index.php?title=Pi%C4%99kny_Pies&amp;action=edit&amp;redlink=1\">Pi\u0119kny Pies<\/a> od drugiej po\u0142owy 2010 roku. W sk\u0142ad redakcji, poza prowadz\u0105cymi, wchodz\u0105 <a title=\"Aleksander Janicki\" href=\"https:\/\/pl.wikipedia.org\/wiki\/Aleksander_Janicki\">Aleksander Janicki<\/a>, <a title=\"Edward Pasewicz\" href=\"https:\/\/pl.wikipedia.org\/wiki\/Edward_Pasewicz\">Edward Pasewicz<\/a>, <a title=\"Andrzej Pilichowski-Ragno\" href=\"https:\/\/pl.wikipedia.org\/wiki\/Andrzej_Pilichowski-Ragno\">Andrzej Pilichowski Ragno<\/a>, <a title=\"Jorgos Skolias\" href=\"https:\/\/pl.wikipedia.org\/wiki\/Jorgos_Skolias\">Jorgos Skolias<\/a> i <a title=\"Marcin \u015awietlicki\" href=\"https:\/\/pl.wikipedia.org\/wiki\/Marcin_%C5%9Awietlicki\">Marcin \u015awietlicki<\/a>.<\/p>\n<p>Do pojawienia si\u0119 na scenie \u201eGadaj\u0105cego Psa\u201d zapraszani s\u0105 g\u0142\u00f3wnie przedstawiciele \u015brodowisk artystycznych i naukowych. Tematyka wyst\u0119p\u00f3w nie jest w \u017caden spos\u00f3b ograniczona, a ka\u017cdy z go\u015bci ma na zaprezentowanie si\u0119 pi\u0119\u0107 minut<sup id=\"cite_ref-1\" class=\"reference\"><a href=\"https:\/\/pl.wikipedia.org\/wiki\/Gadaj%C4%85cy_Pies#cite_note-1\">[1]<\/a><\/sup>. Aby zasygnalizowa\u0107 up\u0142yw czasu, Prus wy\u0142\u0105cza jedn\u0105 ze swoich pi\u0119ciu charakterystycznych, czerwonych \u017car\u00f3wek za ka\u017cdym razem po up\u0142ywie 60 sekund. Zga\u015bni\u0119cie wszystkich \u017car\u00f3wek oznacza, \u017ce dana osoba wyczerpa\u0142a sw\u00f3j czas.<\/p>\n<p>Na ka\u017cdy numer przypadaj\u0105 wyst\u0105pienia artyst\u00f3w muzycznych, performer\u00f3w, poet\u00f3w, pisarzy i naukowc\u00f3w. Sta\u0142ymi uczestnikami s\u0105 m. in. <a title=\"Marcin Baran\" href=\"https:\/\/pl.wikipedia.org\/wiki\/Marcin_Baran\">Marcin Baran<\/a>, <a title=\"Piotr Bartula\" href=\"https:\/\/pl.wikipedia.org\/wiki\/Piotr_Bartula\">Piotr Bartula<\/a>, <a title=\"Mi\u0142osz Biedrzycki\" href=\"https:\/\/pl.wikipedia.org\/wiki\/Mi%C5%82osz_Biedrzycki\">Mi\u0142osz Biedrzycki<\/a>, <a title=\"Wojciech Bonowicz\" href=\"https:\/\/pl.wikipedia.org\/wiki\/Wojciech_Bonowicz\">Wojciech Bonowicz<\/a>, <a class=\"new\" title=\"Pawe\u0142 G\u0142owacki (krytyk teatralny) (strona nie istnieje)\" href=\"https:\/\/pl.wikipedia.org\/w\/index.php?title=Pawe%C5%82_G%C5%82owacki_(krytyk_teatralny)&amp;action=edit&amp;redlink=1\">Pawe\u0142 G\u0142owacki<\/a>, <a title=\"Les\u0142aw i Wac\u0142aw Janiccy\" href=\"https:\/\/pl.wikipedia.org\/wiki\/Les%C5%82aw_i_Wac%C5%82aw_Janiccy\">Les\u0142aw i Wac\u0142aw Janiccy<\/a>, <a class=\"new\" title=\"Szymon Kloska (strona nie istnieje)\" href=\"https:\/\/pl.wikipedia.org\/w\/index.php?title=Szymon_Kloska&amp;action=edit&amp;redlink=1\">Szymon Kloska<\/a>, Olimpia Maciejewska w reprezentacji <a title=\"Galeria Olympia\" href=\"https:\/\/pl.wikipedia.org\/wiki\/Galeria_Olympia\">Galerii Olympia<\/a>, <a title=\"Maciej Miezian\" href=\"https:\/\/pl.wikipedia.org\/wiki\/Maciej_Miezian\">Maciej Miezian<\/a> i <a title=\"Jerzy Vetulani\" href=\"https:\/\/pl.wikipedia.org\/wiki\/Jerzy_Vetulani\">Jerzy Vetulani<\/a><sup id=\"cite_ref-wyb_2-0\" class=\"reference\"><a href=\"https:\/\/pl.wikipedia.org\/wiki\/Gadaj%C4%85cy_Pies#cite_note-wyb-2\">[2]<\/a><\/sup><sup id=\"cite_ref-dp_3-0\" class=\"reference\"><a href=\"https:\/\/pl.wikipedia.org\/wiki\/Gadaj%C4%85cy_Pies#cite_note-dp-3\">[3]<\/a><\/sup>. Go\u015bcinnie wyst\u0119powali m. in. <a title=\"Krzysztof Bielawski\" href=\"https:\/\/pl.wikipedia.org\/wiki\/Krzysztof_Bielawski\">Krzysztof Bielawski<\/a>, <a title=\"Paulina Bisztyga\" href=\"https:\/\/pl.wikipedia.org\/wiki\/Paulina_Bisztyga\">Paulina Bisztyga<\/a>, <a title=\"Wojciech Brzoska\" href=\"https:\/\/pl.wikipedia.org\/wiki\/Wojciech_Brzoska\">Wojciech Brzoska<\/a>, <a title=\"Rafa\u0142 Dutkiewicz\" href=\"https:\/\/pl.wikipedia.org\/wiki\/Rafa%C5%82_Dutkiewicz\">Rafa\u0142 Dutkiewicz<\/a><sup id=\"cite_ref-dp_3-1\" class=\"reference\"><a href=\"https:\/\/pl.wikipedia.org\/wiki\/Gadaj%C4%85cy_Pies#cite_note-dp-3\">[3]<\/a><\/sup>, <a title=\"Antoni Gralak\" href=\"https:\/\/pl.wikipedia.org\/wiki\/Antoni_Gralak\">Antoni Gralak<\/a>, <a title=\"Piotr Gruszczy\u0144ski\" href=\"https:\/\/pl.wikipedia.org\/wiki\/Piotr_Gruszczy%C5%84ski\">Piotr Gruszczy\u0144ski<\/a>, <a title=\"Gaja Grzegorzewska\" href=\"https:\/\/pl.wikipedia.org\/wiki\/Gaja_Grzegorzewska\">Gaja Grzegorzewska<\/a>, <a title=\"Janusz Iwa\u0144ski\" href=\"https:\/\/pl.wikipedia.org\/wiki\/Janusz_Iwa%C5%84ski\">Janusz Iwa\u0144ski<\/a>, <a title=\"Krzysztof Knittel\" href=\"https:\/\/pl.wikipedia.org\/wiki\/Krzysztof_Knittel\">Krzysztof Knittel<\/a>, <a title=\"Ryszard Krynicki\" href=\"https:\/\/pl.wikipedia.org\/wiki\/Ryszard_Krynicki\">Ryszard Krynicki<\/a>, <a title=\"Krzysztof Ma\u0107kowski\" href=\"https:\/\/pl.wikipedia.org\/wiki\/Krzysztof_Ma%C4%87kowski\">Krzysztof Ma\u0107kowski<\/a>, <a title=\"Robert Mak\u0142owicz\" href=\"https:\/\/pl.wikipedia.org\/wiki\/Robert_Mak%C5%82owicz\">Robert Mak\u0142owicz<\/a>, <a class=\"new\" title=\"Andrzej Marzec (strona nie istnieje)\" href=\"https:\/\/pl.wikipedia.org\/w\/index.php?title=Andrzej_Marzec&amp;action=edit&amp;redlink=1\">Andrzej Marzec<\/a>, <a title=\"Czes\u0142aw Minkus\" href=\"https:\/\/pl.wikipedia.org\/wiki\/Czes%C5%82aw_Minkus\">Czet Minkus<\/a>, <a title=\"Marcin Ole\u015b\" href=\"https:\/\/pl.wikipedia.org\/wiki\/Marcin_Ole%C5%9B\">Marcin Ole\u015b<\/a>, <a title=\"\u0141ukasz Orbitowski\" href=\"https:\/\/pl.wikipedia.org\/wiki\/%C5%81ukasz_Orbitowski\">\u0141ukasz Orbitowski<\/a>, <a title=\"Pablopavo\" href=\"https:\/\/pl.wikipedia.org\/wiki\/Pablopavo\">Pablopavo<\/a>, <a title=\"Zbigniew Pasek\" href=\"https:\/\/pl.wikipedia.org\/wiki\/Zbigniew_Pasek\">Zbigniew Pasek<\/a>, <a title=\"Magda Piskorczyk\" href=\"https:\/\/pl.wikipedia.org\/wiki\/Magda_Piskorczyk\">Magda Piskorczyk<\/a>, <a title=\"Mateusz Pospieszalski\" href=\"https:\/\/pl.wikipedia.org\/wiki\/Mateusz_Pospieszalski\">Mateusz Pospieszalski<\/a>, <a title=\"Tomasz Schimscheiner\" href=\"https:\/\/pl.wikipedia.org\/wiki\/Tomasz_Schimscheiner\">Tomasz Schimscheiner<\/a>, <a title=\"Kamil Sipowicz\" href=\"https:\/\/pl.wikipedia.org\/wiki\/Kamil_Sipowicz\">Kamil Sipowicz<\/a>,<a title=\"Krzysztof Skiba\" href=\"https:\/\/pl.wikipedia.org\/wiki\/Krzysztof_Skiba\">Krzysztof Skiba<\/a>, <a title=\"Stanis\u0142aw Sojka\" href=\"https:\/\/pl.wikipedia.org\/wiki\/Stanis%C5%82aw_Sojka\">Stanis\u0142aw Sojka<\/a>, <a title=\"Krzysztof \u015aciera\u0144ski\" href=\"https:\/\/pl.wikipedia.org\/wiki\/Krzysztof_%C5%9Aciera%C5%84ski\">Krzysztof \u015aciera\u0144ski<\/a>, <a title=\"Krzysztof Varga\" href=\"https:\/\/pl.wikipedia.org\/wiki\/Krzysztof_Varga\">Krzysztof Varga<\/a> i <a title=\"Adam Ziemianin\" href=\"https:\/\/pl.wikipedia.org\/wiki\/Adam_Ziemianin\">Adam Ziemianin<\/a>.<\/p>\n<p>W listopadzie 2011 roku w ramach festiwalu Transsmisja numer \u201eGadaj\u0105cego Psa\u201d przemianowano na \u201eGadaj\u0105c\u0105 Suk\u0119\u201d, kt\u00f3ra zosta\u0142a po\u015bwi\u0119cona kobietom<sup id=\"cite_ref-4\" class=\"reference\"><a href=\"https:\/\/pl.wikipedia.org\/wiki\/Gadaj%C4%85cy_Pies#cite_note-4\">[4]<\/a><\/sup>. Pismo zawiesi\u0142o dzia\u0142alno\u015b\u0107 na okres kwiecie\u0144\u2013grudzie\u0144 2012. Reaktywacja nast\u0105pi\u0142a w styczniu 2013.<\/p>\n<p>Magazyn zosta\u0142 nominowany do nagrody Kulturalne Odloty w kategorii \u201eWydarzenie Roku 2011\u201d<sup id=\"cite_ref-wyb_2-1\" class=\"reference\"><a href=\"https:\/\/pl.wikipedia.org\/wiki\/Gadaj%C4%85cy_Pies#cite_note-wyb-2\">[2]<\/a><\/sup>.<\/p>\n<p>W listopadzie 2013 odby\u0142a si\u0119 premiera mi\u0119dzynarodowej wersji \u201eGadaj\u0105cego Psa\u201d \u2013 \u201eThe Talking Dog\u201d. Wydarzenie, b\u0119d\u0105ce bytem niezale\u017cnym od oryginalnego magazynu, mia\u0142o s\u0142u\u017cy\u0107 integracji r\u00f3\u017cnych spo\u0142eczno\u015bci krakowskich, niekoniecznie polskoj\u0119zycznych. Jego prowadz\u0105cymi byli David McGirr i Kevin Patrick Cullen. Zosta\u0142y w nim zachowane najwa\u017cniejsze zasady z edycji polskiej, jedyn\u0105 istotn\u0105 r\u00f3\u017cnic\u0105 by\u0142 j\u0119zyk. \u201eThe Talking Dog\u201d prowadzony by\u0142 po angielsku<sup id=\"cite_ref-5\" class=\"reference\"><a href=\"https:\/\/pl.wikipedia.org\/wiki\/Gadaj%C4%85cy_Pies#cite_note-5\">[5]<\/a><\/sup><sup id=\"cite_ref-6\" class=\"reference\"><a href=\"https:\/\/pl.wikipedia.org\/wiki\/Gadaj%C4%85cy_Pies#cite_note-6\">[6]<\/a><\/sup>. Pismo zako\u0144czy\u0142o dzia\u0142alno\u015b\u0107 po dw\u00f3ch wydaniach.<\/p>\n<p><a href=\"http:\/\/agatakus.pl\/wp-content\/uploads\/2015\/11\/mo.jpg\"><img loading=\"lazy\" decoding=\"async\" class=\"aligncenter size-large wp-image-341\" src=\"https:\/\/agatakus.pl\/wp-content\/uploads\/2015\/11\/mo-1024x576.jpg\" alt=\"mo\" width=\"1024\" height=\"576\" srcset=\"https:\/\/agatakus.pl\/wp-content\/uploads\/2015\/11\/mo-1024x576.jpg 1024w, https:\/\/agatakus.pl\/wp-content\/uploads\/2015\/11\/mo-300x169.jpg 300w, https:\/\/agatakus.pl\/wp-content\/uploads\/2015\/11\/mo.jpg 1600w\" sizes=\"auto, (max-width: 1024px) 100vw, 1024px\" \/><\/a><a href=\"http:\/\/agatakus.pl\/wp-content\/uploads\/2015\/11\/mo2.jpg\"><img loading=\"lazy\" decoding=\"async\" class=\"aligncenter size-large wp-image-342\" src=\"https:\/\/agatakus.pl\/wp-content\/uploads\/2015\/11\/mo2-1024x576.jpg\" alt=\"mo2\" width=\"1024\" height=\"576\" srcset=\"https:\/\/agatakus.pl\/wp-content\/uploads\/2015\/11\/mo2-1024x576.jpg 1024w, https:\/\/agatakus.pl\/wp-content\/uploads\/2015\/11\/mo2-300x169.jpg 300w, https:\/\/agatakus.pl\/wp-content\/uploads\/2015\/11\/mo2.jpg 1600w\" sizes=\"auto, (max-width: 1024px) 100vw, 1024px\" \/><\/a> <a href=\"http:\/\/agatakus.pl\/wp-content\/uploads\/2015\/11\/mo3.jpg\"><img loading=\"lazy\" decoding=\"async\" class=\"aligncenter size-large wp-image-343\" src=\"https:\/\/agatakus.pl\/wp-content\/uploads\/2015\/11\/mo3-1024x576.jpg\" alt=\"mo3\" width=\"1024\" height=\"576\" srcset=\"https:\/\/agatakus.pl\/wp-content\/uploads\/2015\/11\/mo3-1024x576.jpg 1024w, https:\/\/agatakus.pl\/wp-content\/uploads\/2015\/11\/mo3-300x169.jpg 300w, https:\/\/agatakus.pl\/wp-content\/uploads\/2015\/11\/mo3.jpg 1600w\" sizes=\"auto, (max-width: 1024px) 100vw, 1024px\" \/><\/a><\/p>\n<p>&nbsp;<\/p>\n","protected":false},"excerpt":{"rendered":"<p>M\u0141ODZI OBLE\u015aNI NA GADAJ\u0104CYM PSIE, NR. 27 Video: Wr\u00f3\u017c Mieczys\u0142aw, Agata Kus, Marcin \u015awietlicki &nbsp; Gadaj\u0105cy&hellip;<\/p>\n","protected":false},"author":1,"featured_media":356,"comment_status":"closed","ping_status":"open","sticky":false,"template":"","format":"standard","meta":{"footnotes":""},"categories":[6,8],"tags":[],"class_list":["post-340","post","type-post","status-publish","format-standard","has-post-thumbnail","hentry","category-events","category-news"],"_links":{"self":[{"href":"https:\/\/agatakus.pl\/index.php?rest_route=\/wp\/v2\/posts\/340","targetHints":{"allow":["GET"]}}],"collection":[{"href":"https:\/\/agatakus.pl\/index.php?rest_route=\/wp\/v2\/posts"}],"about":[{"href":"https:\/\/agatakus.pl\/index.php?rest_route=\/wp\/v2\/types\/post"}],"author":[{"embeddable":true,"href":"https:\/\/agatakus.pl\/index.php?rest_route=\/wp\/v2\/users\/1"}],"replies":[{"embeddable":true,"href":"https:\/\/agatakus.pl\/index.php?rest_route=%2Fwp%2Fv2%2Fcomments&post=340"}],"version-history":[{"count":3,"href":"https:\/\/agatakus.pl\/index.php?rest_route=\/wp\/v2\/posts\/340\/revisions"}],"predecessor-version":[{"id":937,"href":"https:\/\/agatakus.pl\/index.php?rest_route=\/wp\/v2\/posts\/340\/revisions\/937"}],"wp:featuredmedia":[{"embeddable":true,"href":"https:\/\/agatakus.pl\/index.php?rest_route=\/wp\/v2\/media\/356"}],"wp:attachment":[{"href":"https:\/\/agatakus.pl\/index.php?rest_route=%2Fwp%2Fv2%2Fmedia&parent=340"}],"wp:term":[{"taxonomy":"category","embeddable":true,"href":"https:\/\/agatakus.pl\/index.php?rest_route=%2Fwp%2Fv2%2Fcategories&post=340"},{"taxonomy":"post_tag","embeddable":true,"href":"https:\/\/agatakus.pl\/index.php?rest_route=%2Fwp%2Fv2%2Ftags&post=340"}],"curies":[{"name":"wp","href":"https:\/\/api.w.org\/{rel}","templated":true}]}}