{"id":447,"date":"2013-07-23T12:56:12","date_gmt":"2013-07-23T10:56:12","guid":{"rendered":"http:\/\/agatakus.pl\/?p=447"},"modified":"2015-11-23T13:01:16","modified_gmt":"2015-11-23T12:01:16","slug":"murale-dla-fundacji-razem-pamoja","status":"publish","type":"post","link":"https:\/\/agatakus.pl\/?p=447","title":{"rendered":"MURALE dla Fundacji RAZEM PAMOJA."},"content":{"rendered":"<h2>MURAL AGATY KUS I TOMKA PRYMONA W PRZESTRZENI WYMIANY PROJEKTU KU AFRYCE!<\/h2>\n<div>Zapraszamy wszystkich do udzia\u0142u w projekcie Wymiany ksi\u0105\u017cek filozoficznych z prywatnej biblioteki Bartka Przyby\u0142- O\u0142owskiego, kt\u00f3ry wymienia je na \u015brodki maj\u0105ce wspomaga\u0107 program Fundacji Razem Pamoja. Przestrze\u0144 wymiany zdobi mural autors<span class=\"text_exposed_show\">twa Agaty Kus i Tomka Prymona, a wn\u0119trze powsta\u0142o r\u00f3wnie\u017c dzi\u0119ki wsp\u00f3\u0142pracy i pomys\u0142om samego Bartka. Wraz z kuratorem- Dominikiem Kury\u0142kiem polecamy bli\u017csze zapoznanie si\u0119 z inicjatyw\u0105 oraz ca\u0142ym programem przedsi\u0119wzi\u0119cia, kt\u00f3re trwa\u0107 b\u0119dzie do po\u0142owy listopada!<\/span><\/div>\n<div><span class=\"text_exposed_show\">\u00a0<\/span><\/div>\n<div><a href=\"https:\/\/www.facebook.com\/kuafryce\">Szczeg\u00f3\u0142owe informacje i program!<\/a><\/div>\n<div><\/div>\n<div>Wywiad Justyny Nowickiej dla Radia Krak\u00f3w z Dominikiem Kury\u0142kiem, Piotrem B\u0142achutem i Bartoszem Przyby\u0142-O\u0142owskim o akcji spo\u0142eczno-artystycznej Ku Afryce &#8211; ksi\u0105\u017cka-wymiana-spotkanie. Galeria Smaku ul. Krupnicza 8, Krak\u00f3w.<\/p>\n<p>Audycja Ko\u0142o kultury, sztuki wizualne i teatr. Radio Krakow.<br \/>\n<a href=\"http:\/\/pamoja.pl\/download\/naturalnys.mp3\">tutaj<\/a><\/div>\n<div><\/div>\n<div><span class=\"text_exposed_show\">\u00a0<\/span><\/div>\n<div>OTWARCIE KU AFRYCE<br \/>\nRozpocz\u0119cie wymiany ksi\u0105\u017cek. Bartosz Przyby\u0142-O\u0142owski i Jan Sawiniewicz, za\u0142o\u017cyciele Fundacji RazemPamoja opowiedz\u0105 o edukacji wsp\u00f3\u0142pracy i filozofii wymiany.<\/p>\n<p><span class=\"text_exposed_show\">KU AFRYCE<br \/>\nbiblioteka-wymiana-spotkan<wbr \/>ie<\/p>\n<p>projekt artystyczno-spo\u0142eczny<\/p>\n<p>Wydajmy wsp\u00f3lnie ksi\u0105\u017ck\u0119 Ku Afryce!<\/p>\n<p>&#8222;W takim samym stopniu, w jakim twoje rozumienie Afryki i stosunek do niej staj\u0105 si\u0119 bardziej pozytywne, poprawia si\u0119 te\u017c twoje rozumienie i stosunek do samego siebie\u2026&#8221;<br \/>\nMalcolm X<\/p>\n<p>Ksi\u0105\u017cka Ku Afryce to \u015bwiadectwo niebywa\u0142ego dialogu pomi\u0119dzy dzie\u0107mi z Mathare w Nairobi (Kenia) i ich r\u00f3wie\u015bnikami w Rabce-Zdroju (Polska) prowadzonego w ramach projektu Fundacji RazemPamoja, kt\u00f3ry zainspirowa\u0142 mi\u0119dzynarodowe grono badaczy do powa\u017cnej naukowej refleksji.<\/p>\n<p>Postanowili\u015bmy zamieni\u0107 prywatn\u0105 bibliotek\u0119 na pieni\u0105dze, kt\u00f3re pozwol\u0105 wyda\u0107 ksi\u0105\u017ck\u0119 Ku Afryce, a j\u0105 z kolei na stypendia dla uczni\u00f3w szk\u00f3\u0142 podstawowych z Mathare slums pozwalaj\u0105ce im na kontynuowanie edukacji w liceach.<\/p>\n<p>Przyjd\u017a na Krupnicz\u0105 8 do Galerii Smaku i sta\u0144 si\u0119 wsp\u00f3\u0142wydawc\u0105 Ku Afryce. Zosta\u0144 chwil\u0119 w galerii, przewertuj ksi\u0105\u017cki. Zamie\u0144 jak\u0105kolwiek z nich na pieni\u0105dze, kt\u00f3re pozwol\u0105 wyda\u0107 ksi\u0105\u017ck\u0119 Ku Afryce.<\/p>\n<p>Najwa\u017cniejsze jest jednak to, aby\u015bmy kontaktuj\u0105c si\u0119 ze sob\u0105, pomy\u015bleli wsp\u00f3lnie o tym, jak dystrybuowa\u0107 w przysz\u0142o\u015bci Ku Afryce, aby sfinansowa\u0107 stypendia dla uczni\u00f3w w Mathare.<\/p>\n<p>Spotykajmy si\u0119 w Naturalnym Sklepiku-Galerii Smaku na Krupniczej 8 w Krakowie w ka\u017cdy czwartek o 19:00 na inspiruj\u0105ce do przemy\u015ble\u0144 spotkania, podczas kt\u00f3rych b\u0119dziemy:<\/p>\n<p>&#8211; rozmawia\u0107 o alternatywnej ekonomii,<br \/>\n&#8211; innych sposobach uczestnictwa w kulturze,<br \/>\n&#8211; s\u0142ucha\u0107 muzyki,<br \/>\n&#8211; rozmawia\u0107 o ludziach wy\u0142amuj\u0105cych si\u0119 z kulturowych ram,<br \/>\n&#8211; uczestniczy\u0107 w performansach,<br \/>\n&#8211; dyskutowa\u0107 o podr\u00f3\u017cach,<br \/>\n&#8211; s\u0142ucha\u0107 wyk\u0142ad\u00f3w,<br \/>\n&#8211; czyta\u0107 ksi\u0105\u017cki,<br \/>\n&#8211; ogl\u0105da\u0107 filmy,<br \/>\n\u2026<\/p>\n<p>Je\u017celi chcesz pozna\u0107 dok\u0142adnie tre\u015b\u0107 ksi\u0105zki Ku Afryce przyjd\u017a na Krupnicz\u0105 8, napisz do nas albo wejd\u017a na nasz\u0105 stron\u0119.\u00a0<a href=\"http:\/\/www.facebook.com\/kuafryce\" rel=\"nofollow\">www.facebook.com\/kuafryce<\/a><\/p>\n<p>Zapraszamy do czytania art-zina \u201eSur\u00f3wka z ksi\u0105\u017cki\u201d, w kt\u00f3rym umieszczamy \u201ena gor\u0105co\u201d relacje ze spotka\u0144 wok\u00f3\u0142 ksi\u0105\u017cki Ku Afryce. Pismo dost\u0119pne jest w Galerii Smaku. Nowy numer pojawia si\u0119 w ka\u017cdy poniedzia\u0142ek.<\/p>\n<p>Wymiana ksi\u0105\u017cek z kolekcji filozoficznej<br \/>\ncodziennie, od 26.09 do 14.11, w godzinach od 9:00 do 19:00<br \/>\nWydarzenia towarzysz\u0105ce: ka\u017cdy czwartek od 26.09 do 14.11 o godzinie 19:00.<br \/>\nNaturalny Sklepik-Galeria Smaku, Krupnicza 8, Krak\u00f3w<\/p>\n<p>Grupa sprawcza: Bartek Przyby\u0142-O\u0142owski (bart.pamoja@gmail.com), Dominik Kury\u0142ek (dodoptak@gmail.com), Piotr B\u0142achut (p.blachut@wp.pl)<br \/>\nAran\u017cacja wn\u0119trza: Agata Kus, Tomasz Prymon<br \/>\nOprawa plastyczna: Grupa Banda (Marlena Biczak, Zofia Szcz\u0119sna, Paulina Lichwicka, Micha\u0142 Sroka, Kamil Kuitkowski, Szymon Szelc, Maria Kozakiewicz, Trewor Philips, Weronika Trypa, Xawery Wolski i Dariusz Vasina)<br \/>\nRedakcja art-zina: Karolina Szymkiewicz<br \/>\nT\u0142umaczenie: Bartosz Sowi\u0144ski<br \/>\nWsp\u00f3\u0142praca: Fundacja RazemPamoja, Naturalny Sklepik \u2013 Galeria Smaku, Wydzia\u0142 Intermedi\u00f3w \u2013 Pracownia Sztuki Performance, ASP w Krakowie<br \/>\nPodzi\u0119kowania: Marta B\u0142achut, Paulina O\u0142owska, Marta Potaczek, J\u00f3zef Karkula, Pawe\u0142 Gacek, Julia Jankowska, Dave Kosacki<\/p>\n<p>&#8212;&#8212;&#8212;&#8212;&#8212;&#8212;&#8212;&#8212;&#8211;<wbr \/>&#8212;&#8212;&#8212;&#8212;&#8212;&#8212;&#8212;&#8212;&#8211;<wbr \/>&#8212;&#8212;&#8211;<\/p>\n<p>KU AFRYCE OPENING<br \/>\nA launch of the book exchange. Bartosz Przyby\u0142-O\u0142owski and Jan Sawiniewicz, founders of the RazemPamoja Foundation, in discussion on collaborative education and the philosophy of exchange.<\/p>\n<p>Cocert by: Marcin Urz\u0119dowski, Wojciech &#8222;Pinokio&#8221; Sochaczewski (Tamtamitutu)<\/p>\n<p>KU AFRYCE [TOWARDS AFRICA]<br \/>\nlibrary exchange encounter<\/p>\n<p>artistic and social project<\/p>\n<p>Let&#8217;s publish Ku Afryce [Towards Africa] together!<\/p>\n<p>&#8222;To the same degree that your understanding of and attitude towards Africa becomes more positive, your understanding of and attitude towards yourself will also become more positive\u2026&#8221;<br \/>\nMalcolm X<\/p>\n<p>The book Ku Afryce [Towards Africa] is a testimony to the great dialogue between children from Mathare in Nairobi, Kenya, and their peers from Rabka\u2013Zdr\u00f3j, Poland, taking place as part of the project carried out by the RazemPamoja Foundation to inspire serious scientific reflection in international research circles.<\/p>\n<p>We have decided to exchange a private library for money to publish the book Ku Afryce [Towards Africa], which in turn will help to provide the primary school students from the slums of Mathare with scholarships to fund their secondary education.<\/p>\n<p>Come to Galeria Smaku at ul. Krupnicza 8 in Krak\u00f3w now and become a co-publisher of the book. Enjoy yourself in the gallery and flick through the books. Exchange any of the books for money to help us publish the book Ku Afryce [Towards Africa]*.<\/p>\n<p>More importantly, however, we would like you to meet and think about how to distribute Ku Afryce [Towards Africa] in the future to provide funding for the scholarships for the children in Mathare.<\/p>\n<p>Let&#8217;s meet every Thursday at 7 pm at Naturalny Sklepik\u2013Galeria Smaku at ul. Krupnicza 8 in Krak\u00f3w to take part in various thought-provoking events that are held to:<\/p>\n<p>&#8211; discuss alternative economics,<br \/>\n&#8211; and new ways to participate in culture,<br \/>\n&#8211; listen to music,<br \/>\n&#8211; talk about people that break the cultural mould,<br \/>\n&#8211; participate in performances,<br \/>\n&#8211; discuss travels,<br \/>\n&#8211; listen to lectures,<br \/>\n&#8211; read books,<br \/>\n&#8211; watch films,<br \/>\n&#8230;<\/p>\n<p>If you wish to find out more about the content of the book Ku Afryce [Towards Africa], come to ul. Krupnicza 8, send us an email or visit our Facebook page.\u00a0<a href=\"http:\/\/www.facebook.com\/kuafryce\" rel=\"nofollow\">www.facebook.com\/kuafryce<\/a><\/p>\n<p>You may also like to keep up to date with our art-zine Sur\u00f3wka z ksi\u0105\u017cki [Book Salad], which presents the latest news on the meetings held to publish the book. The zine is available at Galeria Smaku. Each new issue is released every Monday.<\/p>\n<p>A book exchange from the philosophy collection:<br \/>\nevery day, between 9 am and 7 pm, from 26th September to 14th November.<br \/>\nAccompanying events: every Thursday at 7 pm, from 26th September to 14th November.<br \/>\nNaturalny Sklepik\u2013Galeria Smaku, ul. Krupnicza 8, Krak\u00f3w.<\/p>\n<p>Prime movers and initiators: Bartek Przyby\u0142-O\u0142owski (bart.pamoja@gmail.com), Dominik Kury\u0142ek (dodoptak@gmail.com), Piotr B\u0142achut (p.blachut@wp.pl)<br \/>\nInterior design: Agata Kus, Tomasz Prymon<br \/>\nGraphic design: Marlena Biczak<br \/>\nVisual setting: Banda Group (Marlena Biczak, Zofia Szcz\u0119sna, Paulina Lichwicka, Micha\u0142 Sroka, Kamil Kuitkowski, Szymon Szelc, Maria Kozakiewicz, Trewor Philips, Weronika Trypa, Xawery Wolski i Dariusz Vasina)<br \/>\nArt zine editor: Karolina Szymkiewicz<br \/>\nTranslated by: Bartosz Sowi\u0144ski.<br \/>\nCooperation: RazemPamoja Foundation; Naturalny Sklepik\u2013Galeria Smaku; Performance Studio at the Faculty of Intermedia, Academy of Fine Arts in Krak\u00f3w<br \/>\nAcknowledgements: Marta B\u0142achut, Paulina O\u0142owska, Marta Potaczek, J\u00f3zef Karkula, Pawe\u0142 Gacek, Julia Jankowska, Dave Kosacki<\/span><\/div>\n<p>&nbsp;<\/p>\n<p>&nbsp;<\/p>\n<div id='gallery-1' class='gallery galleryid-447 gallery-columns-3 gallery-size-thumbnail'><dl class='gallery-item'>\n\t\t\t<dt class='gallery-icon landscape'>\n\t\t\t\t<a href='https:\/\/agatakus.pl\/?attachment_id=448'><img loading=\"lazy\" decoding=\"async\" width=\"150\" height=\"150\" src=\"https:\/\/agatakus.pl\/wp-content\/uploads\/2015\/11\/mural_domek_filozoficzny_wymiana-150x150.jpg\" class=\"attachment-thumbnail size-thumbnail\" alt=\"\" \/><\/a>\n\t\t\t<\/dt><\/dl><dl class='gallery-item'>\n\t\t\t<dt class='gallery-icon landscape'>\n\t\t\t\t<a href='https:\/\/agatakus.pl\/?attachment_id=449'><img loading=\"lazy\" decoding=\"async\" width=\"150\" height=\"150\" src=\"https:\/\/agatakus.pl\/wp-content\/uploads\/2015\/11\/mural_domek_filozoficzny_wymiana2-150x150.jpg\" class=\"attachment-thumbnail size-thumbnail\" alt=\"\" \/><\/a>\n\t\t\t<\/dt><\/dl><dl class='gallery-item'>\n\t\t\t<dt class='gallery-icon landscape'>\n\t\t\t\t<a href='https:\/\/agatakus.pl\/?attachment_id=450'><img loading=\"lazy\" decoding=\"async\" width=\"150\" height=\"150\" src=\"https:\/\/agatakus.pl\/wp-content\/uploads\/2015\/11\/mural_domek_filozoficzny_wymiana3-150x150.jpg\" class=\"attachment-thumbnail size-thumbnail\" alt=\"\" \/><\/a>\n\t\t\t<\/dt><\/dl><br style=\"clear: both\" \/>\n\t\t<\/div>\n\n<h2 class=\"colorRed\">AKTYWNIE WSPIERAMY FUNDACJ\u0118 RAZEM PAMOJA, FUNDUJ\u0104C\u0104 STYPENDIA DLA DZIECI ZE SLUMS\u00d3W W MATHARE.<\/h2>\n<h2 class=\"colorRed\"><\/h2>\n<div class=\"lead\">RABKA-ZDR\u00d3J: SKLEP WARZYWNO-OWOCOWY PRZY ULICY ORKANA ZOSTA\u0141 W NIECODZIENNY SPOS\u00d3B POMALOWANY. ZROBILI TO KRAKOWSCY ARTY\u015aCI NA CZELE Z NAUCZYCIELEM FILOZOFII W RABCZA\u0143SKIM LICEUM ROMERA\u00a0<b>BARTOSZEM PRZYBY\u0141EM-O\u0141OWSKIM<\/b>\u00a0W RAMACH PROJEKTU FUNDACJI &#8222;RAZEM &#8211; PAMOJA&#8221;. SKLEP WYGL\u0104DA TERAZ, JAK PODKRE\u015aLAJ\u0104 ORGANIZATORZY AKCJI, JAK WI\u0118KSZO\u015a\u0106 TEGO TYPU SKLEP\u00d3W NA PROWINCJI AFRYKI.<\/div>\n<h2 class=\"colorRed\">BARTOSZ PRZYBY\u0141-O\u0141OWSKI ZNANY JEST Z AKCJI &#8222;LICEALI\u015aCI: MATHARE SLUMS \u2013 RABKA ZDR\u00d3J&#8221;, KT\u00d3R\u0104 W UBIEG\u0141YM ROKU REALIZOWA\u0141O LICEUM ROMERA. AKCJA MIA\u0141A NA CELU ZBLI\u017bENIE M\u0141ODZIE\u017bY Z RABCZA\u0143SKIEGO UZDROWISKA Z R\u00d3WIE\u015aNIKAMI Z AFRYKA\u0143SKICH SLAMS\u00d3W W NAIROBII. UDA\u0141O SI\u0118, A PROJEKT DOSTA\u0141 NAGROD\u0118 MINISTRA EDUKACJI NARODOWEJ.<\/h2>\n<h2 class=\"colorRed\">POWSTA\u0141Y W CI\u0104GU OSTATNICH DW\u00d3CH DNI MURAL NA SKLEPIE MARIUSZA MI\u015aKOWCA, TO SWEGO RODZAJU EPILOG TEGO PROJEKTU, CHO\u0106 TO WI\u0118CEJ NI\u017b POLSKO-KENIJSKA WYMIANA STYLISTYKI. &#8211; KOLORY, KSZTA\u0141TY, CA\u0141A STYLISTYKA, KT\u00d3R\u0104 NANIE\u015aLI\u015aMY NA KIOSK NAWI\u0104ZUJE BEZPO\u015aREDNIO DO ESTETYKI AFRYKA\u0143SKIEJ. W AFRYCE S\u0104 BARDZO PODOBNIE WYGL\u0104DAJ\u0104CE KIOSKI, JAK TEN. MO\u017bNA JE SPOTKA\u0106 W WIELU WIOSKACH. ALE, CO TE\u017b WA\u017bNE, CHCEMY WR\u00d3CI\u0106 DO TRADYCJI, KT\u00d3RA KIEDY\u015a FUNKCJONOWA\u0141A W RABCE, KILKADZIESI\u0104T LAT TEMU. ZANIM NA SKLEPACH POJAWI\u0141Y SI\u0118 PLASTIKOWE SZYLDY, LUDZIE JE MALOWALI &#8211; PRZYPOMINA. &#8211; TO TE\u017b ASPEKT WALKI Z GRAFIK\u0104 KOMPUTEROW\u0104 BEZ SMAKU.<\/p>\n<p>SKLEP MALOWALI, WSP\u00d3LNIE Z BARTOSZEM PRZYBY\u0141-O\u0141OWSKIM, KRAKOWSCY ARTY\u015aCI, ABSOLWENCI AKADEMII SZTUK PI\u0118KNYCH &#8211; AGATA KUS, TOMASZ PRYMON I EL\u017bBIETA MERTA. &#8211; ZROBILI TO PRO PUBLICO BONO. TO DZI\u0118KI ICH OGROMNEJ POMOCY TEN MURAL M\u00d3G\u0141 POWSTA\u0106.<\/p>\n<p>POMAGALI TE\u017b UCZNIOWIE ROMERA: FILIP GROTH I KRZYSZTOF MACIASZEK.<\/p>\n<p>PRZYPOMNIJMY, I\u017b KILKA TAL TEMU, W PODOBNY SPOS\u00d3B POMALOWANY ZOSTA\u0141 BUDYNEK TEATRU LALEK &#8222;RABCIO&#8221;. ZA TAMT\u0104 INICJATYW\u0104 STA\u0141A \u017bONA BARTOSZA PRZYBY\u0141-O\u0141OWSKIEGO &#8211; PAULINA O\u0141OWSKA.<\/p>\n<p>&#8211; TEN MURAL, TO CO\u015a NOWEGO, ALE CO\u015a, CO CZEKA RABK\u0118. W STANACH ZJEDNOCZONYCH, W EUROPIE ZACHODNIEJ, POMALOWANE SKLEPY, TO CO\u015a CA\u0141KOWICIE OCZYWISTEGO. TAM JEST TO BARDZO MODNE. TO SZCZEG\u00d3LNIE ISTOTNE W CZASACH KRYZYSU, \u017bE MO\u017bEMY ROBI\u0106 RZECZY INTELIGENTNE I OSZCZ\u0118DNE. WIERZ\u0118, \u017bE RABK\u0118 CZEKA ZDJ\u0118CIE PLASTIKOWYCH BANNER\u00d3W &#8211; PODKRE\u015aLA BARTOSZ PRZYBY\u0141-O\u0141OWSKI.<\/p>\n<p>&#8211; A W RAMACH WYMIANY &#8211; DODAJE &#8211; B\u0118DZIEMY PODOBNY MURAL MALOWA\u0106 W KENII, ALE W STYLISTYCE NAWI\u0104ZUJ\u0104CEJ DO RABKI.<\/p>\n<p>O POLSKO-KENIJSKIEJ WSP\u00d3\u0141PRACY M\u0141ODZIE\u017bY Z RABKI-ZDROJU PISA\u0141 OSTATNIO TYGODNIK NEWSWEEK &#8211;\u00a0<b><a href=\"http:\/\/spoleczenstwo.newsweek.pl\/jak-rabka-pomaga-kenii,105935,1,1.html\">CZYTAJ: TUTAJ<\/a><\/b><\/h2>\n<div id='gallery-2' class='gallery galleryid-447 gallery-columns-3 gallery-size-thumbnail'><dl class='gallery-item'>\n\t\t\t<dt class='gallery-icon portrait'>\n\t\t\t\t<a href='https:\/\/agatakus.pl\/?attachment_id=451'><img loading=\"lazy\" decoding=\"async\" width=\"150\" height=\"150\" src=\"https:\/\/agatakus.pl\/wp-content\/uploads\/2015\/11\/2-150x150.jpg\" class=\"attachment-thumbnail size-thumbnail\" alt=\"\" \/><\/a>\n\t\t\t<\/dt><\/dl><dl class='gallery-item'>\n\t\t\t<dt class='gallery-icon landscape'>\n\t\t\t\t<a href='https:\/\/agatakus.pl\/?attachment_id=452'><img loading=\"lazy\" decoding=\"async\" width=\"150\" height=\"150\" src=\"https:\/\/agatakus.pl\/wp-content\/uploads\/2015\/11\/razem-150x150.jpg\" class=\"attachment-thumbnail size-thumbnail\" alt=\"\" \/><\/a>\n\t\t\t<\/dt><\/dl><dl class='gallery-item'>\n\t\t\t<dt class='gallery-icon landscape'>\n\t\t\t\t<a href='https:\/\/agatakus.pl\/?attachment_id=453'><img loading=\"lazy\" decoding=\"async\" width=\"150\" height=\"150\" src=\"https:\/\/agatakus.pl\/wp-content\/uploads\/2015\/11\/razem_pamoja-150x150.jpg\" class=\"attachment-thumbnail size-thumbnail\" alt=\"\" \/><\/a>\n\t\t\t<\/dt><\/dl><br style=\"clear: both\" \/><dl class='gallery-item'>\n\t\t\t<dt class='gallery-icon landscape'>\n\t\t\t\t<a href='https:\/\/agatakus.pl\/?attachment_id=454'><img loading=\"lazy\" decoding=\"async\" width=\"150\" height=\"150\" src=\"https:\/\/agatakus.pl\/wp-content\/uploads\/2015\/11\/razem_pamoja2-150x150.jpg\" class=\"attachment-thumbnail size-thumbnail\" alt=\"\" \/><\/a>\n\t\t\t<\/dt><\/dl><dl class='gallery-item'>\n\t\t\t<dt class='gallery-icon landscape'>\n\t\t\t\t<a href='https:\/\/agatakus.pl\/?attachment_id=455'><img loading=\"lazy\" decoding=\"async\" width=\"150\" height=\"150\" src=\"https:\/\/agatakus.pl\/wp-content\/uploads\/2015\/11\/umariusza-150x150.jpg\" class=\"attachment-thumbnail size-thumbnail\" alt=\"\" \/><\/a>\n\t\t\t<\/dt><\/dl><dl class='gallery-item'>\n\t\t\t<dt class='gallery-icon landscape'>\n\t\t\t\t<a href='https:\/\/agatakus.pl\/?attachment_id=456'><img loading=\"lazy\" decoding=\"async\" width=\"150\" height=\"150\" src=\"https:\/\/agatakus.pl\/wp-content\/uploads\/2015\/11\/umariusza2-150x150.jpg\" class=\"attachment-thumbnail size-thumbnail\" alt=\"\" \/><\/a>\n\t\t\t<\/dt><\/dl><br style=\"clear: both\" \/>\n\t\t<\/div>\n\n<p>&nbsp;<\/p>\n","protected":false},"excerpt":{"rendered":"<p>MURAL AGATY KUS I TOMKA PRYMONA W PRZESTRZENI WYMIANY PROJEKTU KU AFRYCE! Zapraszamy wszystkich do udzia\u0142u&hellip;<\/p>\n","protected":false},"author":1,"featured_media":457,"comment_status":"closed","ping_status":"open","sticky":false,"template":"","format":"standard","meta":{"footnotes":""},"categories":[6,8],"tags":[],"class_list":["post-447","post","type-post","status-publish","format-standard","has-post-thumbnail","hentry","category-events","category-news"],"_links":{"self":[{"href":"https:\/\/agatakus.pl\/index.php?rest_route=\/wp\/v2\/posts\/447","targetHints":{"allow":["GET"]}}],"collection":[{"href":"https:\/\/agatakus.pl\/index.php?rest_route=\/wp\/v2\/posts"}],"about":[{"href":"https:\/\/agatakus.pl\/index.php?rest_route=\/wp\/v2\/types\/post"}],"author":[{"embeddable":true,"href":"https:\/\/agatakus.pl\/index.php?rest_route=\/wp\/v2\/users\/1"}],"replies":[{"embeddable":true,"href":"https:\/\/agatakus.pl\/index.php?rest_route=%2Fwp%2Fv2%2Fcomments&post=447"}],"version-history":[{"count":1,"href":"https:\/\/agatakus.pl\/index.php?rest_route=\/wp\/v2\/posts\/447\/revisions"}],"predecessor-version":[{"id":458,"href":"https:\/\/agatakus.pl\/index.php?rest_route=\/wp\/v2\/posts\/447\/revisions\/458"}],"wp:featuredmedia":[{"embeddable":true,"href":"https:\/\/agatakus.pl\/index.php?rest_route=\/wp\/v2\/media\/457"}],"wp:attachment":[{"href":"https:\/\/agatakus.pl\/index.php?rest_route=%2Fwp%2Fv2%2Fmedia&parent=447"}],"wp:term":[{"taxonomy":"category","embeddable":true,"href":"https:\/\/agatakus.pl\/index.php?rest_route=%2Fwp%2Fv2%2Fcategories&post=447"},{"taxonomy":"post_tag","embeddable":true,"href":"https:\/\/agatakus.pl\/index.php?rest_route=%2Fwp%2Fv2%2Ftags&post=447"}],"curies":[{"name":"wp","href":"https:\/\/api.w.org\/{rel}","templated":true}]}}