{"id":469,"date":"2015-11-23T21:41:46","date_gmt":"2015-11-23T20:41:46","guid":{"rendered":"http:\/\/agatakus.pl\/?p=469"},"modified":"2015-12-19T21:20:28","modified_gmt":"2015-12-19T20:20:28","slug":"malarki-galeria-biala-lublin","status":"publish","type":"post","link":"https:\/\/agatakus.pl\/?p=469","title":{"rendered":"MALARKI. Galeria Bia\u0142a, Lublin."},"content":{"rendered":"<div align=\"center\">\n<div><strong><span style=\"font-family: Arial; font-size: x-large;\">Basia Ba\u0144da \u2022 Ma\u0142gorzata Blamowska \u2022 Milena Brudkowska \u2022 Izabela Chamczyk \u2022 Monika Chlebek \u2022 Julia Cury\u0142o \u2022 Aleksandra Czerniawska \u2022 Kamila Czosnyk \u2022 Pola Dwurnik \u2022 Viola G\u0142owacka \u2022 Aleksandra Ignasiak \u2022 Ewa Juszkiewicz \u2022 Maja Kitajewska \u2022 Karolina Komorowska \u2022 Katarzyna Kuku\u0142a \u2022 Agata Kus \u2022 Cecylia Malik \u2022 Julita Malinowska \u2022 Magdalena Moskwa \u2022 Anna Reinert \u2022 Jadwiga Sawicka \u2022 Agula Swoboda \u2022 Marta Szulc \u2022 Siostra Michalina<\/span><\/strong><\/div>\n<div align=\"left\"><\/div>\n<div><strong><span style=\"font-family: Arial; font-size: x-large;\">otwarcie wystawy | pi\u0105tek | 4.12.2015 | godz. 18.00 | Galeria Bia\u0142a<\/span><\/strong><\/div>\n<div><\/div>\n<div><span style=\"font-family: Arial;\"><span style=\"font-size: medium;\"><strong>Galeria Bia\u0142a | <\/strong><\/span><span style=\"font-size: medium;\"><strong>Centrum Kultury w Lublinie | <\/strong><\/span><span style=\"font-size: medium;\"><strong>Peowiak\u00f3w 12 | 20-007 Lublin | +48 81 466 61 39<\/strong><\/span><\/span><\/div>\n<div><span style=\"font-family: Arial;\"><span style=\"font-size: medium;\"><strong><span style=\"color: #000000;\"><a class=\"moz-txt-link-abbreviated\">biala@ck.lublin.pl<\/a><\/span><span style=\"color: #000000;\"> | <\/span>facebook.com\/GaleriaBialawLublinie | instagram.com\/galeria_biala | <\/strong><\/span><span style=\"font-size: medium;\"><strong>biala.art.pl<\/strong><\/span><\/span><\/div>\n<div><\/div>\n<div><strong><span style=\"font-family: Arial; font-size: small;\">galeria czynna: pon.-sob. w godzinach 12.00-18.00<\/span><\/strong><\/div>\n<div><\/div>\n<div><span style=\"color: #000000;\"><span style=\"font-family: Arial; font-size: small;\">___<\/span><\/span><\/div>\n<\/div>\n<div><\/div>\n<div><\/div>\n<div>\n<div id='gallery-1' class='gallery galleryid-469 gallery-columns-3 gallery-size-thumbnail'><dl class='gallery-item'>\n\t\t\t<dt class='gallery-icon landscape'>\n\t\t\t\t<a href='https:\/\/agatakus.pl\/?attachment_id=605'><img loading=\"lazy\" decoding=\"async\" width=\"150\" height=\"150\" src=\"https:\/\/agatakus.pl\/wp-content\/uploads\/2015\/11\/12241603_1061173887240589_2209795903673572866_n-150x150.jpg\" class=\"attachment-thumbnail size-thumbnail\" alt=\"\" \/><\/a>\n\t\t\t<\/dt><\/dl><dl class='gallery-item'>\n\t\t\t<dt class='gallery-icon landscape'>\n\t\t\t\t<a href='https:\/\/agatakus.pl\/?attachment_id=606'><img loading=\"lazy\" decoding=\"async\" width=\"150\" height=\"150\" src=\"https:\/\/agatakus.pl\/wp-content\/uploads\/2015\/11\/12316206_1061173913907253_8579132818705662427_n-150x150.jpg\" class=\"attachment-thumbnail size-thumbnail\" alt=\"\" \/><\/a>\n\t\t\t<\/dt><\/dl><dl class='gallery-item'>\n\t\t\t<dt class='gallery-icon landscape'>\n\t\t\t\t<a href='https:\/\/agatakus.pl\/?attachment_id=607'><img loading=\"lazy\" decoding=\"async\" width=\"150\" height=\"150\" src=\"https:\/\/agatakus.pl\/wp-content\/uploads\/2015\/11\/12341176_1061173807240597_3043698363078970931_n-150x150.jpg\" class=\"attachment-thumbnail size-thumbnail\" alt=\"\" \/><\/a>\n\t\t\t<\/dt><\/dl><br style=\"clear: both\" \/><dl class='gallery-item'>\n\t\t\t<dt class='gallery-icon landscape'>\n\t\t\t\t<a href='https:\/\/agatakus.pl\/?attachment_id=608'><img loading=\"lazy\" decoding=\"async\" width=\"150\" height=\"150\" src=\"https:\/\/agatakus.pl\/wp-content\/uploads\/2015\/11\/12360045_1061173827240595_5689134409336821275_n-150x150.jpg\" class=\"attachment-thumbnail size-thumbnail\" alt=\"\" \/><\/a>\n\t\t\t<\/dt><\/dl><dl class='gallery-item'>\n\t\t\t<dt class='gallery-icon landscape'>\n\t\t\t\t<a href='https:\/\/agatakus.pl\/?attachment_id=609'><img loading=\"lazy\" decoding=\"async\" width=\"150\" height=\"150\" src=\"https:\/\/agatakus.pl\/wp-content\/uploads\/2015\/11\/12373377_1061173780573933_7319533858025053722_n-150x150.jpg\" class=\"attachment-thumbnail size-thumbnail\" alt=\"\" \/><\/a>\n\t\t\t<\/dt><\/dl>\n\t\t\t<br style='clear: both' \/>\n\t\t<\/div>\n\n<p><iframe loading=\"lazy\" src=\"https:\/\/player.vimeo.com\/video\/148881971\" width=\"500\" height=\"281\" frameborder=\"0\" allowfullscreen=\"allowfullscreen\"><\/iframe><\/p>\n<p><a href=\"https:\/\/vimeo.com\/148881971\">MALARKI<\/a> from <a href=\"https:\/\/vimeo.com\/centrumkultury\">Centrum Kultury w Lublinie<\/a> on <a href=\"https:\/\/vimeo.com\">Vimeo<\/a>.<\/p>\n<\/div>\n<p>&nbsp;<\/p>\n<div><span style=\"font-family: Arial; font-size: medium;\">Sztuka kobiet w obr\u0119bie malarstwa jest obecnie jednym z najciekawszych przejaw\u00f3w polskiej sztuki aktualnej. To wyj\u0105tkowe zjawisko o wyra\u017anie zaznaczonej r\u00f3\u017cnicy \u2013 jest czytelne i rozpoznawalne. Stosowany do tej pory \u201ekod feministyczny\u201d przesta\u0142 by\u0107 wystarczaj\u0105cym systemem odczytu.<\/span><\/div>\n<div><\/div>\n<div><span style=\"font-family: Arial; font-size: medium;\">Wystawa pokazuje reprezentatywny i aktualny stan r\u00f3\u017cnorodnych poszukiwa\u0144 artystycznych: od obraz\u00f3w \u2013 poprzez realizacje malarskie \u2013 po obiekty malarskie i architektoniczne. W ramach wystawy powsta\u0142y r\u00f3wnie\u017c realizacje typu site-specific.<\/span><\/div>\n<div><\/div>\n<div><span style=\"font-family: Arial; font-size: medium;\">Jest to rozbudowana prezentacja poszczeg\u00f3lnych artystek \u2013 powierzchnia wystawowa obejmuj\u0105ca ok. 450 m\u00b2, zosta\u0142a dodatkowo powi\u0119kszona o malarskie interwencje zrealizowane na \u0142\u0105cz\u0105cych sale wystawowe korytarzach i zadaszonym patio \u2013 co zwi\u0119kszy\u0142o j\u0105 do niemal 650 m\u00b2.<\/span><\/div>\n<div><\/div>\n<div><span style=\"font-family: Arial; font-size: medium;\">Generalna koncepcja wystawy jest pr\u00f3b\u0105 opisania zjawiska, kt\u00f3re ju\u017c od pewnego czasu staje si\u0119 wyra\u017an\u0105 konwencj\u0105, rozpoznawaln\u0105 w sztuce polskiej pocz\u0105tku XXI wieku. Aktywno\u015b\u0107 kobiet w ca\u0142ej sztuce wizualnej ju\u017c od lat 80. by\u0142a wyj\u0105tkowo wa\u017cna i czytelna, ale dopiero w obecnym momencie prze\u0142amanie dominacji m\u0119\u017cczyzn w obszarze malarstwa staje si\u0119 symptomatyczne. Parytety, o kt\u00f3re dzisiaj tak ch\u0119tnie walczy wielu politycznych graczy, w obszarze sztuki nie\u017ale funkcjonowa\u0142y w Polsce 30 lat temu. Przyk\u0142ady artystek, w tym r\u00f3wnie\u017c malarek, w \u015bwiatowej sztuce oczywi\u015bcie wyst\u0119puj\u0105 \u2013 tak zreszt\u0105, jak i w polskiej \u2013 zwykle jednak\u017ce by\u0142y to przyk\u0142ady incydentalne. Teraz tendencje si\u0119 odwr\u00f3ci\u0142y i ostatnie 10 lat jest okresem niezwyk\u0142ego rozkwitu malarstwa kobiet. Towarzyszy temu r\u00f3wnie\u017c jako\u015bciowe bogactwo jego przejaw\u00f3w.<\/span><\/div>\n<div><\/div>\n<div><span style=\"font-family: Arial; font-size: medium;\">W wystawie bierze udzia\u0142 ponad 20 artystek, kt\u00f3re prezentuj\u0105 szerokie spektrum malarstwa przedstawiaj\u0105cego: symbolicznego, narracyjnego czy ekspresyjnego oraz freski Siostry Michaliny, odkryte w czasie niedawnego remontu poklasztornego budynku Centrum Kultury.<\/span><\/div>\n<div><\/div>\n<div><span style=\"font-family: Arial; font-size: medium;\">Wystawa jest interdyscyplinarnym pokazem mo\u017cliwych form malarskich. Oczywi\u015bcie wyst\u0119puj\u0105 tu pewne skojarzenia z dotychczasowymi przejawami malarstwa, ale te autorki, w spos\u00f3b \u015bwiadomy nawi\u0105zuj\u0105 do tego, co ju\u017c w sztuce wyst\u0119puje i przefiltrowuj\u0105 to poprzez w\u0142asne do\u015bwiadczenie, w\u0142asn\u0105 emocjonalno\u015b\u0107, p\u0142ciowo\u015b\u0107 czy te\u017c \u015bwiadomo\u015b\u0107 kulturow\u0105.<\/span><\/div>\n<div><\/div>\n<div><span style=\"font-family: Arial; font-size: medium;\">Powstaj\u0105 obrazy odmienne od tych funkcjonuj\u0105cych. Rozczytanie tej sytuacji nie b\u0119dzie wcale takie proste wobec dziejowych uprzedze\u0144 i ci\u0105gle aktywnych schemat\u00f3w, szczeg\u00f3lnie tych zwi\u0105zanych z obci\u0105\u017ceniami zwi\u0105zanymi ze spo\u0142ecznymi rolami kobiet, jakie ukszta\u0142towa\u0142y si\u0119 historycznie.<\/span><\/div>\n<div><\/div>\n<div><span style=\"font-family: Arial; font-size: medium;\">Popularyzacja tego zjawiska jako naturalnie powstaj\u0105cego obszaru aktualnej sztuki b\u0119dzie mia\u0142a tu kluczowe znaczenie.<\/span><\/div>\n<div><\/div>\n<div><span style=\"font-family: Arial; font-size: medium;\">Wystawie towarzyszy katalog z poszerzonym materia\u0142em ilustracyjnym prezentuj\u0105cym sztuk\u0119 poszczeg\u00f3lnych artystek, kt\u00f3ry pr\u00f3buje to wyj\u0105tkowe zjawisko umie\u015bci\u0107 w szerszym kontek\u015bcie sztuki og\u00f3lnopolskiej i europejskiej.<\/span><\/div>\n<div><\/div>\n<div align=\"right\"><span style=\"font-family: Arial; font-size: medium;\"><em>Jan Gryka<\/em><\/span><\/div>\n<div><\/div>\n<div><span style=\"font-family: Arial; font-size: medium;\">Autork\u0105 logo projektu \u201cmalarki\u201d jest Jadwiga Sawicka.<\/span><\/div>\n","protected":false},"excerpt":{"rendered":"<p>Basia Ba\u0144da \u2022 Ma\u0142gorzata Blamowska \u2022 Milena Brudkowska \u2022 Izabela Chamczyk \u2022 Monika Chlebek \u2022 Julia&hellip;<\/p>\n","protected":false},"author":1,"featured_media":470,"comment_status":"closed","ping_status":"open","sticky":false,"template":"","format":"standard","meta":{"footnotes":""},"categories":[6,8],"tags":[],"class_list":["post-469","post","type-post","status-publish","format-standard","has-post-thumbnail","hentry","category-events","category-news"],"_links":{"self":[{"href":"https:\/\/agatakus.pl\/index.php?rest_route=\/wp\/v2\/posts\/469","targetHints":{"allow":["GET"]}}],"collection":[{"href":"https:\/\/agatakus.pl\/index.php?rest_route=\/wp\/v2\/posts"}],"about":[{"href":"https:\/\/agatakus.pl\/index.php?rest_route=\/wp\/v2\/types\/post"}],"author":[{"embeddable":true,"href":"https:\/\/agatakus.pl\/index.php?rest_route=\/wp\/v2\/users\/1"}],"replies":[{"embeddable":true,"href":"https:\/\/agatakus.pl\/index.php?rest_route=%2Fwp%2Fv2%2Fcomments&post=469"}],"version-history":[{"count":3,"href":"https:\/\/agatakus.pl\/index.php?rest_route=\/wp\/v2\/posts\/469\/revisions"}],"predecessor-version":[{"id":611,"href":"https:\/\/agatakus.pl\/index.php?rest_route=\/wp\/v2\/posts\/469\/revisions\/611"}],"wp:featuredmedia":[{"embeddable":true,"href":"https:\/\/agatakus.pl\/index.php?rest_route=\/wp\/v2\/media\/470"}],"wp:attachment":[{"href":"https:\/\/agatakus.pl\/index.php?rest_route=%2Fwp%2Fv2%2Fmedia&parent=469"}],"wp:term":[{"taxonomy":"category","embeddable":true,"href":"https:\/\/agatakus.pl\/index.php?rest_route=%2Fwp%2Fv2%2Fcategories&post=469"},{"taxonomy":"post_tag","embeddable":true,"href":"https:\/\/agatakus.pl\/index.php?rest_route=%2Fwp%2Fv2%2Ftags&post=469"}],"curies":[{"name":"wp","href":"https:\/\/api.w.org\/{rel}","templated":true}]}}