{"id":485,"date":"2013-05-09T15:57:00","date_gmt":"2013-05-09T13:57:00","guid":{"rendered":"http:\/\/agatakus.pl\/?p=485"},"modified":"2015-11-24T16:05:08","modified_gmt":"2015-11-24T15:05:08","slug":"matka-na-wro-media-art-biennale-pioneering-values-2013-wystawa-pierscienie-saturna","status":"publish","type":"post","link":"https:\/\/agatakus.pl\/?p=485","title":{"rendered":"&#8222;Matka&#8221; na WRO Media Art Biennale Pioneering Values 2013! Wystawa Pier\u015bcienie Saturna!"},"content":{"rendered":"<div class=\"fauxcolumn-outer fauxcolumn-left-outer\">\n<div class=\"fauxborder-left\">\n<div class=\"fauxborder-right\">\n<h1>Biennale WRO na\u00a050-lecie sztuki medi\u00f3w<\/h1>\n<p><strong>Pioneering Values, czyli odkrywanie warto\u015bci.\u00a0<\/strong>Biennale WRO to\u00a0pierwszy i\u00a0najwi\u0119kszy w\u00a0Polsce mi\u0119dzynarodowy przegl\u0105d sztuki medi\u00f3w, prezentuj\u0105cy od\u00a01989 r. dzie\u0142a tworzone wsp\u00f3\u0142czesnymi \u015brodkami kreacji i\u00a0komunikacji. W\u00a0szeregu wystaw i\u00a0prezentacji ukazuje r\u00f3\u017cnorodne gatunki i\u00a0j\u0119zyki sztuki wsp\u00f3\u0142czesnej, w\u00a0tym wideo art, instalacje, performansy\/koncerty multimedialne, projekty interaktywne i\u00a0sieciowe, a\u00a0tak\u017ce zjawiska kultury partycypacyjnej, tzw. \u201esocial media\u201d.<\/p>\n<div class=\"\"><i><a href=\"http:\/\/agatakus.pl\/wp-content\/uploads\/2015\/11\/mother_video_screen.jpg\"><img loading=\"lazy\" decoding=\"async\" class=\"aligncenter size-large wp-image-487\" src=\"https:\/\/agatakus.pl\/wp-content\/uploads\/2015\/11\/mother_video_screen-1024x541.jpg\" alt=\"mother_video_screen\" width=\"1024\" height=\"541\" srcset=\"https:\/\/agatakus.pl\/wp-content\/uploads\/2015\/11\/mother_video_screen-1024x541.jpg 1024w, https:\/\/agatakus.pl\/wp-content\/uploads\/2015\/11\/mother_video_screen-300x158.jpg 300w, https:\/\/agatakus.pl\/wp-content\/uploads\/2015\/11\/mother_video_screen.jpg 1600w\" sizes=\"auto, (max-width: 1024px) 100vw, 1024px\" \/><\/a> <a href=\"http:\/\/agatakus.pl\/wp-content\/uploads\/2015\/11\/mother_video_screen2.jpg\"><img loading=\"lazy\" decoding=\"async\" class=\"aligncenter size-large wp-image-488\" src=\"https:\/\/agatakus.pl\/wp-content\/uploads\/2015\/11\/mother_video_screen2-1024x538.jpg\" alt=\"mother_video_screen2\" width=\"1024\" height=\"538\" srcset=\"https:\/\/agatakus.pl\/wp-content\/uploads\/2015\/11\/mother_video_screen2-1024x538.jpg 1024w, https:\/\/agatakus.pl\/wp-content\/uploads\/2015\/11\/mother_video_screen2-300x158.jpg 300w, https:\/\/agatakus.pl\/wp-content\/uploads\/2015\/11\/mother_video_screen2.jpg 1600w\" sizes=\"auto, (max-width: 1024px) 100vw, 1024px\" \/><\/a><\/i><\/div>\n<div class=\"\"><i>\u00a0<\/i><\/div>\n<div class=\"\"><i>Matka<\/i>, kadry z wideo, 2012<\/div>\n<div class=\"\"><i>Mother<\/i>, stills from video, 2012<\/div>\n<div class=\"separator\"><\/div>\n<div class=\"separator\"><\/div>\n<div class=\"separator\"><i>\u00a0<\/i><\/div>\n<div class=\"separator\"><i>\u00a0<\/i><\/div>\n<div class=\"separator\"><i>\u00a0<\/i><\/div>\n<div class=\"separator\"><i>\u00a0<\/i><\/div>\n<div class=\"separator\"><i>Rings Of Saturn, Wroclaw, 2013\u00a0<\/i><\/div>\n<div class=\"separator\"><i>\u00a0<\/i><\/div>\n<div class=\"separator\"><i>\u00a0<\/i><\/div>\n<div class=\"separator\"><i><iframe loading=\"lazy\" src=\"https:\/\/player.vimeo.com\/video\/124302031\" width=\"500\" height=\"281\" frameborder=\"0\" allowfullscreen=\"allowfullscreen\"><\/iframe> <\/i><\/div>\n<div class=\"separator\"><i><a href=\"https:\/\/vimeo.com\/124302031\">Mother, Agata Kus, Rings Of Saturn, 2013 WRO<\/a><\/i><\/div>\n<\/div>\n<div class=\"separator\">\n<p><a href=\"http:\/\/pik.wroclaw.pl\/pressroom\/Odkryte-wartoci-n3677.html\">&#8222;Odkryte warto\u015bci&#8221;, Katarzyna Klein (o WRO oraz \u00a0o pracy Matka, AgatyKus )<\/a><\/p>\n<p><a href=\"http:\/\/www.obieg.pl\/teksty\/28817\">OBIEG,K\u0142opotliwy urok nadmiaru. Nie wszystko o WRO 2013. Katarzyna Boratyn.<\/a><\/p>\n<p><a href=\"http:\/\/www.dwutygodnik.com\/artykul\/4482-wro-4-cyfryzacja-i-elektryfikacja.html\">WRO (4): CYFRYZACJA I<\/a><\/p>\n<p><a href=\"http:\/\/www.dwutygodnik.com\/artykul\/4482-wro-4-cyfryzacja-i-elektryfikacja.html\">ELEKTRYFIKACJA, ANKA HERBUT<\/a><br \/>\n<strong><a href=\"http:\/\/wro2013.wrocenter.pl\/site\/pl\/wro-2013-artists\/\">Arty\u015bci<\/a><\/strong><br \/>\n<strong><a href=\"http:\/\/wro2013.wrocenter.pl\/site\/pl\/program\/8\/\">Program<\/a><\/strong><br \/>\n<strong><a href=\"http:\/\/wro2013.wrocenter.pl\/site\/pl\/works\/\">Prace<\/a><\/strong><br \/>\n<a href=\"http:\/\/wro2013.wrocenter.pl\/site\/pl\/works\/mother\/\"><strong>Praca Agaty Kus prezentowana na WRO<\/strong><\/a><\/p>\n<\/div>\n<div class=\"separator\"><\/div>\n<div class=\"separator\"><a href=\"http:\/\/agatakus.pl\/wp-content\/uploads\/2015\/11\/513971327_640.jpg\"><img loading=\"lazy\" decoding=\"async\" class=\"aligncenter size-full wp-image-489\" src=\"https:\/\/agatakus.pl\/wp-content\/uploads\/2015\/11\/513971327_640.jpg\" alt=\"513971327_640\" width=\"640\" height=\"360\" srcset=\"https:\/\/agatakus.pl\/wp-content\/uploads\/2015\/11\/513971327_640.jpg 640w, https:\/\/agatakus.pl\/wp-content\/uploads\/2015\/11\/513971327_640-300x169.jpg 300w\" sizes=\"auto, (max-width: 640px) 100vw, 640px\" \/><\/a> <a href=\"http:\/\/agatakus.pl\/wp-content\/uploads\/2015\/11\/Agata-Kus-WRO.jpg\"><img loading=\"lazy\" decoding=\"async\" class=\"aligncenter size-large wp-image-490\" src=\"https:\/\/agatakus.pl\/wp-content\/uploads\/2015\/11\/Agata-Kus-WRO-1024x685.jpg\" alt=\"Agata Kus WRO\" width=\"1024\" height=\"685\" srcset=\"https:\/\/agatakus.pl\/wp-content\/uploads\/2015\/11\/Agata-Kus-WRO-1024x685.jpg 1024w, https:\/\/agatakus.pl\/wp-content\/uploads\/2015\/11\/Agata-Kus-WRO-300x201.jpg 300w, https:\/\/agatakus.pl\/wp-content\/uploads\/2015\/11\/Agata-Kus-WRO.jpg 1600w\" sizes=\"auto, (max-width: 1024px) 100vw, 1024px\" \/><\/a><strong>\u00a0<\/strong><\/p>\n<p><strong>Pier\u015bcienie Saturna 9.05 \u2013 16.06.2013<\/strong><\/p>\n<p>Wystawa o\u00a0nieuchronno\u015bci rozk\u0142adu i\u00a0jego witalnej niezb\u0119dno\u015bci. O\u00a0wzorach powstaj\u0105cych z\u00a0drobin i\u00a0u\u0142amk\u00f3w, kszta\u0142towaniu si\u0119 form i\u00a0warto\u015bci.<\/p>\n<p>Prace kilkudziesi\u0119ciu artyst\u00f3w z\u00a0ca\u0142ego \u015bwiata w\u00a0przestrzeni historycznej pauzy.<\/p>\n<\/div>\n<div class=\"separator\"><\/div>\n<div class=\"separator\">\n<h1><\/h1>\n<p>Nagroda WRO wynosi 30 000 PLN, przyznawana jest tak\u017ce Nagroda Krytyk\u00f3w i\u00a0Wydawc\u00f3w Prasy Artystycznej \u2013 dla m\u0142odych tw\u00f3rc\u00f3w oraz\u00a0Nagroda Publiczno\u015bci.<\/p>\n<ol start=\"15\">\n<li>jubileuszowe Biennale WRO 2013 PIONEERING VALUES, przygotowywane w\u00a0kontek\u015bcie 50-lecia sztuki elektronicznej, podejmuje kwesti\u0119 jako\u015bci artystycznych i\u00a0kulturowych powsta\u0142ych i\u00a0ci\u0105gle powstaj\u0105cych na\u00a0gruncie sztuki nowych medi\u00f3w.<\/li>\n<\/ol>\n<p>Biennale przedstawia dzie\u0142a renomowanych, jak i\u00a0m\u0142odych, niejednokrotnie debiutuj\u0105cych artyst\u00f3w polskich i\u00a0zagranicznych, zapraszanych lub zg\u0142aszaj\u0105cych swe najnowsze projekty powsta\u0142e w\u00a0okresie ostatnich 2 lat.<\/p>\n<p>Pr\u00f3cz prezentacji najnowszych dzie\u0142 wybranych spo\u015br\u00f3d ponad 1500 zg\u0142osze\u0144 nap\u0142ywaj\u0105cych na\u00a0Biennale z\u00a0ca\u0142ego \u015bwiata, zaplanowane zosta\u0142y retrospektywy wybitnych pionier\u00f3w sztuki medi\u00f3w, kt\u00f3rzy\u00a0kszta\u0142towali j\u0119zyk wypowiedzi artystycznej wykorzystuj\u0105cej nowe technologie. W\u00a05 filmowych retrospektywach zostanie przedstawiona tw\u00f3rczo\u015b\u0107 mistrz\u00f3w gatunku, jakimi stali si\u0119\u00a0<strong>Steina i\u00a0Woody Vasulka<\/strong>, s\u0142ynni, dzia\u0142aj\u0105cy od\u00a0lat 60. eksperymentatorzy w\u00a0dziedzinie d\u017awi\u0119ku, \u015bwiat\u0142a i\u00a0obrazu, za\u0142o\u017cyciele s\u0142ynnej nowojorskiej galerii The Kitchen. Kolejna retrospektywa to\u00a0wyb\u00f3r film\u00f3w eksperymentalnych\u00a0<strong>VALIE EXPORT<\/strong>\u00a0przygotowany specjalnie dla WRO, w\u00a0nowej aran\u017cacji zaprezentowana te\u017c zostanie instalacja\u00a0<strong><em>Chopinpiano<\/em>\u00a0Roberta Cahena<\/strong>.<\/p>\n<p>Wydarzeniem b\u0119dzie premiera europejska filmu\u00a0<strong><em>Breaking the Frame<\/em><\/strong>\u00a0kanadyjskiej autorki\u00a0<strong>Marielli Nitos\u0142awskiej o\u00a0Carolee Schneemann<\/strong>, pionierce performansu i\u00a0body artu, kt\u00f3ra\u00a0zredefiniowa\u0142a podej\u015bcie do\u00a0sztuki w\u00a0obr\u0119bie temat\u00f3w zwi\u0105zanych z\u00a0p\u0142ci\u0105, cia\u0142em i\u00a0seksualno\u015bci\u0105.<\/p>\n<p>W\u00a0retrospektywach filmowych zobaczymy jugos\u0142owia\u0144skie filmy eksperymentalne\u00a0<strong><em>Tune in Screening: Psychedelic Moving Images from Socialist Yugoslavia 1966-1976<\/em><\/strong>, kt\u00f3rych\u00a0program przygotowa\u0142<strong>Branko Franceschi (w\u00a0tym roku ponownie kurator chorwackiego pawilonu na\u00a0Biennale w\u00a0Wenecji)<\/strong>oraz\u00a0filmy i\u00a0wideo ze\u00a0s\u0142ynnej kolekcji\u00a0<strong>Arteast 2000+<\/strong>\u00a0przygotowane przez Moderna Galerija (Museum of Modern Art, Lublana). W\u00a0kinowych prezentacjach w\u00a0DCF r\u00f3wnie\u017c\u00a0<strong><em>Kino dla Ucha \u2013 Cinema for the Ear<\/em><\/strong>, projekt ameryka\u0144skiej grupy ((audience)) oraz\u00a0przygotowany specjalnie dla WRO przez austriacki<strong>sixpackfilm<\/strong>\u00a0nowy mi\u0119dzynarodowy program film\u00f3w eksperymentalnych i\u00a0prac wideo nagradzanych w\u00a0ostatnich dw\u00f3ch latach.<\/p>\n<p>Na\u00a0WRO 2013 premiery b\u0119d\u0105 mia\u0142y: najnowsze przedsi\u0119wzi\u0119cie\u00a0<strong><em>Fragmented Media<\/em><\/strong>\u00a0laureat\u00f3w WRO 2011 \u2013 grupy<strong>\u00a0incite\/<\/strong>\u00a0\u2013 i\u00a0robotyczna opera\u00a0<strong><em>Hermes<\/em>\u00a0Karla Heinza Jerona<\/strong>\u00a0z\u00a0Niemiec, kt\u00f3rej\u00a0libretto, oparte na\u00a0zas\u0142yszanych w\u00a0\u015brodkach transportu publicznego fragmentach rozm\u00f3w telefonicznych, wykonywane jest przez roboty, a\u00a0tak\u017ce nowatorskie przedsi\u0119wzi\u0119cia\u00a0<strong><em>Pendulum Choir<\/em><\/strong>\u00a0szwajcarskiej grupy\u00a0<strong>Cod.Act<\/strong>\u00a0\u2013 ch\u00f3ralny koncert odbywaj\u0105cy si\u0119 na\u00a0ruchomej pneumatycznej platformie, instalacja\u00a0<strong><em>Vinyl Rally<\/em>\u00a0Lucasa Abeli<\/strong>\u00a0z\u00a0Australii (wy\u015bcigi gokart\u00f3w na\u00a0p\u0142ytach gramofonowych), performans\u00a0artystki audiowizualnej, autorki instalacji i\u00a0realizacji wideo\u00a0<strong>C\u00e9cile Babiole<\/strong>\u00a0z\u00a0Pary\u017ca, a\u00a0tak\u017ce interaktywne dzia\u0142anie\u00a0<strong><em>Touchy<\/em>\u00a0Erica Siu<\/strong>\u00a0z\u00a0Tokio, kt\u00f3rego\u00a0elektroniczne urz\u0105dzenie zast\u0119puj\u0105ce wzrok umo\u017cliwi mu widzenie w\u00a0interakcji z\u00a0publiczno\u015bci\u0105.<\/p>\n<p>Do\u00a0zagadnie\u0144 percepcji odnosi si\u0119 r\u00f3wnie\u017c skonstruowane przez Adama Montadona dla\u00a0<strong>Neila Harbissona\u00a0<\/strong>z\u00a0Hiszpanii urz\u0105dzenie o\u00a0nazwie\u00a0<strong>eyeborg<\/strong>, umo\u017cliwiaj\u0105ce s\u0142yszenie barw. Achromatom \u2013 osobom nie rozpoznaj\u0105cym kolor\u00f3w pozwala na\u00a0ich rozr\u00f3\u017cnianie dzi\u0119ki prze\u0142o\u017ceniu barwy na\u00a0d\u017awi\u0119k. Harbissonowi, kt\u00f3ry\u00a0sam jest achromat\u0105 s\u0142uchawki zast\u0119puje wszczepiony do\u00a0m\u00f3zgu chip emituj\u0105cy barwy przetworzone na\u00a0d\u017awi\u0119ki. Harbisson zosta\u0142 oficjalnie uznany przez w\u0142adze Wielkiej Brytanii cyborgiem, dzi\u0119ki czemu na\u00a0zdj\u0119ciu w\u00a0dowodzie osobistym widnieje z\u00a0kamer\u0105 zamontowan\u0105 nad\u00a0czo\u0142em.<\/p>\n<p>W\u015br\u00f3d dzie\u0142 ekranowych \u2013 realizacja<strong>\u00a0Rabiha Mrou\u00e9<\/strong>\u00a0, g\u0142o\u015bna, wybitna praca\u00a0<em><strong>The Pixelated Revolution<\/strong><\/em>, zawieraj\u0105ca materia\u0142 wideo nagrany telefonami kom\u00f3rkowymi przez mieszka\u0144c\u00f3w Syrii w\u00a0czasie rewolucji. W\u00a0nagraniach tych wida\u0107 cywili, mierz\u0105cych swoimi aparatami w\u00a0uzbrojonych snajper\u00f3w; \u015bwiadk\u00f3w, zdaj\u0105cych w\u00a0sieci relacj\u0119 z\u00a0tego, co widz\u0105.<\/p>\n<p>W\u015br\u00f3d projekt\u00f3w polskich zwraca uwag\u0119 instalacja site specific\u00a0<strong><em>Mira\u017c<\/em>\u00a0Kamy Sokolnickiej<\/strong>\u00a0czy\u00a0<strong><em>Chansons de geste<\/em>\u00a0Karoliny Freino<\/strong>.<\/p>\n<p><strong>Wydarzeniem jest wystawa nowych prac Miros\u0142awa Ba\u0142ki, przygotowana specjalnie dla Centrum Sztuki WRO<\/strong>.<\/p>\n<p>Dzieci i\u00a0m\u0142odzi widzowie zostan\u0105 zaproszeni do\u00a0uczestnictwa w\u00a0programie wystaw, warsztat\u00f3w i\u00a0projekcji\u00a0<strong>Ma\u0142ego WRO<\/strong>.<\/p>\n<h2>3 KONFERENCJE WRO<\/h2>\n<p>W\u00a0ramach Biennale odb\u0119dzie si\u0119 szereg wyst\u0105pie\u0144 artyst\u00f3w, krytyk\u00f3w i\u00a0teoretyk\u00f3w sztuki, w\u015br\u00f3d wybitnych postaci konferencji g\u0142\u00f3wnej Pioneering Values pojawi\u0105 si\u0119\u00a0<strong>Kristine Stiles,<\/strong>\u00a0<strong>Micha\u0142 Pawe\u0142 Markowski<\/strong>,\u00a0<strong>Skip Blumberg<\/strong>,\u00a0<strong>Michael Scroggins<\/strong>.<\/p>\n<p>Kolejn\u0105 seri\u0119 wyst\u0105pie\u0144 stanowi kulminacja projektu\u00a0<strong>Artist Talk<\/strong>\u00a0\u2013 unijnego przedsi\u0119wzi\u0119cia realizowanego \u2013 wsp\u00f3lnie przez WRO, Museum of Transitory Art z\u00a0Lublany oraz\u00a0Centrum CIANT z\u00a0Pragi. Z\u00a0kolei na\u00a0ASP b\u0119dzie mia\u0142a miejsce sesja mi\u0119dzynarodowych specjalist\u00f3w w\u00a0ramach unijnego projektu\u00a0<strong>DCA \u2013 Digitising Contemporary Art<\/strong>, realizowanego przez WRO w\u00a0dziedzinie digitalizacji sztuki wsp\u00f3\u0142czesnej i\u00a0jej udost\u0119pniania poprzez portal Europeana.<\/p>\n<p>W\u00a0podsumowaniu Biennale najciekawsze prace oraz\u00a0dokumentacja wystaw i\u00a0projekt\u00f3w multimedialnych zostanie zaprezentowana w\u00a0cyklu\u00a0<strong>WRO on Tour<\/strong>\u00a0w\u00a0o\u015brodkach polskich i\u00a0zagranicznych.<\/p>\n<p>&nbsp;<\/p>\n<p><strong>Dyrektor artystyczny Biennale<\/strong>: Piotr Krajewski<br \/>\n<strong>G\u0142\u00f3wny organizator<\/strong>: Fundacja WRO Centrum Sztuki Medi\u00f3w<\/p>\n<\/div>\n<\/div>\n<\/div>\n<div class=\"columns-inner\"><\/div>\n","protected":false},"excerpt":{"rendered":"<p>Biennale WRO na\u00a050-lecie sztuki medi\u00f3w Pioneering Values, czyli odkrywanie warto\u015bci.\u00a0Biennale WRO to\u00a0pierwszy i\u00a0najwi\u0119kszy w\u00a0Polsce mi\u0119dzynarodowy przegl\u0105d&hellip;<\/p>\n","protected":false},"author":1,"featured_media":491,"comment_status":"closed","ping_status":"open","sticky":false,"template":"","format":"standard","meta":{"footnotes":""},"categories":[6,8,7],"tags":[],"class_list":["post-485","post","type-post","status-publish","format-standard","has-post-thumbnail","hentry","category-events","category-news","category-videos"],"_links":{"self":[{"href":"https:\/\/agatakus.pl\/index.php?rest_route=\/wp\/v2\/posts\/485","targetHints":{"allow":["GET"]}}],"collection":[{"href":"https:\/\/agatakus.pl\/index.php?rest_route=\/wp\/v2\/posts"}],"about":[{"href":"https:\/\/agatakus.pl\/index.php?rest_route=\/wp\/v2\/types\/post"}],"author":[{"embeddable":true,"href":"https:\/\/agatakus.pl\/index.php?rest_route=\/wp\/v2\/users\/1"}],"replies":[{"embeddable":true,"href":"https:\/\/agatakus.pl\/index.php?rest_route=%2Fwp%2Fv2%2Fcomments&post=485"}],"version-history":[{"count":2,"href":"https:\/\/agatakus.pl\/index.php?rest_route=\/wp\/v2\/posts\/485\/revisions"}],"predecessor-version":[{"id":492,"href":"https:\/\/agatakus.pl\/index.php?rest_route=\/wp\/v2\/posts\/485\/revisions\/492"}],"wp:featuredmedia":[{"embeddable":true,"href":"https:\/\/agatakus.pl\/index.php?rest_route=\/wp\/v2\/media\/491"}],"wp:attachment":[{"href":"https:\/\/agatakus.pl\/index.php?rest_route=%2Fwp%2Fv2%2Fmedia&parent=485"}],"wp:term":[{"taxonomy":"category","embeddable":true,"href":"https:\/\/agatakus.pl\/index.php?rest_route=%2Fwp%2Fv2%2Fcategories&post=485"},{"taxonomy":"post_tag","embeddable":true,"href":"https:\/\/agatakus.pl\/index.php?rest_route=%2Fwp%2Fv2%2Ftags&post=485"}],"curies":[{"name":"wp","href":"https:\/\/api.w.org\/{rel}","templated":true}]}}