{"id":634,"date":"2016-01-13T16:28:37","date_gmt":"2016-01-13T15:28:37","guid":{"rendered":"http:\/\/agatakus.pl\/?p=634"},"modified":"2016-02-21T14:11:52","modified_gmt":"2016-02-21T13:11:52","slug":"7-jednodniowych-wystaw-w-krakowie-przed-aukcja-w-warszawie-7-one-day-long-ehibitions-in-krakow-before-our-charitable-auction-in-warsaw","status":"publish","type":"post","link":"https:\/\/agatakus.pl\/?p=634","title":{"rendered":"7 Jednodniowych Wystaw W Krakowie Przed Aukcj\u0105 w CSW Zamek Ujazdowski"},"content":{"rendered":"<p>| please scroll down for English version |<\/p>\n<p>Prezentacja zorganizowana w Ksi\u0119garni | Wystawie &#8211; galerii Fundacji Razem Pamoja mieszcz\u0105cej si\u0119 na ulicy J\u00f3zefi\u0144skiej 9 w Krakowie &#8211; b\u0119dzie czym\u015b niebywa\u0142ym. W niewielkiej przestrzeni b\u0119dzie mo\u017cna przez tydzie\u0144 obejrze\u0107 60 z 80 prac podarowanych Fundacji przez zaprzyja\u017anionych artyst\u00f3w. B\u0119dzie to jedna z najwi\u0119kszych prezentacji mi\u0119dzynarodowej sztuki wsp\u00f3\u0142czesnej, zorganizowana w Krakowie w przeci\u0105gu ostatnich kilku lat.<\/p>\n<p>Na wystawie &#8211; sk\u0142adaj\u0105cej si\u0119 z siedmiu codziennie zmienianych mniejszych wystaw &#8211; zostan\u0105 zaprezentowane dzie\u0142a gwiazd sztuki \u015bwiatowej oraz prace artyst\u00f3w mniej znanych, kt\u00f3rych podobnie jak starszych koleg\u00f3w po fachu porywa naturalna pasja tworz<span class=\"text_exposed_show\">enia. W Krakowie zobaczymy sztuk\u0119 dojrza\u0142\u0105, tworzon\u0105 przez profesor\u00f3w uczelni o mi\u0119dzynarodowej renomie, artyst\u00f3w obecnych w presti\u017cowych kolekcjach na \u015bwiecie oraz prace os\u00f3b mniej znanych, kt\u00f3re \u015bmia\u0142o rozwijaj\u0105 swoje artystyczne skrzyd\u0142a.<\/span><\/p>\n<p>Wszystkich bior\u0105cych udzia\u0142 w wystawie po\u0142\u0105czy\u0142a sympatia do dzia\u0142a\u0144 Fundacji Razem Pamoja, kt\u00f3ra kieruje si\u0119 has\u0142em \u201ePoznawa\u0107, Dzia\u0142a\u0107, Dzieli\u0107 si\u0119\u201d d\u0105\u017c\u0105c do transkontynentalnego spotkania i r\u00f3wnorz\u0119dnej wsp\u00f3\u0142pracy pomi\u0119dzy globaln\u0105 P\u00f3\u0142noc\u0105 i globalnym Po\u0142udniem. Fundacja opiera si\u0119 na ideach edukacji bez uprzedze\u0144, dydaktyki wsp\u00f3\u0142pracy, pomocy wzajemnej i edukacji globalnej. Identyfikuj\u0105cy si\u0119 z tymi has\u0142ami wierz\u0105, \u017ce mo\u017cliwo\u015b\u0107 realnej zmiany prowadz\u0105cej do zbudowania \u015bwiata wolnego od niesprawiedliwo\u015bci tkwi przede wszystkim w ludziach (szczeg\u00f3lnie m\u0142odych), a nie w bezdusznych strukturach globalnych instytucji.<\/p>\n<p>Fundacja Razem Pamoja wspomaga transkulturow\u0105 wymian\u0119 realizuj\u0105c bazuj\u0105ce na idei spotkania niekonwencjonalne projekty o ogromnym potencjale edukacyjnym. Prze\u0142amuje schematy dzia\u0142ania, kieruj\u0105c si\u0119 w swojej aktywno\u015bci metodologi\u0105 wsp\u00f3\u0142pracy. Przyk\u0142adem tego jest w\u0142a\u015bnie zbi\u00f3rka dzie\u0142 sztuki oraz wystawienie ich na aukcji, kt\u00f3ra odb\u0119dzie si\u0119 w Zamku Ujazdowskim w Warszawie. W ca\u0142ym przedsi\u0119wzi\u0119ciu nie chodzi jednak o ch\u0119\u0107 zysku. Najwa\u017cniejsze jest poszerzenie kr\u0119gu zainteresowanych wsp\u00f3lnym dzia\u0142aniem wynikaj\u0105cym z dzielenia si\u0119, kt\u00f3re mo\u017ce prowadzi\u0107 do lepszego poznania i dalszej wsp\u00f3\u0142pracy w przysz\u0142o\u015bci.<\/p>\n<p>Wszystko to dzieje si\u0119 dzi\u0119ki sztuce. Dlatego Fundacja Razem Pamoja oddaje ho\u0142d popieraj\u0105cym j\u0105 przyjacio\u0142om-artystom organizuj\u0105c wielk\u0105 wystaw\u0119 ich dar\u00f3w, kt\u00f3re nie s\u0105 przypadkowym zbiorem. Wszystkie te dzie\u0142a bowiem zosta\u0142y specjalnie wybrane przez tw\u00f3rc\u00f3w pod k\u0105tem problem\u00f3w, kt\u00f3re stara si\u0119 rozwi\u0105zywa\u0107 Fundacja. Prace zosta\u0142y u\u0142o\u017cone w 7 wystaw przez profesjonalnego kuratora sztuki wsp\u00f3\u0142czesnej, kt\u00f3ry zestawiaj\u0105c je razem stara\u0142 si\u0119 wydoby\u0107 z nich energi\u0119 pobudzaj\u0105c\u0105 do krytycznego spojrzenia na rzeczywisto\u015b\u0107, autorefleksji oraz zwi\u0119kszenia poczucia w\u0142asnej odpowiedzialno\u015bci za \u015bwiat.<\/p>\n<p>Na pierwszej inauguracyjnej wystawie zobaczymy dzie\u0142a sk\u0142aniaj\u0105ce do wnikliwego spojrzenia na rzeczywisto\u015b\u0107, kt\u00f3ra obfituje w zdarzenia prowokuj\u0105ce do zastanowienia si\u0119 nad kondycj\u0105 cz\u0142owieka w epoce dzikiego konsumeryzmu likwiduj\u0105cego jak to okre\u015bli\u0142 Witkacy g\u0142\u00f3d metafizyczny.<\/p>\n<p>13.01-14.01<br \/>\nRafa\u0142 Bujnowski<br \/>\nPiotr Janas<br \/>\nRomuald Kutera<br \/>\nAnna Kutera<br \/>\nMiko\u0142aj Ma\u0142ek<br \/>\nBartosz Materka<br \/>\nIzabela Tarasewicz<\/p>\n<p>Druga z serii siedmiu wystaw jedynie na pierwszy rzut oka wydawa\u0107 si\u0119 b\u0119dzie prezentacj\u0105 sztuki artyst\u00f3w neomodernistycznych zdystansowanych wobec rzeczywisto\u015bci. Tak naprawd\u0119 pokazywane na niej dzie\u0142a ujawni\u0105 krytyczn\u0105 postaw\u0119 autor\u00f3w wobec \u015bwiata rozumianego jako dramatyczna sie\u0107 politycznych i ekonomicznych powi\u0105za\u0144.<\/p>\n<p>15.01<br \/>\nTomasz Baran<br \/>\nIddi Bashir<br \/>\nPiotr B\u0142achut<br \/>\nKarolina Brzuzan<br \/>\n\u0141ukasz Jastrubczak<br \/>\nPawe\u0142 Kruk<br \/>\nSlavs and Tatars<br \/>\n\u0141ukasz Surowiec<br \/>\nMonika Dro\u017cy\u0144ska<br \/>\nRados\u0142aw Szlaga<\/p>\n<p>Trzeciego dnia zobaczymy dzie\u0142a wynikaj\u0105ce z dziwnego do\u015bwiadczenia niestosowno\u015bci wsp\u00f3\u0142czesnej cywilizacji. Prace nie tylko sk\u0142ania\u0107 b\u0119d\u0105 do przemy\u015blenia relacji pomi\u0119dzy tym, co jest okre\u015blane jako naturalne i kulturowe. Pokaz ten ujawni przekonanie artyst\u00f3w, \u017ce wsp\u00f3\u0142czesna cywilizacja jest tylko pewnym narz\u0119dziem. Tak jak inne wytwory cz\u0142owieka mo\u017cna j\u0105 swobodnie kszta\u0142towa\u0107, naprawia\u0107, zmienia\u0107, a jak do niczego si\u0119 nie nadaje to po prostu wyrzuci\u0107 na \u015bmietnik. Prezentowane prace podkre\u015blaj\u0105 wag\u0119 indywidualnego poznawania \u015bwiata. Sk\u0142aniaj\u0105 potencjalnych eksplorator\u00f3w do przyj\u0119cia postawy wzorowanej na dziewi\u0119tnastowiecznych empirycznych badaczach przyrody.<\/p>\n<p>16.01<br \/>\nDobrawa Borkala<br \/>\nBogna Burska<br \/>\nMaciej Chor\u0105\u017cy<br \/>\nTatiana Czekalska i Leszek Golec<br \/>\nJustyna G\u00f3rowska<br \/>\nAgata Kus<br \/>\nMagdalena Lazar<br \/>\nKrzysztof Maniak<br \/>\nOlivier Richon<br \/>\nAdam Rzepecki<\/p>\n<p>Czwartego dnia zaprezentowane zostan\u0105 dzie\u0142a \u015bwiadcz\u0105ce o niejednoznaczno\u015bci mi\u0119dzyludzkich relacji. Mo\u017cna na niej b\u0119dzie obejrze\u0107 prace wyra\u017caj\u0105ce t\u0119sknot\u0119 za zwyczajnym spotkaniem z innymi. Towarzyszy\u0107 im b\u0119d\u0105 prace, w kt\u00f3rych ujawnione zosta\u0142o dramatyczne d\u0105\u017cenie do wyra\u017cenia siebie, okre\u015blenia swojej to\u017csamo\u015bci pomimo presji fizycznej, psychicznej i symbolicznej.<\/p>\n<p>17.01<br \/>\nBogus\u0142aw Bachorczyk<br \/>\nPiotr Bujak<br \/>\nMarta Deskur<br \/>\nRoman Dziadkiewicz<br \/>\nZuzanna Janin<br \/>\nEwa Juszkiewicz<br \/>\nIrena Kalicka<br \/>\nAnna Maria Karczmarska<br \/>\nJoanna Piotrowska<br \/>\nHal Samples<br \/>\nEwa Zarzycka<br \/>\nGrzegorz Zygier<\/p>\n<p>Na pi\u0105tej wystawie b\u0119dzie mo\u017cna zobaczy\u0107 dzie\u0142a m\u00f3wi\u0105ce o pustce otaczaj\u0105cego nas \u015bwiata. Patrz\u0105c na zebrane prace do\u015bwiadczymy symbolicznego stanu utraty. Utraty czego? Chyba ka\u017cdy b\u0119dzie musia\u0142 sam odpowiedzie\u0107 sobie na to pytanie zwracaj\u0105c si\u0119 do swoich najg\u0142\u0119biej skrywanych obaw. Dla niekt\u00f3rych mo\u017ce by\u0107 to \u015bmier\u0107, dla innych po prostu brak kontaktu z drugim cz\u0142owiekiem.<\/p>\n<p>18.01<br \/>\nEwa Axelard<br \/>\nJonny Biggs<br \/>\nAdam Gruba<br \/>\nAndrzej Karo\u0144<br \/>\nDawid Misiorny<br \/>\nTomasz Prymon<br \/>\nHelena Siemi\u0144ska<br \/>\nMa\u0142gorzata Szymankiewicz<br \/>\nMarzena \u015alusarczyk<\/p>\n<p>Przedostatnia wystawa w Ksi\u0119garni | Wystawie b\u0119dzie \u015bwiadczy\u0107 o pot\u0119dze wyobra\u017ani umo\u017cliwiaj\u0105cej realn\u0105 zmian\u0119 rzeczywisto\u015bci.<\/p>\n<p>19.01<br \/>\nKrzysztof M\u0119\u017cyk<br \/>\nMathilde Rosier<br \/>\nXawery Wolski<br \/>\nJakub Julian Zi\u00f3\u0142kowski<\/p>\n<p>Ostatnia prezentacja nie b\u0119dzie mia\u0142a wsp\u00f3lnego mianownika. Kurator zawierzy\u0142 swojej intuicji prezentuj\u0105c dzie\u0142a uwodz\u0105ce, intryguj\u0105ce, zachwycaj\u0105ce, wzruszaj\u0105ce albo po prostu powalaj\u0105ce swoim pi\u0119knem.<\/p>\n<p>20.01<br \/>\nAgnieszka Brze\u017ca\u0144ska<br \/>\nTomasz Kowalski<br \/>\nSharon Lockhart<br \/>\nMarta Loboda<br \/>\nElisabeth Molin<br \/>\nRyan Moule<br \/>\nPaulina O\u0142owska<br \/>\nEva Vermandel<\/p>\n<p>Kurator: Dominik Kury\u0142ek<br \/>\nWernisa\u017c: 13. 01. 2016 18:00<\/p>\n<p>&#8212;<\/p>\n<p>The presentation organised at the Bookstore | Exhibition \u2013 the Razem Pamoja Foundation gallery on J\u00f3zefi\u0144ska 9 street in Krak\u00f3w \u2013 is an unprecedented event. In the small space of the gallery, we shall have the chance to see 60 out of 80 artworks donated by artist-friends to the Foundation. It is one of the largest international exhibitions of contemporary art shown in Krakow in the course of several years.<\/p>\n<p>The exhibition, composed of 7 smaller, one-day-long exhibitions, presents works by international contemporary art stars as well as by lesser-known artists, who like their older colleagues are driven by a natural creative passion. We shall meet in Krakow with mature art, created by professors of internationally renowned art schools, by artists featured in collections all over the globe, and with artworks by less famous artists, who are well on their way to spread their wings and fly.<\/p>\n<p>All these exhibiting artists are connected by an affinity with the activities of the Razem Pamoja Foundation, guided by the motto \u201cLearning, Acting, Sharing\u201d, which aims to arrange transcontinental encounters and an equal and mutual co-operation between the global North and the global South. The Foundation is grounded in the notions of learning without prejudice, teaching for co-operation, mutual support and global education. The artists identify with these values and believe that the possibility of real change, leading to a construction of a globe freed from injustice, lies primarily with the people (especially, youngsters), and not in the heartless structures of global institutions.<\/p>\n<p>The Razem Pamoja Foundation supports transcultural exchange by organising unconventional projects, grounded in the notion of meeting, which carry an enormous educational potential. Directed in its activities by the methodology of co-operation, the Foundation breaks away from acting habits. An instance of the method is precisely the collection of artworks for the charitable auction taking place in the Centre for Contemporary Art Ujazdowski Castle in Warsaw. The enterprise, however, is not powered by a hunger for profit. Its primary aim is to widen the circles of people concerned with co-operative action arising from a willingness to share, which can lead to a better understanding and further co-operation in the future.<\/p>\n<p>The whole affair is possible thanks to art. Therefore, the Razem Pamoja would like to pay homage to the artist-friends supporting its activities by organising a grand exhibition of their gifts, which are by no means an accidental assembly. All the artworks have been carefully selected by their authors to correspond to the issues which the Foundation addresses. The donated artworks have been composed into 7 exhibition by a professional contemporary art curator, who in their juxtapositions wished to unearth their energy, projecting critical perspectives on the real world in the viewers, arousing their self-awareness and enhancing our responsibility for the globe.<\/p>\n<p>The first exhibition to inaugurate the 7-day presentation will feature works demanding an incisive view of reality that abounds in events provoking a re-thinking of the human condition in the times of wild consumerism, which abolishes, to use Witkacy\u2019s term, our \u2018metaphysical hunger\u2019.<\/p>\n<p>13-14 January<br \/>\nRafa\u0142 Bujnowski<br \/>\nPiotr Janas<br \/>\nRomuald Kutera<br \/>\nAnna Kutera<br \/>\nMiko\u0142aj Ma\u0142ek<br \/>\nBartosz Materka<br \/>\nIzabela Tarasewicz<\/p>\n<p>The second of the seven exhibitions only appears to be a presentation of works by neo-modernist artists, distanced from the real world. In fact, the exhibited artworks demonstrate a critical attitude of their authors towards the world conceived as a dramatic network of political and economic dependencies.<\/p>\n<p>15 January<br \/>\nTomasz Baran<br \/>\nIddi Bashir<br \/>\nPiotr B\u0142achut<br \/>\nKarolina Brzuzan<br \/>\n\u0141ukasz Jastrubczak<br \/>\nPawe\u0142 Kruk<br \/>\nSlavs and Tatars<br \/>\n\u0141ukasz Surowiec<br \/>\nMonika Dro\u017cy\u0144ska<br \/>\nRados\u0142aw Szlaga<\/p>\n<p>On the third day, we shall have the chance to see artworks arising from an uncanny experience of unsuitablity of contemporary civilisation. The works not only prove a re-thinking of the relationship of the so-called \u2018nature\u2019 and \u2018culture. The exhibition demonstrates the artists\u2019 belief that contemporary civilisation is nothing but an instrument. Just as any other human creation, it can be shaped, corrected, changed at will, and if it turns out to be of no use, we should dispose of it. The exhibited artworks also highlight the importance of an individual understanding of the world. They encourage potential explorers to accept an attitude modelled on the nineteen-century empirical natural scientists.<\/p>\n<p>16.01<br \/>\nDobrawa Borkala<br \/>\nBogna Burska<br \/>\nMaciej Chor\u0105\u017cy<br \/>\nTatiana Czekalska i Leszek Golec<br \/>\nJustyna G\u00f3rowska<br \/>\nAgata Kus<br \/>\nMagdalena Lazar<br \/>\nKrzysztof Maniak<br \/>\nOlivier Richon<br \/>\nAdam Rzepecki<\/p>\n<p>The fourth day will see the exhibition of artworks confirming the ambivalence of human relationships. It will present pieces which express the yearning for a regular encounter with others. They will be accompanied by works which reveal the dramatic struggle for self-expression, self-identification and an individual effort to determine their terms of belonging to a group despite physical, psychological and symbolic pressures.<\/p>\n<p>17.01<br \/>\nBogus\u0142aw Bachorczyk<br \/>\nPiotr Bujak<br \/>\nMarta Deskur<br \/>\nRoman Dziadkiewicz<br \/>\nZuzanna Janin<br \/>\nEwa Juszkiewicz<br \/>\nIrena Kalicka<br \/>\nAnna Maria Karczmarska<br \/>\nJoanna Piotrowska<br \/>\nHal Samples<br \/>\nEwa Zarzycka<br \/>\nGrzegorz Zygier<\/p>\n<p>The fifth presentation will exhibit artworks describing the emptiness of the surrounding world. When observing the works, we shall experience a state of symbolic loss. What is lost? Every viewer will have to find their own answer by turning to their deepest fears. Some will find death there, others \u2013 a basic lack of connection to another human being.<\/p>\n<p>18.01<br \/>\nEwa Axelard<br \/>\nJonny Biggs<br \/>\nAdam Gruba<br \/>\nAndrzej Karo\u0144<br \/>\nDawid Misiorny<br \/>\nTomasz Prymon<br \/>\nHelena Siemi\u0144ska<br \/>\nMa\u0142gorzata Szyma\u0144ska<br \/>\nMarzena \u015alusarczyk<\/p>\n<p>The last-but-one of the exhibitions at the Bookstore | Exhibition will give us proof of the power of imagination to make a real change in reality possible.<\/p>\n<p>19.01<br \/>\nKrzysztof M\u0119\u017cyk<br \/>\nMathilde Rosier<br \/>\nXawery Wolski<br \/>\nJakub Julian Zi\u00f3\u0142kowski<\/p>\n<p>The final exhibition will not have a common denominator. The curator has simply trusted his intuitions and presents the artworks which are alluring, intriguing, enchanting, moving, or simply overwhelming in their beauty.<\/p>\n<p>20.01<br \/>\nAgnieszka Brze\u017ca\u0144ska<br \/>\nTomasz Kowalski<br \/>\nSharon Lockhart<br \/>\nMarta Loboda<br \/>\nElisabeth Molin<br \/>\nRyan Moule<br \/>\nPaulina O\u0142owska<br \/>\nEva Vermandel<\/p>\n<p>Curator: Dominik Kury\u0142ek<br \/>\nOpening: 13 January 2016, 18:00<\/p>\n<p>&nbsp;<\/p>\n<p>| please scroll down for English version |<\/p>\n<p>Charytatywna Aukcja Sztuki<br \/>\nPoznawa\u0107, Dzia\u0142a\u0107, Dzieli\u0107 Si\u0119<br \/>\nFundacji Razem Pamoja<\/p>\n<p>27.01 | 19.00<br \/>\nCSW Zamek Ujazdowski, budynek Laboratorium<br \/>\nsala im. W. Krukowskiego<\/p>\n<p>24.01 | 18.00 \u2013 wernisa\u017c wystawy przedaukcyjnej<br \/>\n25.01 | 12.00-19.00 \u2013 oprowadzanie po wystawie<\/p>\n<p>Katalog aukcyjny:<\/p>\n<div class=\"issuuembed\" style=\"width: 525px; height: 371px;\" data-configid=\"0\/32955016\"><\/div>\n<p>&#8222;Fundacj\u0119 Razem Pamoja wsp\u00f3\u0142tworz\u0105 filozofowie, arty\u015bci, kuratorzy, osoby bardzo amatorsko my\u015bl\u0105ce o \u015bwiecie wsp\u00f3\u0142czesnym, kt\u00f3re doskonale wiedz\u0105, \u017ce w doros\u0142ym \u017cyciu taka postawa umo\u017cliwia wolno\u015b\u0107 od sprawdzonych rozwi\u0105za\u0144.<\/p>\n<p>Aktywno\u015b\u0107 Fundacji opiera si\u0119 przede wszystkim na intuicyjnych i idealistycznych odruchach, wynikaj\u0105cych z inspiracji atmosfer\u0105 lat siedemdziesi\u0105tych XX wieku, gdy ludzie na tej planecie mieli wra\u017cenie, \u017ce wi\u0119cej ich \u0142\u0105czy ni\u017c dzieli.<\/p>\n<p>Nasze dzia\u0142ania opisujemy mi\u0119kkimi s\u0142owami takimi jak \u201cedukacja wsp\u00f3\u0142pracy\u201d, albo has\u0142o \u201cPoznawa\u0107, Dzia\u0142a\u0107, Dzieli\u0107 si\u0119\u201d. Spo\u015br\u00f3d wszystkich efekt\u00f3w naszej dzia\u0142alno\u015bci musimy w tym miejscu wspomnie\u0107:<br \/>\n\u2013 wymian\u0119 murali pomi\u0119dzy szko\u0142ami w Kenii i w Polsce;<br \/>\n\u2013 stworzenie ksi\u0105\u017cki Ku Afryce KiP 2014;<br \/>\n\u2013 realizacj\u0119 projekt\u00f3w artystycznych w Ksi\u0119garni\/Wystawie w Krakowie (<a href=\"http:\/\/l.facebook.com\/l.php?u=http%3A%2F%2Fwww.xn--ksigarniawystawa-oec.pl%2F&amp;h=ZAQFc8ILU&amp;enc=AZNtkYp-6D3TTUftuYTLAEVrPAYB6KV5pqKiArkADFAlSBybJhClGzJHtqHwp65OxlY&amp;s=1\" target=\"_blank\" rel=\"nofollow nofollow\">www.ksi\u0119garniawystawa.pl<\/a>) oraz jej lustrzanym odbiciu Mathare Art Gallery w Nairobii w Kenii (<a href=\"http:\/\/www.facebook.com\/matharegallery\" rel=\"nofollow\">www.facebook.com\/<wbr \/>matharegallery<\/a>);<br \/>\n\u2013 fundowanie stypendi\u00f3w tworzonych dzi\u0119ki wsp\u00f3\u0142pracy kenijskich i polskich uczni\u00f3w i nauczycieli;<br \/>\n\u2013 wystawy instytucjonalne, jak na przyk\u0142ad Kombucha w Bunkrze Sztuki w Krakowie (2015) albo Co nowego pod s\u0142o\u0144cem \u2013 wsp\u00f3lny projekt Muzeum Etnograficznego w Krakowie oraz Nairobi National Museum (2014) w Kenii;<br \/>\n\u2013 wsp\u00f3\u0142prac\u0119 z wydawnictwami Le Monde diplomatiqe, Karakter, Zed Books oraz JRP Ringer.<\/p>\n<p>Wszystkie te mi\u0119kkie dzia\u0142ania rozumiemy jako aktywno\u015b\u0107 nie opieraj\u0105c\u0105 si\u0119 na dawaniu, zaw\u0142aszczaniu, dyktowaniu tylko wymianie, wsp\u00f3\u0142pracy, dialogu prowadzonym pomi\u0119dzy lud\u017ami mieszkaj\u0105cymi do\u015b\u0107 daleko od siebie.<\/p>\n<p>Arty\u015bci, kt\u00f3rzy podarowali swoje prac\u0119 Fundacji Razem Pamoja wsp\u00f3\u0142pracowali z ni\u0105 w tym paradygmacie lub b\u0119d\u0105 to robi\u0107 w niedalekiej przysz\u0142o\u015bci. Niekt\u00f3rzy z nich s\u0105 naszymi przyjaci\u00f3\u0142mi, po prostu ceni\u0105 styl dzia\u0142ania Razem Pamojy. Niekt\u00f3rzy s\u0105 przyjaci\u00f3\u0142mi naszych przyjaci\u00f3\u0142.<\/p>\n<p>Mamy nadziej\u0119, \u017ce zgromadzone prace stworz\u0105 na wystawie przedaukcyjnej etyczny assambla\u017c, a kupione przez Pa\u0144stwa dzie\u0142a b\u0119d\u0105 sprawia\u0107 Wam podw\u00f3jn\u0105 przyjemno\u015b\u0107, t\u0119 p\u0142yn\u0105c\u0105 z posiadania oraz t\u0119 p\u0142yn\u0105c\u0105 z dawania, natomiast nam wszystkim dadz\u0105 mo\u017cliwo\u015b\u0107 realizowania kolejnych artystycznych i spo\u0142ecznych dzia\u0142a\u0144 \u0142\u0105cz\u0105cych niewielkie fragmenty globalnego Po\u0142udnia i globalnej P\u00f3\u0142nocy.&#8221;<\/p>\n<p>Bartosz Przyby\u0142-O\u0142owski<br \/>\nFundacja Razem Pamoja<\/p>\n<p>Przyjmujemy zlecenia na aukcj\u0119.<br \/>\nW tym celu prosimy si\u0119 kontaktowa\u0107 telefonicznie lub mailowo:<br \/>\ntelefon: 508191742<br \/>\ne-mail: bart.raba@gmail.com<\/p>\n<p>Licytacja b\u0119dzie mo\u017cliwa tak\u017ce przez telefon.<br \/>\nZg\u0142oszenia prosimy kierowa\u0107 telefonicznie lub mailowo:<br \/>\ntelefon: 508191742<br \/>\ne-mail: bart.raba@gmail.com<\/p>\n<p>&#8211; &#8211; &#8211; &#8211; &#8211; &#8211; &#8211; &#8211; &#8211; &#8211; &#8211; &#8211; &#8211; &#8211; &#8211; &#8211; &#8211; &#8211; &#8211; &#8211; &#8211; &#8211; &#8211; &#8211; &#8211; &#8211; &#8211; &#8211; &#8211; &#8211; &#8211; &#8211; &#8211; &#8211; &#8211; &#8211; &#8211; &#8211; &#8211; &#8211; &#8211; &#8211; &#8211; &#8211; &#8211; &#8211; &#8211;<\/p>\n<p>Charitable Artwork Auction<br \/>\nLearning, Acting, Sharing<br \/>\nRazem Pamoja Foundation<\/p>\n<p>27.01 | 19.00<br \/>\nCenter for Contemporary Art Ujazdowski Castle,<br \/>\nWarsaw, Poland<\/p>\n<p>24.01 | 18.00 \u2013 opening of the pre-auction exhibition<br \/>\n25.01 | 12.00-19.00 \u2013 exhibition guided tours<\/p>\n<p>Auction catalogue:<br \/>\n<a href=\"http:\/\/l.facebook.com\/l.php?u=http%3A%2F%2Fissuu.com%2Ffundacjarazempamoja%2Fdocs%2Fkatalog_eng_&amp;h=iAQEbRzOi&amp;enc=AZNdVUEkEA3hbDMdDcy8Q-_E6BuVlJcTm0Gj9VE2jlxYlSuQRfeYbTHAPDd2BCTKus4&amp;s=1\" target=\"_blank\" rel=\"nofollow nofollow\">http:\/\/issuu.com\/<wbr \/>fundacjarazempamoja\/docs\/<wbr \/>katalog_eng_<\/a><\/p>\n<p>The Razem Pamoja Foundation is co-created by philosophers, artists, curators, amateur thinkers of the contemporary world, who know perfectly well that in adult life the thoughtful attitude guarantees freedom from the tried-and-tested solutions.<\/p>\n<p>The activities of the Foundation are primarily grounded in intuitive and idealist urges, derived from the inspiration with the atmosphere of the 1970s, when people of this planet had the impression that they shared more things in common than things that divide us.<\/p>\n<p>We describe our activities with such soft terms as \u201ceducating for co-operation\u201d, or with our motto: \u201cLearning, Acting, Sharing\u201d. Some of the results of our activities are well-worth mentioning here:<\/p>\n<p>&#8211; mural exchange between schools in Kenya and Poland;<br \/>\n&#8211; the making of the book Into Africa, KiP 2014;<br \/>\n&#8211; art projects organised at the Bookstore | Exhibition in Krakow (<a href=\"http:\/\/l.facebook.com\/l.php?u=http%3A%2F%2Fwww.xn--ksigarniawystawa-oec.pl%2F&amp;h=MAQGTjpnf&amp;enc=AZPcRV1EgF6wnf2b37-RJ3YL7g98JqzkYky2R44mWKEhFazMV0ZpV4agfoU4xPb5Kts&amp;s=1\" target=\"_blank\" rel=\"nofollow nofollow\">www.ksi\u0119garniawystawa.pl<\/a>) and its mirror space, the Mathare Art Gallery in Nairobi, Kenya (<a href=\"http:\/\/www.facebook.com\/matharegallery\" rel=\"nofollow\">www.facebook.com\/<wbr \/>matharegallery<\/a>);<br \/>\n&#8211; the funding of scholarships developed in co-operation of Kenyan and Polish students and teachers;<br \/>\n&#8211; exhibitions in established institutions e.g. Kombucha at the Bunkier Sztuki CAG in Krakow (2015) or What\u2019s New under the Sun, the joint project of the Seweryl Udziela Museum of Etnography in Krakow and the Nairobi National Museum (2014) in Kenya;<br \/>\n&#8211; our co-operation with the publishers: Le Monde Diplomatiqe, Karakter, Zed Books, and JRP Ringer.<\/p>\n<p>We understand all these soft actions to be activities based not on giving, appropriating, arranging, but on exchange, co-operation, dialogue held between people living at a considerable distance from each other.<\/p>\n<p>The artists who have donated their work to the Razem Pamoja Foundation co-operate with us according to the paradigm, or will shortly become our collaborators. Some of them are our friends and simply appreciate the Razem Pamoja style of acting. Some are our friends\u2019 friends.<\/p>\n<p>We hope that all the donated works will create an ethical assemblage in our pre-auction exhibition, and the work which you decide to purchase will be a source of a double pleasure, one arising from owning the work and another \u2013 from sharing; and that they will provide for the opportunity of organising the following art and social actions, connecting small fragments of the global South and the global North.<\/p>\n<p>Bartosz Przyby\u0142-O\u0142owski<br \/>\nRazem Pamoja Foundation<\/p>\n<p>We are accepting your orders.<br \/>\nTo place your order, please, call or e-mail:<br \/>\nphone: +48 508191742<br \/>\ne-mail: bart.raba@gmail.com<\/p>\n<p>Bidding by phone is also available.<br \/>\nTo arrange bidding by phone, please, call or e-mail:<br \/>\nphone: +48 508191742<br \/>\ne-mail: bart.raba@gmail.com<\/p>\n","protected":false},"excerpt":{"rendered":"<p>| please scroll down for English version | Prezentacja zorganizowana w Ksi\u0119garni | Wystawie &#8211; galerii&hellip;<\/p>\n","protected":false},"author":1,"featured_media":635,"comment_status":"closed","ping_status":"open","sticky":false,"template":"","format":"standard","meta":{"footnotes":""},"categories":[1,6,8],"tags":[],"class_list":["post-634","post","type-post","status-publish","format-standard","has-post-thumbnail","hentry","category-bez-kategorii","category-events","category-news"],"_links":{"self":[{"href":"https:\/\/agatakus.pl\/index.php?rest_route=\/wp\/v2\/posts\/634","targetHints":{"allow":["GET"]}}],"collection":[{"href":"https:\/\/agatakus.pl\/index.php?rest_route=\/wp\/v2\/posts"}],"about":[{"href":"https:\/\/agatakus.pl\/index.php?rest_route=\/wp\/v2\/types\/post"}],"author":[{"embeddable":true,"href":"https:\/\/agatakus.pl\/index.php?rest_route=\/wp\/v2\/users\/1"}],"replies":[{"embeddable":true,"href":"https:\/\/agatakus.pl\/index.php?rest_route=%2Fwp%2Fv2%2Fcomments&post=634"}],"version-history":[{"count":3,"href":"https:\/\/agatakus.pl\/index.php?rest_route=\/wp\/v2\/posts\/634\/revisions"}],"predecessor-version":[{"id":686,"href":"https:\/\/agatakus.pl\/index.php?rest_route=\/wp\/v2\/posts\/634\/revisions\/686"}],"wp:featuredmedia":[{"embeddable":true,"href":"https:\/\/agatakus.pl\/index.php?rest_route=\/wp\/v2\/media\/635"}],"wp:attachment":[{"href":"https:\/\/agatakus.pl\/index.php?rest_route=%2Fwp%2Fv2%2Fmedia&parent=634"}],"wp:term":[{"taxonomy":"category","embeddable":true,"href":"https:\/\/agatakus.pl\/index.php?rest_route=%2Fwp%2Fv2%2Fcategories&post=634"},{"taxonomy":"post_tag","embeddable":true,"href":"https:\/\/agatakus.pl\/index.php?rest_route=%2Fwp%2Fv2%2Ftags&post=634"}],"curies":[{"name":"wp","href":"https:\/\/api.w.org\/{rel}","templated":true}]}}